{"id":131270,"date":"2026-01-02T05:44:12","date_gmt":"2026-01-02T05:44:12","guid":{"rendered":"https:\/\/www.europesays.com\/fi\/131270\/"},"modified":"2026-01-02T05:44:12","modified_gmt":"2026-01-02T05:44:12","slug":"ts-yhtyman-mikko-ketonen-on-kuollut-80-vuotiaana-uutissuomalainen","status":"publish","type":"post","link":"https:\/\/www.europesays.com\/fi\/131270\/","title":{"rendered":"TS-Yhtym\u00e4n Mikko Ketonen on kuollut 80-vuotiaana | Uutissuomalainen"},"content":{"rendered":"<p>TS-Yhtym\u00e4n palveluksessa vuosikymmeni\u00e4 toiminut toimitusjohtaja Mikko Ketonen on kuollut. Asiasta kertoi <a href=\"https:\/\/www.ts.fi\/uutiset\/6863927\" rel=\"nofollow noopener\" target=\"_blank\">Turun Sanomat<\/a> torstaina.<\/p>\n<p>Lehden mukaan Ketonen kuoli keskiviikkoiltana. Ketonen oli kuollessaan 80-vuotias. H\u00e4n oli Turun Sanomien ja TS-Yhtym\u00e4n palveluksessa eri johtoteht\u00e4viss\u00e4 1960-luvun lopusta alkaen.<\/p>\n<p>H\u00e4n toimi my\u00f6s pitk\u00e4\u00e4n Ruotsin konsulina Turussa.<\/p>\n<p>Ketonen el\u00e4k\u00f6ityi perheyrityksest\u00e4 vuonna 2012.<\/p>\n<p>TS-Yhtym\u00e4 on varsinaissuomalainen viestint\u00e4konserni, jonka p\u00e4\u00e4toimialat ovatkustannustoiminta sek\u00e4 viestint\u00e4- ja painopalvelut. Yhtym\u00e4n sanomalehti\u00e4 ovat muun muassa Turun Sanomat ja Salon Seudun Sanomat.<\/p>\n","protected":false},"excerpt":{"rendered":"TS-Yhtym\u00e4n palveluksessa vuosikymmeni\u00e4 toiminut toimitusjohtaja Mikko Ketonen on kuollut. Asiasta kertoi Turun Sanomat torstaina. Lehden mukaan Ketonen kuoli&hellip;\n","protected":false},"author":2,"featured_media":131271,"comment_status":"","ping_status":"","sticky":false,"template":"","format":"standard","meta":{"footnotes":""},"categories":[12],"tags":[22,23,26,27,33,31,30,17,2455,1511,683,3595,24,25,28,29,1616,15,18,21,32,19,20,662,860,16],"class_list":{"0":"post-131270","1":"post","2":"type-post","3":"status-publish","4":"format-standard","5":"has-post-thumbnail","7":"category-suomi","8":"tag-breaking-news","9":"tag-breakingnews","10":"tag-featured-news","11":"tag-featurednews","12":"tag-fi","13":"tag-finland","14":"tag-finnish","15":"tag-headlines","16":"tag-hengenvaara-ja-loukkaantuminen","17":"tag-joukkoviestinta","18":"tag-kuolema","19":"tag-kustantaminen","20":"tag-latest-news","21":"tag-latestnews","22":"tag-main-news","23":"tag-mainnews","24":"tag-media-viestinta","25":"tag-news","26":"tag-otsikot","27":"tag-paauutiset","28":"tag-suomi","29":"tag-top-stories","30":"tag-topstories","31":"tag-turku","32":"tag-tyoelama","33":"tag-uutiset"},"share_on_mastodon":{"url":"https:\/\/pubeurope.com\/@fi\/115823919985201486","error":""},"_links":{"self":[{"href":"https:\/\/www.europesays.com\/fi\/wp-json\/wp\/v2\/posts\/131270","targetHints":{"allow":["GET"]}}],"collection":[{"href":"https:\/\/www.europesays.com\/fi\/wp-json\/wp\/v2\/posts"}],"about":[{"href":"https:\/\/www.europesays.com\/fi\/wp-json\/wp\/v2\/types\/post"}],"author":[{"embeddable":true,"href":"https:\/\/www.europesays.com\/fi\/wp-json\/wp\/v2\/users\/2"}],"replies":[{"embeddable":true,"href":"https:\/\/www.europesays.com\/fi\/wp-json\/wp\/v2\/comments?post=131270"}],"version-history":[{"count":0,"href":"https:\/\/www.europesays.com\/fi\/wp-json\/wp\/v2\/posts\/131270\/revisions"}],"wp:featuredmedia":[{"embeddable":true,"href":"https:\/\/www.europesays.com\/fi\/wp-json\/wp\/v2\/media\/131271"}],"wp:attachment":[{"href":"https:\/\/www.europesays.com\/fi\/wp-json\/wp\/v2\/media?parent=131270"}],"wp:term":[{"taxonomy":"category","embeddable":true,"href":"https:\/\/www.europesays.com\/fi\/wp-json\/wp\/v2\/categories?post=131270"},{"taxonomy":"post_tag","embeddable":true,"href":"https:\/\/www.europesays.com\/fi\/wp-json\/wp\/v2\/tags?post=131270"}],"curies":[{"name":"wp","href":"https:\/\/api.w.org\/{rel}","templated":true}]}}