{"id":131279,"date":"2026-01-02T06:09:06","date_gmt":"2026-01-02T06:09:06","guid":{"rendered":"https:\/\/www.europesays.com\/fi\/131279\/"},"modified":"2026-01-02T06:09:06","modified_gmt":"2026-01-02T06:09:06","slug":"puuman-epaillaan-tappaneen-vaeltajan-coloradossa-uutisia-lyhyesti","status":"publish","type":"post","link":"https:\/\/www.europesays.com\/fi\/131279\/","title":{"rendered":"Puuman ep\u00e4ill\u00e4\u00e4n tappaneen vaeltajan Coloradossa | Uutisia lyhyesti"},"content":{"rendered":"<p class=\"aw-1gybjub aw-1p7kakr kEtdKx cEmitX yle__article__paragraph\">Puuman ep\u00e4ill\u00e4\u00e4n tappaneen vaeltajan Yhdysvaltain Coloradossa, kertoo AP.<\/p>\n<p class=\"aw-1gybjub aw-1p7kakr kEtdKx cEmitX yle__article__paragraph\">Nainen oli vaeltamassa yksin Pohjois-Coloradon vuoristossa torstaina. Kyseess\u00e4 oli ensimm\u00e4inen tappava puuman hy\u00f6kk\u00e4ys osavaltiossa yli 25 vuoteen.<\/p>\n<p class=\"aw-1gybjub aw-1p7kakr kEtdKx cEmitX yle__article__paragraph\">Ruumiin l\u00f6ysiv\u00e4t kaksi my\u00f6hemmin alueelle tullutta vaeltajaa.<\/p>\n<p class=\"aw-1gybjub aw-1p7kakr kEtdKx cEmitX yle__article__paragraph\">Edellinen ep\u00e4ilty kuolemaan johtanut puuman hy\u00f6kk\u00e4ys tapahtui Coloradossa vuonna 1999. Kaliforniassa puuma surmasi ihmisen viime vuonna.<\/p>\n<p class=\"aw-1gybjub aw-1p7kakr kEtdKx cEmitX yle__article__paragraph\">Puumat voivat kasvaa Yhdysvalloissa l\u00e4hes kahden metrin mittaisiksi ja painaa jopa 60 kiloa.<\/p>\n<p class=\"aw-1gybjub aw-1p7kakr kEtdKx cEmitX yle__article__paragraph\">Coloradossa arvioidaan olevan 3\u00a0800\u20134\u00a0400 puumaa. Ne luokitellaan suurriistaksi ja niiden mets\u00e4stys on sallittua.<\/p>\n","protected":false},"excerpt":{"rendered":"Puuman ep\u00e4ill\u00e4\u00e4n tappaneen vaeltajan Yhdysvaltain Coloradossa, kertoo AP. Nainen oli vaeltamassa yksin Pohjois-Coloradon vuoristossa torstaina. Kyseess\u00e4 oli ensimm\u00e4inen&hellip;\n","protected":false},"author":2,"featured_media":131280,"comment_status":"","ping_status":"","sticky":false,"template":"","format":"standard","meta":{"footnotes":""},"categories":[14],"tags":[22,23,23221,404,26,27,33,31,30,17,9573,683,24,25,28,29,479,15,18,21,2542,32,19,20,56,16,59,60,61],"class_list":{"0":"post-131279","1":"post","2":"type-post","3":"status-publish","4":"format-standard","5":"has-post-thumbnail","7":"category-ulkomaat","8":"tag-breaking-news","9":"tag-breakingnews","10":"tag-colorado","11":"tag-elaimet","12":"tag-featured-news","13":"tag-featurednews","14":"tag-fi","15":"tag-finland","16":"tag-finnish","17":"tag-headlines","18":"tag-kansallispuistot","19":"tag-kuolema","20":"tag-latest-news","21":"tag-latestnews","22":"tag-main-news","23":"tag-mainnews","24":"tag-metsastys","25":"tag-news","26":"tag-otsikot","27":"tag-paauutiset","28":"tag-retkeily","29":"tag-suomi","30":"tag-top-stories","31":"tag-topstories","32":"tag-ulkomaat","33":"tag-uutiset","34":"tag-world","35":"tag-world-news","36":"tag-worldnews"},"share_on_mastodon":{"url":"https:\/\/pubeurope.com\/@fi\/115824018221207131","error":""},"_links":{"self":[{"href":"https:\/\/www.europesays.com\/fi\/wp-json\/wp\/v2\/posts\/131279","targetHints":{"allow":["GET"]}}],"collection":[{"href":"https:\/\/www.europesays.com\/fi\/wp-json\/wp\/v2\/posts"}],"about":[{"href":"https:\/\/www.europesays.com\/fi\/wp-json\/wp\/v2\/types\/post"}],"author":[{"embeddable":true,"href":"https:\/\/www.europesays.com\/fi\/wp-json\/wp\/v2\/users\/2"}],"replies":[{"embeddable":true,"href":"https:\/\/www.europesays.com\/fi\/wp-json\/wp\/v2\/comments?post=131279"}],"version-history":[{"count":0,"href":"https:\/\/www.europesays.com\/fi\/wp-json\/wp\/v2\/posts\/131279\/revisions"}],"wp:featuredmedia":[{"embeddable":true,"href":"https:\/\/www.europesays.com\/fi\/wp-json\/wp\/v2\/media\/131280"}],"wp:attachment":[{"href":"https:\/\/www.europesays.com\/fi\/wp-json\/wp\/v2\/media?parent=131279"}],"wp:term":[{"taxonomy":"category","embeddable":true,"href":"https:\/\/www.europesays.com\/fi\/wp-json\/wp\/v2\/categories?post=131279"},{"taxonomy":"post_tag","embeddable":true,"href":"https:\/\/www.europesays.com\/fi\/wp-json\/wp\/v2\/tags?post=131279"}],"curies":[{"name":"wp","href":"https:\/\/api.w.org\/{rel}","templated":true}]}}