{"id":131320,"date":"2026-01-02T07:16:13","date_gmt":"2026-01-02T07:16:13","guid":{"rendered":"https:\/\/www.europesays.com\/fi\/131320\/"},"modified":"2026-01-02T07:16:13","modified_gmt":"2026-01-02T07:16:13","slug":"yllatys-pollolaakson-aavekorttelissa-vain-yksi-asia-jatettiin-paikoilleen-paikalliset","status":"publish","type":"post","link":"https:\/\/www.europesays.com\/fi\/131320\/","title":{"rendered":"Yll\u00e4tys P\u00f6ll\u00f6laakson aavekorttelissa \u2013 vain yksi asia j\u00e4tettiin paikoilleen | Paikalliset"},"content":{"rendered":"<p>MTV:n entinen p\u00e4\u00e4toimipiste purettiin L\u00e4nsi-Pasilasta kaksi vuotta sitten. Entisen P\u00f6ll\u00f6laakson tyhj\u00e4ll\u00e4 tontilla n\u00f6k\u00f6tt\u00e4\u00e4 kuitenkin yll\u00e4tys. Pienen kalliokumpareen p\u00e4\u00e4ll\u00e4 on patsas, joka kuvaa leijaa lenn\u00e4tt\u00e4v\u00e4\u00e4 hahmoa.<\/p>\n<p>Kyseess\u00e4 on <strong>Kari Juvan <\/strong>Ilmatar-veistos, joka on valmistunut vuonna 1983.<\/p>\n<p>\u2013\u2009Patsas on kuulunut MTV:lle ja sen omistus on siirtynyt Skanskalle sen ostettua alueen. Patsas on tarkoitus j\u00e4tt\u00e4\u00e4 paikalleen korttelin tulevien asukkaiden iloksi, Skanskan toimialajohtaja <strong>Juhani Aspara<\/strong> kertoo Helsingin Uutisille.<\/p>\n<p>Skanskan on tarkoitus rakentaa alueelle asuintaloja. HU kertoi joulukuussa, ett\u00e4 rakentaminen on viiv\u00e4stynyt <a href=\"https:\/\/www.helsinginuutiset.fi\/teemat\/9091333\" rel=\"nofollow noopener\" target=\"_blank\">asuntojen heikon kysynn\u00e4n vuoksi<\/a>.<\/p>\n<p>Vaikka Ilmatar ei kuulu Helsingin taidemuseo HAMin kokoelmiin, on patsas esitelty museon <a href=\"https:\/\/www.hamhelsinki.fi\/veistos\/ilmatar\/\" rel=\"nofollow noopener\" target=\"_blank\">verkkosivuilla<\/a>.<\/p>\n<p>\u2013\u2009Veistos kuvaa Kalevalan myyttist\u00e4 taruhahmoa Ilmatarta Ilman impe\u00e4, V\u00e4in\u00e4m\u00f6isen \u00e4iti\u00e4.<\/p>\n<p>Veistoksen alkuper\u00e4iseksi paikaksi kerrotaan Ilmalantori.<\/p>\n<p>Helsingin kalevalaiset naiset<a href=\"https:\/\/www.hkn.fi\/fi\/helsingin-kalevalaiset-patsaat\/ilmatar\/\" rel=\"nofollow noopener\" target=\"_blank\"> pit\u00e4\u00e4 herkk\u00e4linjaista teosta <\/a>yhten\u00e4 &#8221;Helsingin tuntemattomiksi j\u00e4\u00e4neist\u00e4 julkisista patsaista.&#8221;<\/p>\n<p>\t\t<a class=\"diks-gallery__link\" href=\"https:\/\/i.media.fi\/incoming\/bu9i7a\/11179800.jpg\/alternates\/FREE_1440\/11179800.jpg\" data-thumbnail=\"\" data-sub-html=\"Entinen P\u00f6ll\u00f6laakso on t\u00e4ysin tyhj\u00e4. Patsas on alareunassa olevien konttien ja m\u00e4nnyn luona. Kuva marraskuulta 2025. Mikko Huisko\" aria-label=\"Katso isompi kuva\" rel=\"nofollow noopener\" target=\"_blank\"><br \/>\n\t\t\t\t<img class=\"diks-figure__image\" src=\"https:\/\/www.europesays.com\/fi\/wp-content\/uploads\/2026\/01\/11179800.jpg\" loading=\"lazy\" decoding=\"sync\" alt=\"\"\/><\/p>\n<p>\t\t\t<\/a><br \/>\n\t\t\t\t\tEntinen P\u00f6ll\u00f6laakso on t\u00e4ysin tyhj\u00e4. Patsas on alareunassa olevien konttien ja m\u00e4nnyn luona. Kuva marraskuulta 2025. Mikko Huisko<\/p>\n<p>Kari Juvan muita julkisia taideteoksia ovat muun muassa Thalia ja Pegasos Kalliossa, Tannerin portti S\u00f6rn\u00e4isiss\u00e4 ja Lukusali T\u00f6\u00f6l\u00f6ss\u00e4.<\/p>\n<p><strong>Kuva alla: <\/strong><\/p>\n<p>Teos n\u00e4kyy vanhassa valokuvassa m\u00e4nnyn juurella kahden rakennuksen v\u00e4liss\u00e4. Takana on Ilmalan vesitorni. Osoite on Kuuluttajankatu 7.<\/p>\n<p>\t\t\t\t\t<img class=\"diks-card__image\" src=\"https:\/\/www.europesays.com\/fi\/wp-content\/uploads\/2026\/01\/11179803.jpg\"   loading=\"lazy\" decoding=\"sync\" alt=\"\"\/><\/p>\n<p>\t\t\t\t\t<img class=\"diks-card__image\" src=\"https:\/\/www.europesays.com\/fi\/wp-content\/uploads\/2026\/01\/11077595.jpg\"   loading=\"lazy\" decoding=\"sync\" alt=\"\"\/><\/p>\n<p>\t\t\t\t\t<img class=\"diks-card__image\" src=\"https:\/\/www.europesays.com\/fi\/wp-content\/uploads\/2026\/01\/10857689.jpg\"   loading=\"lazy\" decoding=\"sync\" alt=\"\"\/><\/p>\n<p>\t\t\t\t\t<img class=\"diks-card__image\" src=\"https:\/\/www.europesays.com\/fi\/wp-content\/uploads\/2026\/01\/11077642.jpg\"   loading=\"lazy\" decoding=\"sync\" alt=\"\"\/><\/p>\n<p>\t\t\t\t\t<img class=\"diks-card__image\" src=\"https:\/\/www.europesays.com\/fi\/wp-content\/uploads\/2026\/01\/10468587.jpg\"   loading=\"lazy\" decoding=\"sync\" alt=\"\"\/><\/p>\n<p>\t\t\t\t\t<img class=\"diks-card__image\" src=\"https:\/\/www.europesays.com\/fi\/wp-content\/uploads\/2026\/01\/11194217.jpg\"   loading=\"lazy\" decoding=\"sync\" alt=\"\"\/><\/p>\n<p>\t\t\t\t\t<img class=\"diks-card__image\" src=\"https:\/\/www.europesays.com\/fi\/wp-content\/uploads\/2026\/01\/11066179.jpg\"   loading=\"lazy\" decoding=\"sync\" alt=\"\"\/><\/p>\n<p>\t\t\t\t\t<img class=\"diks-card__image\" src=\"https:\/\/www.europesays.com\/fi\/wp-content\/uploads\/2026\/01\/11158190.jpg\"   loading=\"lazy\" decoding=\"sync\" alt=\"\"\/><\/p>\n","protected":false},"excerpt":{"rendered":"MTV:n entinen p\u00e4\u00e4toimipiste purettiin L\u00e4nsi-Pasilasta kaksi vuotta sitten. Entisen P\u00f6ll\u00f6laakson tyhj\u00e4ll\u00e4 tontilla n\u00f6k\u00f6tt\u00e4\u00e4 kuitenkin yll\u00e4tys. Pienen kalliokumpareen p\u00e4\u00e4ll\u00e4&hellip;\n","protected":false},"author":2,"featured_media":131321,"comment_status":"","ping_status":"","sticky":false,"template":"","format":"standard","meta":{"footnotes":""},"categories":[135],"tags":[389,387,388,390,137,33,31,30,13375,104,524,402,32,394,485,484,393,391,392,2599,109],"class_list":{"0":"post-131320","1":"post","2":"type-post","3":"status-publish","4":"format-standard","5":"has-post-thumbnail","7":"category-taiteet-ja-suunnittelu","8":"tag-arts","9":"tag-arts-and-design","10":"tag-artsanddesign","11":"tag-design","12":"tag-entertainment","13":"tag-fi","14":"tag-finland","15":"tag-finnish","16":"tag-helsingin-taidemuseo","17":"tag-helsinki","18":"tag-kulttuuri-ja-taidetapahtumat-ja-nayttelyt","19":"tag-rakentaminen-kiinteistot","20":"tag-suomi","21":"tag-suunnittelu","22":"tag-taide-yleista","23":"tag-taiteellinen-ilmaisu-ja-mediat","24":"tag-taiteet","25":"tag-taiteet-ja-suunnittelu","26":"tag-taiteetsuunnittelu","27":"tag-tapahtumat-ja-tapahtumatiedot","28":"tag-viihde"},"share_on_mastodon":{"url":"https:\/\/pubeurope.com\/@fi\/115824281797782282","error":""},"_links":{"self":[{"href":"https:\/\/www.europesays.com\/fi\/wp-json\/wp\/v2\/posts\/131320","targetHints":{"allow":["GET"]}}],"collection":[{"href":"https:\/\/www.europesays.com\/fi\/wp-json\/wp\/v2\/posts"}],"about":[{"href":"https:\/\/www.europesays.com\/fi\/wp-json\/wp\/v2\/types\/post"}],"author":[{"embeddable":true,"href":"https:\/\/www.europesays.com\/fi\/wp-json\/wp\/v2\/users\/2"}],"replies":[{"embeddable":true,"href":"https:\/\/www.europesays.com\/fi\/wp-json\/wp\/v2\/comments?post=131320"}],"version-history":[{"count":0,"href":"https:\/\/www.europesays.com\/fi\/wp-json\/wp\/v2\/posts\/131320\/revisions"}],"wp:featuredmedia":[{"embeddable":true,"href":"https:\/\/www.europesays.com\/fi\/wp-json\/wp\/v2\/media\/131321"}],"wp:attachment":[{"href":"https:\/\/www.europesays.com\/fi\/wp-json\/wp\/v2\/media?parent=131320"}],"wp:term":[{"taxonomy":"category","embeddable":true,"href":"https:\/\/www.europesays.com\/fi\/wp-json\/wp\/v2\/categories?post=131320"},{"taxonomy":"post_tag","embeddable":true,"href":"https:\/\/www.europesays.com\/fi\/wp-json\/wp\/v2\/tags?post=131320"}],"curies":[{"name":"wp","href":"https:\/\/api.w.org\/{rel}","templated":true}]}}