{"id":131334,"date":"2026-01-02T07:30:09","date_gmt":"2026-01-02T07:30:09","guid":{"rendered":"https:\/\/www.europesays.com\/fi\/131334\/"},"modified":"2026-01-02T07:30:09","modified_gmt":"2026-01-02T07:30:09","slug":"sudenmetsastys-on-alkanut-kaadoilla-sotkamossa-ja-haapavedella-kainuu","status":"publish","type":"post","link":"https:\/\/www.europesays.com\/fi\/131334\/","title":{"rendered":"Sudenmets\u00e4stys on alkanut kaadoilla Sotkamossa ja Haapavedell\u00e4 | Kainuu"},"content":{"rendered":"<p class=\"aw-1gybjub aw-5vja16 kEtdKx kmuxyA yle__article__paragraph\">Kiinti\u00f6\u00f6n perustuva mets\u00e4stys jatkuu 10. helmikuuta asti, mutta p\u00e4\u00e4ttyy kullakin alueella heti, kun luvan susim\u00e4\u00e4r\u00e4 t\u00e4yttyy.<\/p>\n<p><img decoding=\"async\" alt=\"Kartta - Suomen riistakeskuksen esitys suden kiinti\u00f6mets\u00e4styksest\u00e4\" src=\"https:\/\/www.europesays.com\/fi\/wp-content\/uploads\/2025\/11\/39-155892469257e8dc2c12.jpeg\" class=\"aw-1l9m598 hKVVvP\"\/><\/p>\n<p>Avaa kuvien katselu<\/p>\n<p>Suden kiinti\u00f6mets\u00e4stysalueet Suomessa. Kuva: Jouni Koutonen \/ Yle, Mapcreator, Openstreetmap<\/p>\n<p class=\"aw-1gybjub aw-1p7kakr kEtdKx cEmitX yle__article__paragraph\">Kiinti\u00f6\u00f6n perustuva sudenmets\u00e4stys on alkanut my\u00f6s Kainuussa ja Pohjois-Pohjanmaalla.<\/p>\n<p class=\"aw-1gybjub aw-1p7kakr kEtdKx cEmitX yle__article__paragraph\">Nivalan kiinti\u00f6alueella Haapavedell\u00e4 kaadettiin torstaina susiuros ja susinaaras. Vuosangan kiinti\u00f6alueella Sotkamossa kaadettiin torstaina susiuros.<\/p>\n<p class=\"aw-1gybjub aw-1p7kakr kEtdKx cEmitX yle__article__paragraph\">Nivalan kiinti\u00f6alue kattaa osia Nivalasta, Haapavedest\u00e4, Oulaisista ja Ylivieskasta, ja alueella on lupa kaataa yhteens\u00e4 nelj\u00e4 sutta. Alueen susilauman poistamisen peruste on, ett\u00e4 laumassa on l\u00e4hisukulaisuutta eli sis\u00e4siittoisuutta.<\/p>\n<p class=\"aw-1gybjub aw-1p7kakr kEtdKx cEmitX yle__article__paragraph\">Vuosangan kiinti\u00f6alue ulottuu Sotkamon, Ristij\u00e4rven ja Kuhmon alueille. Alueella on lupa ampua yhteens\u00e4 kuusi sutta.<\/p>\n<p class=\"aw-1gybjub aw-1p7kakr kEtdKx cEmitX yle__article__paragraph\">Vuosangan kiinti\u00f6alueella suden mets\u00e4stys kohdistuu kokonaiseen susilaumaan, joka on tarkoitus poistaa alueelta mets\u00e4peuran elinolojen parantamiseksi.<\/p>\n<p class=\"aw-1gybjub aw-1p7kakr kEtdKx cEmitX yle__article__paragraph\">Kainuun ja Pohjois-Pohjanmaan kolmas kiinti\u00f6alue Pahkavaara ulottuu Puolangan, Utaj\u00e4rven ja Vaalan alueille. Siell\u00e4 saa mets\u00e4st\u00e4\u00e4 viisi sutta, mutta saalista ei ole viel\u00e4 saatu.<\/p>\n<p class=\"aw-1gybjub aw-1p7kakr kEtdKx cEmitX yle__article__paragraph\">My\u00f6s Pahkavaaran susilauma poistetaan mets\u00e4peurojen suojelemiseksi.<\/p>\n<p class=\"aw-1gybjub aw-1p7kakr kEtdKx cEmitX yle__article__paragraph\">Lupia on my\u00f6nnetty Suomessa vuoden alusta 16 alueelle, miss\u00e4 suden aiheuttamat haasteet ovat suurimmat.<\/p>\n<p>Suden mets\u00e4styksen kiinti\u00f6alueet vuonna 2026<\/p>\n<p class=\"aw-1gybjub aw-1p7kakr kEtdKx cEmitX yle__article__paragraph\">\u2022 Pahkavaara, 5 (mets\u00e4peura)<\/p>\n<p class=\"aw-1gybjub aw-1p7kakr kEtdKx cEmitX yle__article__paragraph\">\u2022 Vuosanka, 6 (mets\u00e4peura)<\/p>\n<p class=\"aw-1gybjub aw-1p7kakr kEtdKx cEmitX yle__article__paragraph\">\u2022 Nivala, 4 (l\u00e4hisukulaisuus)<\/p>\n<p class=\"aw-1gybjub aw-1p7kakr kEtdKx cEmitX yle__article__paragraph\">\u2022 Kaskinen\u2013N\u00e4rpi\u00f6, 8 (koirasudet, vahingot)<\/p>\n<p class=\"aw-1gybjub aw-1p7kakr kEtdKx cEmitX yle__article__paragraph\">\u2022 Peurainneva, 6 (koirasudet)<\/p>\n<p class=\"aw-1gybjub aw-1p7kakr kEtdKx cEmitX yle__article__paragraph\">\u2022 Lauhanvuori, 6 (mets\u00e4peura, vahingot)<\/p>\n<p class=\"aw-1gybjub aw-1p7kakr kEtdKx cEmitX yle__article__paragraph\">\u2022 Eurajoki, 6 (vahingot)<\/p>\n<p class=\"aw-1gybjub aw-1p7kakr kEtdKx cEmitX yle__article__paragraph\">\u2022 Rekikoski, 6 (turvallisuus, vahingot)<\/p>\n<p class=\"aw-1gybjub aw-1p7kakr kEtdKx cEmitX yle__article__paragraph\">\u2022 K\u00f6yli\u00f6, 3 (turvallisuus)<\/p>\n<p class=\"aw-1gybjub aw-1p7kakr kEtdKx cEmitX yle__article__paragraph\">\u2022 Humppila, 8 (turvallisuus, vahingot)<\/p>\n<p class=\"aw-1gybjub aw-1p7kakr kEtdKx cEmitX yle__article__paragraph\">\u2022 Kustavi, 7 (turvallisuus, vahingot)<\/p>\n<p class=\"aw-1gybjub aw-1p7kakr kEtdKx cEmitX yle__article__paragraph\">\u2022 Aura\u2013Paimio, 13 (turvallisuus, vahingot)<\/p>\n<p class=\"aw-1gybjub aw-1p7kakr kEtdKx cEmitX yle__article__paragraph\">\u2022 Kyt\u00e4j\u00e4, 2 (koirasudet, turvallisuus)<\/p>\n<p class=\"aw-1gybjub aw-1p7kakr kEtdKx cEmitX yle__article__paragraph\">\u2022 Nurmij\u00e4rvi, 6 (turvallisuus)<\/p>\n<p class=\"aw-1gybjub aw-1p7kakr kEtdKx cEmitX yle__article__paragraph\">\u2022 Tohmaj\u00e4rvi\u2013Kitee, 4 (vahingot, turvallisuus)<\/p>\n<p class=\"aw-1gybjub aw-1p7kakr kEtdKx cEmitX yle__article__paragraph\">\u2022 Kaakkois-Suomi, 10 (koirasudet)<\/p>\n<p class=\"aw-1gybjub aw-1p7kakr kEtdKx cEmitX yle__article__paragraph\">Sutta saa mets\u00e4st\u00e4\u00e4 10. helmikuuta saakka, mutta mets\u00e4stys p\u00e4\u00e4ttyy kiinti\u00f6alueella heti, kun luvan mukainen m\u00e4\u00e4r\u00e4 susia on saatu mets\u00e4stetty\u00e4.<\/p>\n<p class=\"aw-1gybjub aw-1p7kakr kEtdKx cEmitX yle__article__paragraph\">Jokaisesta kaadetusta sudesta on toimitettava DNA-n\u00e4yte Luonnonvarakeskukselle 14 vuorokauden kuluessa. Mets\u00e4st\u00e4j\u00e4n on ilmoitettava kaadosta viipym\u00e4tt\u00e4 ja sovittava n\u00e4ytteiden toimituksesta Luken kanssa.<\/p>\n<p class=\"aw-1gybjub aw-1p7kakr kEtdKx cEmitX yle__article__paragraph\">Luke pyyt\u00e4\u00e4 mets\u00e4st\u00e4ji\u00e4 toimittamaan saaliksi saadut sudet nyljettyin\u00e4, naaraat kokonaisina ja uroksista pelk\u00e4n p\u00e4\u00e4n.<\/p>\n","protected":false},"excerpt":{"rendered":"Kiinti\u00f6\u00f6n perustuva mets\u00e4stys jatkuu 10. helmikuuta asti, mutta p\u00e4\u00e4ttyy kullakin alueella heti, kun luvan susim\u00e4\u00e4r\u00e4 t\u00e4yttyy. Avaa kuvien&hellip;\n","protected":false},"author":2,"featured_media":131335,"comment_status":"","ping_status":"","sticky":false,"template":"","format":"standard","meta":{"footnotes":""},"categories":[117],"tags":[33,31,30,8722,723,2228,72,479,476,989,12434,728,724,118,1988,32,4237,119,477,17298],"class_list":{"0":"post-131334","1":"post","2":"type-post","3":"status-publish","4":"format-standard","5":"has-post-thumbnail","7":"category-luonto","8":"tag-fi","9":"tag-finland","10":"tag-finnish","11":"tag-haapavesi","12":"tag-kainuu","13":"tag-kuhmo","14":"tag-luonto","15":"tag-metsastys","16":"tag-nature","17":"tag-nivala","18":"tag-oulainen","19":"tag-pohjois-pohjanmaa","20":"tag-ristijarvi","21":"tag-science","22":"tag-sotkamo","23":"tag-suomi","24":"tag-susi","25":"tag-tiede","26":"tag-wildlife","27":"tag-ylivieska"},"share_on_mastodon":{"url":"https:\/\/pubeurope.com\/@fi\/115824336754575273","error":""},"_links":{"self":[{"href":"https:\/\/www.europesays.com\/fi\/wp-json\/wp\/v2\/posts\/131334","targetHints":{"allow":["GET"]}}],"collection":[{"href":"https:\/\/www.europesays.com\/fi\/wp-json\/wp\/v2\/posts"}],"about":[{"href":"https:\/\/www.europesays.com\/fi\/wp-json\/wp\/v2\/types\/post"}],"author":[{"embeddable":true,"href":"https:\/\/www.europesays.com\/fi\/wp-json\/wp\/v2\/users\/2"}],"replies":[{"embeddable":true,"href":"https:\/\/www.europesays.com\/fi\/wp-json\/wp\/v2\/comments?post=131334"}],"version-history":[{"count":0,"href":"https:\/\/www.europesays.com\/fi\/wp-json\/wp\/v2\/posts\/131334\/revisions"}],"wp:featuredmedia":[{"embeddable":true,"href":"https:\/\/www.europesays.com\/fi\/wp-json\/wp\/v2\/media\/131335"}],"wp:attachment":[{"href":"https:\/\/www.europesays.com\/fi\/wp-json\/wp\/v2\/media?parent=131334"}],"wp:term":[{"taxonomy":"category","embeddable":true,"href":"https:\/\/www.europesays.com\/fi\/wp-json\/wp\/v2\/categories?post=131334"},{"taxonomy":"post_tag","embeddable":true,"href":"https:\/\/www.europesays.com\/fi\/wp-json\/wp\/v2\/tags?post=131334"}],"curies":[{"name":"wp","href":"https:\/\/api.w.org\/{rel}","templated":true}]}}