{"id":131336,"date":"2026-01-02T07:41:10","date_gmt":"2026-01-02T07:41:10","guid":{"rendered":"https:\/\/www.europesays.com\/fi\/131336\/"},"modified":"2026-01-02T07:41:10","modified_gmt":"2026-01-02T07:41:10","slug":"idris-elba-ritaroitiin-seiska","status":"publish","type":"post","link":"https:\/\/www.europesays.com\/fi\/131336\/","title":{"rendered":"Idris Elba ritaroitiin | Seiska"},"content":{"rendered":"<p>            All Over Press\n        <\/p>\n<p class=\"subtitle \">Hollywood-komistusta voi nyt kutsua nimell\u00e4 Sir Idris, sill\u00e4 h\u00e4nelle on my\u00f6nnetty ritarin arvo.<\/p>\n<p class=\"article-content article-content-width !bg-background\">Ritarin arvo on yksi suurimmista kunnioista, joita Englannin kuningashuone voi kansalaiselle my\u00f6nt\u00e4\u00e4.<\/p>\n<p class=\"font-weight-bold m-font-weight-bold article-content article-content-width !bg-background\">Katso video: Hollywood-t\u00e4htien erikoiset taidot<\/p>\n<p class=\"article-content article-content-width !bg-background\">Britannian hallituksen <a href=\"https:\/\/www.gov.uk\/honours\/types-of-honours-and-awards\" target=\"_blank\" rel=\"nofollow noopener\">verkkosivuston<\/a> mukaan arvo voidaan my\u00f6nt\u00e4\u00e4 henkil\u00f6lle, joka on tehnyt merkitt\u00e4v\u00e4n panoksen jollakin alalla, yleens\u00e4 kansallisella tasolla. Muut samalla alalla toimivat ihmiset pit\u00e4v\u00e4t h\u00e4nen panostaan inspiroivana ja merkitt\u00e4v\u00e4n\u00e4, ja se edellytt\u00e4\u00e4 pitk\u00e4aikaista sitoutumista.<\/p>\n<p class=\"article-content article-content-width !bg-background\">Useita Hollywoodissakin tunnettuja t\u00e4hti\u00e4 on ritaroitu. Heid\u00e4n joukossaan ovat esimerkiksi , ,  ja .<\/p>\n<p class=\"article-content article-content-width !bg-background\">Nyt listaan on liittynyt j\u00e4lleen uusi, tunnettu nimi.<\/p>\n<p>        <a itemprop=\"url\" href=\"https:\/\/www.seiska.fi\/katso\/tiesitko-nama-hollywood-tahdet-ovat-sukua-suomalaisille\/2003499\" rel=\"nofollow noopener\" target=\"_blank\"><\/p>\n<p>\nHollywood-t\u00e4hdet\n<\/p>\n<p class=\"section-date\">\n        <strong class=\"article-section\" data-section=\"katso\"><br \/>\n            katso<br \/>\n        <\/strong><br \/>\n        12.12.2025 15:15\n    <\/p>\n<p>Tiesitk\u00f6? N\u00e4m\u00e4 Hollywood-t\u00e4hdet ovat sukua suomalaisille\n    <\/p>\n<p itemprop=\"description\" class=\"subtitle \">\n    Suomalaistaustaisten joukossa on muun muassa Poliisiopisto-, Melrose Place- ja Dynastia-n\u00e4yttelij\u00f6it\u00e4.\n<\/p>\n<p>        <\/a><\/p>\n<p>Nouskaa, Sir Idris!<\/p>\n<p class=\"article-content article-content-width !bg-background\">N\u00e4yttelij\u00e4 , 53, on saanut ritarin arvon uudenvuoden kunniamerkkien jaossa.\u00a0<\/p>\n<p class=\"article-content article-content-width !bg-background\">Lontoon Hackneysta kotoisin olevaa Hollywood-t\u00e4hte\u00e4 voidaan nyt virallisesti kutsua nimell\u00e4 Sir Idris.<\/p>\n<p>        <a itemprop=\"url\" href=\"https:\/\/www.seiska.fi\/ulkomaat\/huh-talta-nayttaa-seksisymboli-idris-elban-tytar\/1965592\" rel=\"nofollow noopener\" target=\"_blank\"><\/p>\n<p>\nOmena ei kauas puusta pudonnut\n<\/p>\n<p class=\"section-date\">\n        <strong class=\"article-section\" data-section=\"ulkomaat\"><br \/>\n            ulkomaat<br \/>\n        <\/strong><br \/>\n        18.10.2025 15:00\n    <\/p>\n<p>Huh! T\u00e4lt\u00e4 n\u00e4ytt\u00e4\u00e4 seksisymboli Idris Elban tyt\u00e4r\n    <\/p>\n<p itemprop=\"description\" class=\"subtitle \">\n    Idris Elban esikoislapsi Isan, 23, on my\u00f6s hakeutunut elokuva-alalle. T\u00e4m\u00e4 aiheutti taannoin loven is\u00e4n ja tytt\u00e4ren suhteeseen.\n<\/p>\n<p>        <\/a><\/p>\n<p class=\"article-content article-content-width !bg-background\">Sir Idris nousi kuuluisuuteen roolistaan Stringer Bellin\u00e4 HBO:n sarjassa The Wire sek\u00e4 DCI John Lutherina BBC:n sarjassa Luther. H\u00e4n voitti j\u00e4lkimm\u00e4isest\u00e4 Golden Globe -palkinnon vuonna 2011. Onpa n\u00e4yttelij\u00e4 n\u00e4hty my\u00f6s Marvel-elokuvien maailmassa Heimdallin roolissa.<\/p>\n<p>Ty\u00f6t\u00e4 nuorten hyvinvoinnin eteen<\/p>\n<p class=\"article-content article-content-width !bg-background\">Sir Idris ritaroitiin tunnustuksena h\u00e4nen hyv\u00e4ntekev\u00e4isyystoiminnastaan Elba Hope Foundationissa, joka tukee yhteis\u00f6jen voimaannuttamista, koulutusta, nuorten puolustamista ja kest\u00e4v\u00e4\u00e4 kehityst\u00e4.\u00a0<\/p>\n<p class=\"article-content article-content-width !bg-background\">Idris on puhunut erityisesti puukotuksista, jotka ovat yleisi\u00e4 Isossa-Britanniassa.<\/p>\n<p class=\"article-content article-content-width !bg-background\"> \u2013 Toivon, ett\u00e4 voimme tehd\u00e4 enemm\u00e4n kiinnitt\u00e4\u00e4ksemme huomiota pitk\u00e4j\u00e4nteisen, k\u00e4yt\u00e4nn\u00f6nl\u00e4heisen tuen t\u00e4rkeyteen nuorille sek\u00e4 vastuuseen, joka meill\u00e4 kaikilla on auttaa heit\u00e4 l\u00f6yt\u00e4m\u00e4\u00e4n vaihtoehto v\u00e4kivallalle, Idris sanoi.<\/p>\n<p>        <a itemprop=\"url\" href=\"https:\/\/www.seiska.fi\/katso\/tahtinayttelijan-erikoishaastattelu-idris-elba-kertoo-katsolle-isoisa-taisteli-toisessa-maailmansodassa-innoitti-mukaan-uuteen-tv-sarjaan\/1365567\" rel=\"nofollow noopener\" target=\"_blank\"><\/p>\n<p class=\"section-date\">\n        <strong class=\"article-section\" data-section=\"katso\"><br \/>\n            katso<br \/>\n        <\/strong><br \/>\n        30.5.2024 07:15\n    <\/p>\n<p>T\u00e4htin\u00e4yttelij\u00e4n erikoishaastattelu! Idris Elba kertoo Katsolle: isois\u00e4 taisteli toisessa maailmansodassa &#8211; innoitti mukaan uuteen tv-sarjaan\n    <\/p>\n<p itemprop=\"description\" class=\"subtitle \">\n    Seuraavaksi James Bondiksi huhuttua brittit\u00e4hte\u00e4 kuullaan kertojana historiallisessa uutuusdokumentissa.\n<\/p>\n<p>        <\/a><\/p>\n<p class=\"article-content article-content-width !bg-background\">Yhteens\u00e4 1 157 palkinnonsaajaa on valittu eri puolilta Yhdistynytt\u00e4 kuningaskuntaa, ja t\u00e4n\u00e4 vuonna erityist\u00e4 huomiota on kiinnitetty niihin, jotka ovat tehneet poikkeuksellisen paljon yhteis\u00f6jens\u00e4 hyv\u00e4ksi.<\/p>\n","protected":false},"excerpt":{"rendered":"All Over Press Hollywood-komistusta voi nyt kutsua nimell\u00e4 Sir Idris, sill\u00e4 h\u00e4nelle on my\u00f6nnetty ritarin arvo. Ritarin arvo&hellip;\n","protected":false},"author":2,"featured_media":131337,"comment_status":"","ping_status":"","sticky":false,"template":"","format":"standard","meta":{"footnotes":""},"categories":[136],"tags":[407,137,33,31,30,4169,5630,8190,408,4197,212,23223,32,109],"class_list":{"0":"post-131336","1":"post","2":"type-post","3":"status-publish","4":"format-standard","5":"has-post-thumbnail","7":"category-julkkikset","8":"tag-celebrities","9":"tag-entertainment","10":"tag-fi","11":"tag-finland","12":"tag-finnish","13":"tag-hollywood","14":"tag-hyvantekevaisyys","15":"tag-idris-elba","16":"tag-julkkikset","17":"tag-kuningas-charles","18":"tag-lifestyle","19":"tag-ritarinarvo","20":"tag-suomi","21":"tag-viihde"},"share_on_mastodon":{"url":"https:\/\/pubeurope.com\/@fi\/115824379970923370","error":""},"_links":{"self":[{"href":"https:\/\/www.europesays.com\/fi\/wp-json\/wp\/v2\/posts\/131336","targetHints":{"allow":["GET"]}}],"collection":[{"href":"https:\/\/www.europesays.com\/fi\/wp-json\/wp\/v2\/posts"}],"about":[{"href":"https:\/\/www.europesays.com\/fi\/wp-json\/wp\/v2\/types\/post"}],"author":[{"embeddable":true,"href":"https:\/\/www.europesays.com\/fi\/wp-json\/wp\/v2\/users\/2"}],"replies":[{"embeddable":true,"href":"https:\/\/www.europesays.com\/fi\/wp-json\/wp\/v2\/comments?post=131336"}],"version-history":[{"count":0,"href":"https:\/\/www.europesays.com\/fi\/wp-json\/wp\/v2\/posts\/131336\/revisions"}],"wp:featuredmedia":[{"embeddable":true,"href":"https:\/\/www.europesays.com\/fi\/wp-json\/wp\/v2\/media\/131337"}],"wp:attachment":[{"href":"https:\/\/www.europesays.com\/fi\/wp-json\/wp\/v2\/media?parent=131336"}],"wp:term":[{"taxonomy":"category","embeddable":true,"href":"https:\/\/www.europesays.com\/fi\/wp-json\/wp\/v2\/categories?post=131336"},{"taxonomy":"post_tag","embeddable":true,"href":"https:\/\/www.europesays.com\/fi\/wp-json\/wp\/v2\/tags?post=131336"}],"curies":[{"name":"wp","href":"https:\/\/api.w.org\/{rel}","templated":true}]}}