{"id":131348,"date":"2026-01-02T07:55:07","date_gmt":"2026-01-02T07:55:07","guid":{"rendered":"https:\/\/www.europesays.com\/fi\/131348\/"},"modified":"2026-01-02T07:55:07","modified_gmt":"2026-01-02T07:55:07","slug":"yleisavustusten-hakuaika-tammikuussa-haettavissa-myos-ammattitaiteilijoiden-kannustusapurahat-tampereen-kaupunki","status":"publish","type":"post","link":"https:\/\/www.europesays.com\/fi\/131348\/","title":{"rendered":"Yleisavustusten hakuaika tammikuussa \u2013 haettavissa my\u00f6s ammattitaiteilijoiden kannustusapurahat [Tampereen kaupunki"},"content":{"rendered":"<p>Tampereen kaupungin yleisavustukset ja ammattitaiteilijoiden kannustusapurahat vuodelle 2026 ovat haettavina 7.\u201330.1.2026. Avustuksia ja apurahoja haetaan s\u00e4hk\u00f6isell\u00e4 hakulomakkeella. Tarvittaessa paperiset liitteet voi toimittaa kaupungin kirjaamoon. \u00a0<\/p>\n<p>Hakemukset liitteineen tulee toimittaa 30.1.2026 viimeist\u00e4\u00e4n kello 15.45. My\u00f6h\u00e4ss\u00e4 saapuneet hakemukset j\u00e4tet\u00e4\u00e4n k\u00e4sittelem\u00e4tt\u00e4.<\/p>\n<p>Yleisavustusta s\u00e4\u00e4nn\u00f6lliseen, avoimeen toimintaan<\/p>\n<p>Tampereen kaupungin yleisavustusta voi hakea rekister\u00f6itynyt yhdistys, yleishy\u00f6dyllinen osuuskunta tai yleishy\u00f6dyllinen yritys. Hakijalla on t\u00e4ytynyt olla toimintaa v\u00e4hint\u00e4\u00e4n vuoden ajan.<\/p>\n<p>Yleisavustusta voidaan my\u00f6nt\u00e4\u00e4 yhteis\u00f6n s\u00e4\u00e4nn\u00f6lliseen toimintaan, joka on kaikille avointa ja tapahtuu Tampereella.\u202fAvustusta ei my\u00f6nnet\u00e4 voittoa tavoittelevaan yritystoimintaan eik\u00e4 uskonnon harjoittamiseen. \u00a0<\/p>\n<p>Haettavina ovat seuraavat yleisavustukset:<\/p>\n<ul>\n<li>kulttuuri- ja taideyhteis\u00f6t<\/li>\n<li>kulttuuriharrastustoimintaa j\u00e4rjest\u00e4v\u00e4t yhteis\u00f6t<\/li>\n<li>kulttuuriv\u00e4hemmist\u00f6t<\/li>\n<li>liikunta<\/li>\n<li>soveltava liikunta<\/li>\n<li>perheit\u00e4 tukeva ty\u00f6<\/li>\n<li>nuorisoyhdistykset<\/li>\n<li>kaupunginosatoiminta<\/li>\n<li>hyvinvoinnin edist\u00e4minen ja ehk\u00e4isev\u00e4 p\u00e4ihdety\u00f6 \u00a0<\/li>\n<li>ik\u00e4ihmisten hyvinvoinnin edist\u00e4minen<\/li>\n<li>el\u00e4insuojeluty\u00f6<\/li>\n<\/ul>\n<p>Yleisavustuksista p\u00e4\u00e4tt\u00e4\u00e4 kulttuuri- ja vapaa-aikalautakunta lukuun ottamatta el\u00e4insuojeluty\u00f6n yleisavustusta, josta p\u00e4\u00e4tt\u00e4\u00e4 yhdyskuntalautakunnan alueellisen ymp\u00e4rist\u00f6terveydenhuollon jaosto. P\u00e4\u00e4t\u00f6kset pyrit\u00e4\u00e4n tekem\u00e4\u00e4n maaliskuussa 2026.<\/p>\n<p>Hakulomake sek\u00e4 tarkempaa tietoa avustusten hakemisesta, my\u00f6nt\u00e4misest\u00e4 ja raportoinnista on koottu avustuskokonaisuuksien omille verkkosivuille. Sivuilta l\u00f6ytyy my\u00f6s hakemusten k\u00e4sittelij\u00f6iden yhteystiedot.<\/p>\n<p><a href=\"https:\/\/tampere.fi\/yleisavustukset\" rel=\"nofollow noopener\" target=\"_blank\">Lue lis\u00e4\u00e4 yleisavustuksista<\/a>\u00a0<\/p>\n<p>Kannustusrahaa taiteilijoille luovaan toimintaan<\/p>\n<p>T\u00e4n\u00e4 vuonna Tampereen kaupungilta voi hakea kannustusapurahaa ammattitaiteilijoille, jotka toimivat lastenkulttuurin tai visuaalisten taiteiden (kuvataide, valo- tai elokuvataide, rakennustaide, taideteollisuus) aloilla.<\/p>\n<p>Apuraha on pienimuotoinen, ja sen tavoitteena on tukea ammattitaiteilijoiden ty\u00f6skentely\u00e4 taiteen parissa. Hakulomake sek\u00e4 tarkempaa tietoa apurahan hakemisesta on kaupungin verkkosivuilla.<\/p>\n<p><a href=\"https:\/\/www.tampere.fi\/kaupunki-tukee-ja-palkitsee\/avustukset-ja-tuet\/apurahat\/ammattitaiteilijoiden-kannustusapurahat\" data-entity-type=\"external\" rel=\"nofollow noopener\" target=\"_blank\">Lue lis\u00e4\u00e4 ammattitaiteilijoiden kannustusapurahasta<\/a><\/p>\n<p>Avustuksista infotilaisuus hakijoille<\/p>\n<p>Kaikki kaupungin avustuksista kiinnostuneet ovat tervetulleita avustusinfoon ja avustusklinikalle, jotka ovat p\u00e4\u00e4kirjasto Metson (Pirkankatu 2) Lehmus-salissa torstaina 8.1.2026 kello 17.30\u201319.00.<\/p>\n<p>Tilaisuudessa kerrotaan Tampereen kaupungin vuoden 2026 avustushauista sek\u00e4 annetaan ohjeita yleisavustusten hakemiseen.\u202fInfo-osuuden j\u00e4lkeen tilaisuus jatkuu avustusklinikalla, jossa hakijat voivat kysy\u00e4 tarkemmin omista avustuskokonaisuuksistaan niist\u00e4 vastaavilta valmistelijoilta.\u00a0<\/p>\n<p>Tilaisuuteen ei tarvitse ilmoittautua. Kahvitarjoilu on varattu 70 hengelle kello 17 alkaen.\u00a0<\/p>\n","protected":false},"excerpt":{"rendered":"Tampereen kaupungin yleisavustukset ja ammattitaiteilijoiden kannustusapurahat vuodelle 2026 ovat haettavina 7.\u201330.1.2026. Avustuksia ja apurahoja haetaan s\u00e4hk\u00f6isell\u00e4 hakulomakkeella. Tarvittaessa&hellip;\n","protected":false},"author":2,"featured_media":131349,"comment_status":"","ping_status":"","sticky":false,"template":"","format":"standard","meta":{"footnotes":""},"categories":[5],"tags":[22,23,26,27,33,31,30,17,24,25,28,29,15,18,21,32,19,20,16],"class_list":{"0":"post-131348","1":"post","2":"type-post","3":"status-publish","4":"format-standard","5":"has-post-thumbnail","7":"category-otsikot","8":"tag-breaking-news","9":"tag-breakingnews","10":"tag-featured-news","11":"tag-featurednews","12":"tag-fi","13":"tag-finland","14":"tag-finnish","15":"tag-headlines","16":"tag-latest-news","17":"tag-latestnews","18":"tag-main-news","19":"tag-mainnews","20":"tag-news","21":"tag-otsikot","22":"tag-paauutiset","23":"tag-suomi","24":"tag-top-stories","25":"tag-topstories","26":"tag-uutiset"},"share_on_mastodon":{"url":"https:\/\/pubeurope.com\/@fi\/115824435057842793","error":""},"_links":{"self":[{"href":"https:\/\/www.europesays.com\/fi\/wp-json\/wp\/v2\/posts\/131348","targetHints":{"allow":["GET"]}}],"collection":[{"href":"https:\/\/www.europesays.com\/fi\/wp-json\/wp\/v2\/posts"}],"about":[{"href":"https:\/\/www.europesays.com\/fi\/wp-json\/wp\/v2\/types\/post"}],"author":[{"embeddable":true,"href":"https:\/\/www.europesays.com\/fi\/wp-json\/wp\/v2\/users\/2"}],"replies":[{"embeddable":true,"href":"https:\/\/www.europesays.com\/fi\/wp-json\/wp\/v2\/comments?post=131348"}],"version-history":[{"count":0,"href":"https:\/\/www.europesays.com\/fi\/wp-json\/wp\/v2\/posts\/131348\/revisions"}],"wp:featuredmedia":[{"embeddable":true,"href":"https:\/\/www.europesays.com\/fi\/wp-json\/wp\/v2\/media\/131349"}],"wp:attachment":[{"href":"https:\/\/www.europesays.com\/fi\/wp-json\/wp\/v2\/media?parent=131348"}],"wp:term":[{"taxonomy":"category","embeddable":true,"href":"https:\/\/www.europesays.com\/fi\/wp-json\/wp\/v2\/categories?post=131348"},{"taxonomy":"post_tag","embeddable":true,"href":"https:\/\/www.europesays.com\/fi\/wp-json\/wp\/v2\/tags?post=131348"}],"curies":[{"name":"wp","href":"https:\/\/api.w.org\/{rel}","templated":true}]}}