{"id":131366,"date":"2026-01-02T08:21:07","date_gmt":"2026-01-02T08:21:07","guid":{"rendered":"https:\/\/www.europesays.com\/fi\/131366\/"},"modified":"2026-01-02T08:21:07","modified_gmt":"2026-01-02T08:21:07","slug":"paijat-hameen-hyvinvointialue-asiakasmaksut-muuttuivat-vuoden-alusta","status":"publish","type":"post","link":"https:\/\/www.europesays.com\/fi\/131366\/","title":{"rendered":"P\u00e4ij\u00e4t-H\u00e4meen hyvinvointialue: Asiakasmaksut muuttuivat vuoden alusta"},"content":{"rendered":"<p><strong><\/p>\n<p>P\u00e4ij\u00e4t-H\u00e4meen hyvinvointialueen asiakasmaksut muuttuvat ensi vuoden alusta.\u00a0<\/p>\n<p><\/strong><\/p>\n<p>Asiakasmaksut nousevat lakis\u00e4\u00e4teisen indeksitarkistuksen mukaisesti 6,93 %.<\/p>\n<p>Asiakkaat maksavat P\u00e4ij\u00e4t-H\u00e4meen hyvinvointialueen sosiaali- ja terveyspalveluista 1.1.2026 alkaen esimerkiksi seuraavasti:\u00a0<\/p>\n<ul style=\"list-style-type:disc\">\n<li>\n<p>Vainajas\u00e4ilytyspaikoista perit\u00e4\u00e4n 10\u00a0euroa\u00a0jokaiselta alkavalta vuorokaudelta\u00a0sen j\u00e4lkeen, kun hautausluvan saamisesta on kulunut seitsem\u00e4n vuorokautta.\u00a0Maksua perit\u00e4\u00e4n P\u00e4ij\u00e4t-H\u00e4meen keskussairaalan kappelin k\u00e4yt\u00f6st\u00e4\u00a0120\u00a0euroa\u00a0ja\u00a0Heinolan sote-keskuksen ja kuntoutussairaala Jalmarin kappelista 100\u00a0euroa.\u00a0<\/p>\n<\/li>\n<\/ul>\n<p>Ajantasainen asiakasmaksuhinnasto on n\u00e4ht\u00e4vill\u00e4 <a href=\"https:\/\/paijatha.fi\/asiointiopas\/asiakasmaksut\/#Asiakasjapotilasmaksut\" target=\"_blank\" rel=\"nofollow noopener\">P\u00e4ij\u00e4t-H\u00e4meen hyvinvointialueen verkkosivuilla.<\/a><\/p>\n<p>Hyvinvointialueen maksuihin voi hakea\u00a0vapautusta\u00a0<\/p>\n<p>Tasasuuruisen\u00a0asiakasmaksun vapautusta voivat hakea kaikki P\u00e4ij\u00e4t-H\u00e4meen hyvinvointialueen v\u00e4h\u00e4varaiset asiakkaat. Maksun alennus tai perim\u00e4tt\u00e4 j\u00e4tt\u00e4minen perustuu toimeentulotukilaskelmaan ja siihen, mit\u00e4 toimeentulotukilain mukaan voidaan huomioida. Alennus edellytt\u00e4\u00e4 selvityst\u00e4 tuloista, varallisuudesta ja v\u00e4ltt\u00e4m\u00e4tt\u00f6mist\u00e4 menoista.\u00a0<\/p>\n<p>Takuuel\u00e4kkeen saajat vapautetaan P\u00e4ij\u00e4t-H\u00e4meen hyvinvointialueen tasasuuruisista asiakasmaksuista eli tasamaksuista vuodesta 2026 alkaen. Vapautus koskee tasasuuruisten asiakasmaksujen laskuja, jotka on p\u00e4iv\u00e4tty 1.1.2026 tai sen j\u00e4lkeen.\u00a0Kun takuuel\u00e4kkeen saaja saa tasasuuruisen asiakasmaksun laskun, h\u00e4nen tulee olla laskusta yhteydess\u00e4 hyvinvointialueen kirjaamoon ja toimittaa voimassa oleva takuuel\u00e4ketodistus. Muita liitteit\u00e4 ei tarvita.\u00a0<br \/>\u00a0<br \/>Vapautuksen saamiseksi asiakkaan tulee itse seurata saamiaan laskuja ja ilmoittaa niist\u00e4 hyvinvointialueelle 30 vuorokauden sis\u00e4ll\u00e4 laskun er\u00e4p\u00e4iv\u00e4st\u00e4, jotta laskut voidaan hyvitt\u00e4\u00e4. Lis\u00e4\u00e4 sivuilla: <a href=\"http:\/\/paijatha.fi\/asiointiopas\/asiakasmaksut\" rel=\"nofollow noopener\" target=\"_blank\">paijatha.fi\/asiointiopas\/asiakasmaksut.<\/a><br \/>\u00a0<br \/>Hyvinvointialueen aluevaltuusto p\u00e4\u00e4tti takuuel\u00e4kkeen saajien maksuvapautuksesta kes\u00e4kuun kokouksessaan\u00a0ja asiakasmaksuhinnastosta puolestaan\u00a0joulukuun kokouksessaan.\u00a0<\/p>\n","protected":false},"excerpt":{"rendered":"P\u00e4ij\u00e4t-H\u00e4meen hyvinvointialueen asiakasmaksut muuttuvat ensi vuoden alusta.\u00a0 Asiakasmaksut nousevat lakis\u00e4\u00e4teisen indeksitarkistuksen mukaisesti 6,93 %. Asiakkaat maksavat P\u00e4ij\u00e4t-H\u00e4meen hyvinvointialueen&hellip;\n","protected":false},"author":2,"featured_media":131367,"comment_status":"","ping_status":"","sticky":false,"template":"","format":"standard","meta":{"footnotes":""},"categories":[5],"tags":[22,23,26,27,33,31,30,17,24,25,28,29,15,18,21,32,19,20,16],"class_list":{"0":"post-131366","1":"post","2":"type-post","3":"status-publish","4":"format-standard","5":"has-post-thumbnail","7":"category-otsikot","8":"tag-breaking-news","9":"tag-breakingnews","10":"tag-featured-news","11":"tag-featurednews","12":"tag-fi","13":"tag-finland","14":"tag-finnish","15":"tag-headlines","16":"tag-latest-news","17":"tag-latestnews","18":"tag-main-news","19":"tag-mainnews","20":"tag-news","21":"tag-otsikot","22":"tag-paauutiset","23":"tag-suomi","24":"tag-top-stories","25":"tag-topstories","26":"tag-uutiset"},"share_on_mastodon":{"url":"https:\/\/pubeurope.com\/@fi\/115824537486658213","error":""},"_links":{"self":[{"href":"https:\/\/www.europesays.com\/fi\/wp-json\/wp\/v2\/posts\/131366","targetHints":{"allow":["GET"]}}],"collection":[{"href":"https:\/\/www.europesays.com\/fi\/wp-json\/wp\/v2\/posts"}],"about":[{"href":"https:\/\/www.europesays.com\/fi\/wp-json\/wp\/v2\/types\/post"}],"author":[{"embeddable":true,"href":"https:\/\/www.europesays.com\/fi\/wp-json\/wp\/v2\/users\/2"}],"replies":[{"embeddable":true,"href":"https:\/\/www.europesays.com\/fi\/wp-json\/wp\/v2\/comments?post=131366"}],"version-history":[{"count":0,"href":"https:\/\/www.europesays.com\/fi\/wp-json\/wp\/v2\/posts\/131366\/revisions"}],"wp:featuredmedia":[{"embeddable":true,"href":"https:\/\/www.europesays.com\/fi\/wp-json\/wp\/v2\/media\/131367"}],"wp:attachment":[{"href":"https:\/\/www.europesays.com\/fi\/wp-json\/wp\/v2\/media?parent=131366"}],"wp:term":[{"taxonomy":"category","embeddable":true,"href":"https:\/\/www.europesays.com\/fi\/wp-json\/wp\/v2\/categories?post=131366"},{"taxonomy":"post_tag","embeddable":true,"href":"https:\/\/www.europesays.com\/fi\/wp-json\/wp\/v2\/tags?post=131366"}],"curies":[{"name":"wp","href":"https:\/\/api.w.org\/{rel}","templated":true}]}}