{"id":131388,"date":"2026-01-02T08:48:08","date_gmt":"2026-01-02T08:48:08","guid":{"rendered":"https:\/\/www.europesays.com\/fi\/131388\/"},"modified":"2026-01-02T08:48:08","modified_gmt":"2026-01-02T08:48:08","slug":"kolme-sutta-metsastetty-varsinais-suomessa-vuodenvaihteen-jalkeen-katso-kaadettujen-paikat-kartalta-varsinais-suomi","status":"publish","type":"post","link":"https:\/\/www.europesays.com\/fi\/131388\/","title":{"rendered":"Kolme sutta mets\u00e4stetty Varsinais-Suomessa vuodenvaihteen j\u00e4lkeen \u2013 katso kaadettujen paikat kartalta | Varsinais-Suomi"},"content":{"rendered":"<p class=\"aw-1gybjub aw-5vja16 kEtdKx kmuxyA yle__article__paragraph\">Susien kiinti\u00f6mets\u00e4styksen tilannetta voi seurata Riistakeskuksen verkkosivujen kautta.<\/p>\n<p><img decoding=\"async\" alt=\"Susi katsoo kameraa.\" src=\"https:\/\/www.europesays.com\/fi\/wp-content\/uploads\/2026\/01\/1767343688_324_39-8714936176cfe4c86d8.jpeg\" class=\"aw-1l9m598 hKVVvP\"\/><\/p>\n<p>Avaa kuvien katselu<\/p>\n<p>Susia on saanut mets\u00e4st\u00e4\u00e4 vuodenvaihteen j\u00e4lkeen alueellisten kiinti\u00f6iden puitteissa. Kuva: Ismo Pekkarinen\/All Over Press<\/p>\n<p class=\"aw-1gybjub aw-1p7kakr kEtdKx cEmitX yle__article__paragraph\">Varsinais-Suomessa on kaadettu vuoden vaihtumisen j\u00e4lkeen kolme sutta. Asia ilmenee riistakeskuksen <a class=\"aw-iao6s4 iHOxEa yle__article__link\" href=\"https:\/\/kiintio.riista.fi\/\" role=\"link\" rel=\"nofollow noopener\" target=\"_blank\">verkkosivuilta<\/a>.<\/p>\n<p class=\"aw-1gybjub aw-1p7kakr kEtdKx cEmitX yle__article__paragraph\">Suden mets\u00e4st\u00e4misest\u00e4 tuli <a class=\"aw-iao6s4 iHOxEa yle__article__link\" href=\"https:\/\/yle.fi\/a\/74-20202108\" role=\"link\" rel=\"nofollow noopener\" target=\"_blank\">vuodenvaihteessa sallittua<\/a> annettujen kiinti\u00f6iden rajoissa.<\/p>\n<p class=\"aw-1gybjub aw-1p7kakr kEtdKx cEmitX yle__article__paragraph\">Riistakeskuksen mukaan Varsinais-Suomessa Kustavin laumasta on kaadettu kaksi sutta ja Aura-Paimion laumasta yksi. Kaikki kolme sutta mets\u00e4stettiin jo 1. tammikuutta.<\/p>\n<p><img decoding=\"async\" alt=\"Karttakuva kaadettujen susien sijainneista.\" src=\"https:\/\/www.europesays.com\/fi\/wp-content\/uploads\/2026\/01\/39-157636869576e42efe8b.jpeg\" loading=\"lazy\" class=\"aw-1l9m598 hKVVvP\"\/><\/p>\n<p>Avaa kuvien katselu<\/p>\n<p>Riistakeskuksen mukaan Kustavissa on kaadettu uros- ja naarassusi. Salossa urossusi. Kuva: Eino Kossila \/ Yle, Mapcreator, OpenStreetMap<\/p>\n<p class=\"aw-1gybjub aw-1p7kakr kEtdKx cEmitX yle__article__paragraph\">Kaikkiaan kaatolupia on my\u00f6nnetty Varsinais-Suomeen 20 kappaletta. Kustavin lauman alueella kiinti\u00f6 on seitsem\u00e4n ja Aura-Paimion lauman alueella 13 sutta.<\/p>\n<p class=\"aw-1gybjub aw-1p7kakr kEtdKx cEmitX yle__article__paragraph\">Koko maassa susien mets\u00e4styskiinti\u00f6 on 100 sutta. Susia on mets\u00e4stetty koko maassa nyt 13.<\/p>\n","protected":false},"excerpt":{"rendered":"Susien kiinti\u00f6mets\u00e4styksen tilannetta voi seurata Riistakeskuksen verkkosivujen kautta. Avaa kuvien katselu Susia on saanut mets\u00e4st\u00e4\u00e4 vuodenvaihteen j\u00e4lkeen alueellisten&hellip;\n","protected":false},"author":2,"featured_media":131051,"comment_status":"","ping_status":"","sticky":false,"template":"","format":"standard","meta":{"footnotes":""},"categories":[117],"tags":[22873,404,33,31,30,19379,72,479,476,10018,883,4405,118,2938,32,4237,119,663,477],"class_list":{"0":"post-131388","1":"post","2":"type-post","3":"status-publish","4":"format-standard","5":"has-post-thumbnail","7":"category-luonto","8":"tag-aura-kunta","9":"tag-elaimet","10":"tag-fi","11":"tag-finland","12":"tag-finnish","13":"tag-kustavi","14":"tag-luonto","15":"tag-metsastys","16":"tag-nature","17":"tag-paimio","18":"tag-petoelaimet","19":"tag-salo","20":"tag-science","21":"tag-suomen-riistakeskus","22":"tag-suomi","23":"tag-susi","24":"tag-tiede","25":"tag-varsinais-suomi","26":"tag-wildlife"},"share_on_mastodon":{"url":"https:\/\/pubeurope.com\/@fi\/115824643466190627","error":""},"_links":{"self":[{"href":"https:\/\/www.europesays.com\/fi\/wp-json\/wp\/v2\/posts\/131388","targetHints":{"allow":["GET"]}}],"collection":[{"href":"https:\/\/www.europesays.com\/fi\/wp-json\/wp\/v2\/posts"}],"about":[{"href":"https:\/\/www.europesays.com\/fi\/wp-json\/wp\/v2\/types\/post"}],"author":[{"embeddable":true,"href":"https:\/\/www.europesays.com\/fi\/wp-json\/wp\/v2\/users\/2"}],"replies":[{"embeddable":true,"href":"https:\/\/www.europesays.com\/fi\/wp-json\/wp\/v2\/comments?post=131388"}],"version-history":[{"count":0,"href":"https:\/\/www.europesays.com\/fi\/wp-json\/wp\/v2\/posts\/131388\/revisions"}],"wp:featuredmedia":[{"embeddable":true,"href":"https:\/\/www.europesays.com\/fi\/wp-json\/wp\/v2\/media\/131051"}],"wp:attachment":[{"href":"https:\/\/www.europesays.com\/fi\/wp-json\/wp\/v2\/media?parent=131388"}],"wp:term":[{"taxonomy":"category","embeddable":true,"href":"https:\/\/www.europesays.com\/fi\/wp-json\/wp\/v2\/categories?post=131388"},{"taxonomy":"post_tag","embeddable":true,"href":"https:\/\/www.europesays.com\/fi\/wp-json\/wp\/v2\/tags?post=131388"}],"curies":[{"name":"wp","href":"https:\/\/api.w.org\/{rel}","templated":true}]}}