{"id":131393,"date":"2026-01-02T09:03:07","date_gmt":"2026-01-02T09:03:07","guid":{"rendered":"https:\/\/www.europesays.com\/fi\/131393\/"},"modified":"2026-01-02T09:03:07","modified_gmt":"2026-01-02T09:03:07","slug":"katso-videot-hyvinkaalainen-saara-martikainen-osaa-noin-200-k-pop-koreografiaa-aamuposti","status":"publish","type":"post","link":"https:\/\/www.europesays.com\/fi\/131393\/","title":{"rendered":"Katso videot | Hyvin\u00adk\u00e4\u00e4\u00adl\u00e4inen Saara Marti\u00adkainen osaa noin 200 K-\u200bpop-koreografiaa &#8211; Aamuposti"},"content":{"rendered":"<ol>\n<li><a href=\"https:\/\/news.google.com\/rss\/articles\/CBMiV0FVX3lxTE1ISGNjbER5LWFZTGIycVpSSzl2cnViZVVZOUR5bjNJaXlQdHpEd2M4NzczSnpFOFR2RDdZOVk5Z1R2cFBiV2hpSW1Xa0pGZkczTzd6Y21RNA?oc=5\" target=\"_blank\" rel=\"nofollow noopener\">Katso videot | Hyvin\u00adk\u00e4\u00e4\u00adl\u00e4inen Saara Marti\u00adkainen osaa noin 200 K-\u200bpop-koreografiaa<\/a>&nbsp;&nbsp;Aamuposti<\/li>\n<li><a href=\"https:\/\/news.google.com\/rss\/articles\/CBMiWkFVX3lxTE1RdVFCc3g5MUZoLWg4bjNmTkZlOWgzSC0wUTJkaFFybFFoZS1EOEhCMV95QmM2ZTNrWGhlckhXaFpfT2hNb1B0Zml4bmJQckp1NHMtSk5YWFFNQQ?oc=5\" target=\"_blank\" rel=\"nofollow noopener\">Ekhva korottaa asiakasmaksut enimm\u00e4istasolle vuoden alusta<\/a>&nbsp;&nbsp;Uutisvuoksi<\/li>\n<li><a href=\"https:\/\/news.google.com\/rss\/articles\/CBMiVkFVX3lxTE9vOTBFM1F2bWxnSkxjaEQzWk5LOHVrTm9vUGFmeUI3TTMxWmpOdEZxTGo5T2xqekpfOUJyQ3BfMVphRnFERHZyYkxoYkhyVTNnTkNqcmRn?oc=5\" target=\"_blank\" rel=\"nofollow noopener\">Markkanen sivussa, kun Utah h\u00e4visi Clippersille<\/a>&nbsp;&nbsp;Savon Sanomat<\/li>\n<li><a href=\"https:\/\/news.google.com\/rss\/articles\/CBMiiwFBVV95cUxNcHY1LUx5UUlCcW9wckNvNzdYaDdMcGk3S25Qb0x4ZDBtcUNpMVNhSFV5cHdyMTBFcGZxdDNzUGNyWjg2aUtDdEViSkx0bXhBaWl6My1MT0N2N0VlSHk3bXhsVG9UZ3oweVBSQUlwOVJiR0RUeXB1SEIzOVNHU3RrYUp2Qkh4OWFwNlpF?oc=5\" target=\"_blank\" rel=\"nofollow noopener\">Raimo Helmiselt\u00e4 karu ulostulo SaiPasta<\/a>&nbsp;&nbsp;mtvuutiset.fi<\/li>\n<li><a href=\"https:\/\/news.google.com\/rss\/articles\/CBMiswJBVV95cUxQTnZMdHNZbTR1VW1QdUFuOVJMMy1fRlNzMWFTQ2lQaW9FYWgzLVozcmo0OXc1ZUNIaThfZTE5Uzg4S2huMzRUQzh3RHljMjRCU2lscmhhOFlGa19uYnQxSHlJUkYtSzBoTElMZE9PUm93amE1a0xwTktwV20wVEU0WGZkZ3pSTEZySGp5LVpid01mM2ZkMV91NWJMbU5jNGNaSG53Mkhra1AzVzNuaTJJNVo3MW53ZGt5REQ1VW4tc3lBSEUydG1EVUJ3dFJqbE94QWtaZmcwYVM0QmpZa1htdjFaRGRGUFNOX3BXcEFNMnNxcGJvQnh2NjVOMV8zVENxV0trMVNmdmUtVDByaVVtY0hieHpONGJ6S05wM09SSjkxUVdMdFBqamZrOHRfNEdrc2Fr?oc=5\" target=\"_blank\" rel=\"nofollow noopener\">Voittomaalin j\u00e4lleen SaiPan verkkoon ly\u00f6nyt Filip Westerlund my\u00f6nt\u00e4\u00e4, ett\u00e4 It\u00e4-Suomen herruudesta kilpaillaan aiempaa enemm\u00e4n<\/a>&nbsp;&nbsp;Jatkoaika.com<\/li>\n<\/ol>\n","protected":false},"excerpt":{"rendered":"Katso videot | Hyvin\u00adk\u00e4\u00e4\u00adl\u00e4inen Saara Marti\u00adkainen osaa noin 200 K-\u200bpop-koreografiaa&nbsp;&nbsp;Aamuposti Ekhva korottaa asiakasmaksut enimm\u00e4istasolle vuoden alusta&nbsp;&nbsp;Uutisvuoksi Markkanen sivussa,&hellip;\n","protected":false},"author":2,"featured_media":131394,"comment_status":"","ping_status":"","sticky":false,"template":"","format":"standard","meta":{"footnotes":""},"categories":[132],"tags":[138,137,33,31,30,403,5201,10072,757,195,47,32,2599,109],"class_list":{"0":"post-131393","1":"post","2":"type-post","3":"status-publish","4":"format-standard","5":"has-post-thumbnail","7":"category-musiikki","8":"tag-audio","9":"tag-entertainment","10":"tag-fi","11":"tag-finland","12":"tag-finnish","13":"tag-helsingin-seutu","14":"tag-hyvinkaa","15":"tag-hyvinkaan-kaupunki","16":"tag-koulutus-ja-kasvatus","17":"tag-music","18":"tag-musiikki","19":"tag-suomi","20":"tag-tapahtumat-ja-tapahtumatiedot","21":"tag-viihde"},"share_on_mastodon":{"url":"https:\/\/pubeurope.com\/@fi\/115824702515416761","error":""},"_links":{"self":[{"href":"https:\/\/www.europesays.com\/fi\/wp-json\/wp\/v2\/posts\/131393","targetHints":{"allow":["GET"]}}],"collection":[{"href":"https:\/\/www.europesays.com\/fi\/wp-json\/wp\/v2\/posts"}],"about":[{"href":"https:\/\/www.europesays.com\/fi\/wp-json\/wp\/v2\/types\/post"}],"author":[{"embeddable":true,"href":"https:\/\/www.europesays.com\/fi\/wp-json\/wp\/v2\/users\/2"}],"replies":[{"embeddable":true,"href":"https:\/\/www.europesays.com\/fi\/wp-json\/wp\/v2\/comments?post=131393"}],"version-history":[{"count":0,"href":"https:\/\/www.europesays.com\/fi\/wp-json\/wp\/v2\/posts\/131393\/revisions"}],"wp:featuredmedia":[{"embeddable":true,"href":"https:\/\/www.europesays.com\/fi\/wp-json\/wp\/v2\/media\/131394"}],"wp:attachment":[{"href":"https:\/\/www.europesays.com\/fi\/wp-json\/wp\/v2\/media?parent=131393"}],"wp:term":[{"taxonomy":"category","embeddable":true,"href":"https:\/\/www.europesays.com\/fi\/wp-json\/wp\/v2\/categories?post=131393"},{"taxonomy":"post_tag","embeddable":true,"href":"https:\/\/www.europesays.com\/fi\/wp-json\/wp\/v2\/tags?post=131393"}],"curies":[{"name":"wp","href":"https:\/\/api.w.org\/{rel}","templated":true}]}}