{"id":131405,"date":"2026-01-02T09:12:13","date_gmt":"2026-01-02T09:12:13","guid":{"rendered":"https:\/\/www.europesays.com\/fi\/131405\/"},"modified":"2026-01-02T09:12:13","modified_gmt":"2026-01-02T09:12:13","slug":"sopimus-yksityiselle-varhaiskasvatusalalle-syntyi-tervetuloa-webinaariin-7-tammikuuta","status":"publish","type":"post","link":"https:\/\/www.europesays.com\/fi\/131405\/","title":{"rendered":"Sopimus yksityiselle varhaiskasvatusalalle syntyi \u2013 Tervetuloa webinaariin 7. tammikuuta"},"content":{"rendered":"<p class=\"wp-block-post-excerpt__excerpt\">Tule kuulemaan ratkaisun keskeinen sis\u00e4lt\u00f6 webinaariin, joka pidet\u00e4\u00e4n keskiviikkona 7. tammikuuta klo 17.00\u201318.00. <\/p>\n<p>Sopimusratkaisun sis\u00e4ll\u00f6st\u00e4 tarkemmin kertoo sopimusneuvottelija <strong>Jukka Parkkola<\/strong>.<\/p>\n<p>Tilaisuudessa avataan syntynytt\u00e4 sopimusratkaisua, k\u00e4yd\u00e4\u00e4n l\u00e4pi sen keskeiset elementit, palkkaratkaisu ja sopimusteksteist\u00e4. Osallistujat voivat esitt\u00e4\u00e4 kommentteja ja kysymyksi\u00e4 puhujille.<\/p>\n<p>Tilaisuus on suunnattu kaikille yksityisell\u00e4 varhaiskasvatusalalla ty\u00f6skenteleville j\u00e4senille (VAKATES).<strong> Ilmoittaudu mukaan <a href=\"https:\/\/www.superliitto.fi\/jasenyys\/hoida-jasenyytta\/asioi-sahkoisesti-oma-super-palvelussa\/\" rel=\"nofollow noopener\" target=\"_blank\">Oma SuPerin<\/a> kautta 7.1. klo 10 menness\u00e4.<\/strong> Linkki tilaisuuteen l\u00e4hetet\u00e4\u00e4n kaikille ilmoittautuneille.<\/p>\n<p>Webinaari tallennetaan ja tallenne on katsottavissa my\u00f6hemmin.<\/p>\n<p>Lis\u00e4\u00e4 aiheesta<\/p>\n","protected":false},"excerpt":{"rendered":"Tule kuulemaan ratkaisun keskeinen sis\u00e4lt\u00f6 webinaariin, joka pidet\u00e4\u00e4n keskiviikkona 7. tammikuuta klo 17.00\u201318.00. Sopimusratkaisun sis\u00e4ll\u00f6st\u00e4 tarkemmin kertoo sopimusneuvottelija&hellip;\n","protected":false},"author":2,"featured_media":128559,"comment_status":"","ping_status":"","sticky":false,"template":"","format":"standard","meta":{"footnotes":""},"categories":[12],"tags":[22,23,26,27,33,31,30,17,24,25,28,29,15,18,21,32,19,20,16],"class_list":{"0":"post-131405","1":"post","2":"type-post","3":"status-publish","4":"format-standard","5":"has-post-thumbnail","7":"category-suomi","8":"tag-breaking-news","9":"tag-breakingnews","10":"tag-featured-news","11":"tag-featurednews","12":"tag-fi","13":"tag-finland","14":"tag-finnish","15":"tag-headlines","16":"tag-latest-news","17":"tag-latestnews","18":"tag-main-news","19":"tag-mainnews","20":"tag-news","21":"tag-otsikot","22":"tag-paauutiset","23":"tag-suomi","24":"tag-top-stories","25":"tag-topstories","26":"tag-uutiset"},"share_on_mastodon":{"url":"https:\/\/pubeurope.com\/@fi\/115824737896728742","error":""},"_links":{"self":[{"href":"https:\/\/www.europesays.com\/fi\/wp-json\/wp\/v2\/posts\/131405","targetHints":{"allow":["GET"]}}],"collection":[{"href":"https:\/\/www.europesays.com\/fi\/wp-json\/wp\/v2\/posts"}],"about":[{"href":"https:\/\/www.europesays.com\/fi\/wp-json\/wp\/v2\/types\/post"}],"author":[{"embeddable":true,"href":"https:\/\/www.europesays.com\/fi\/wp-json\/wp\/v2\/users\/2"}],"replies":[{"embeddable":true,"href":"https:\/\/www.europesays.com\/fi\/wp-json\/wp\/v2\/comments?post=131405"}],"version-history":[{"count":0,"href":"https:\/\/www.europesays.com\/fi\/wp-json\/wp\/v2\/posts\/131405\/revisions"}],"wp:featuredmedia":[{"embeddable":true,"href":"https:\/\/www.europesays.com\/fi\/wp-json\/wp\/v2\/media\/128559"}],"wp:attachment":[{"href":"https:\/\/www.europesays.com\/fi\/wp-json\/wp\/v2\/media?parent=131405"}],"wp:term":[{"taxonomy":"category","embeddable":true,"href":"https:\/\/www.europesays.com\/fi\/wp-json\/wp\/v2\/categories?post=131405"},{"taxonomy":"post_tag","embeddable":true,"href":"https:\/\/www.europesays.com\/fi\/wp-json\/wp\/v2\/tags?post=131405"}],"curies":[{"name":"wp","href":"https:\/\/api.w.org\/{rel}","templated":true}]}}