{"id":131408,"date":"2026-01-02T09:18:11","date_gmt":"2026-01-02T09:18:11","guid":{"rendered":"https:\/\/www.europesays.com\/fi\/131408\/"},"modified":"2026-01-02T09:18:11","modified_gmt":"2026-01-02T09:18:11","slug":"hirvittava-tulipalo-sveitsilaisessa-yokerhossa-nain-tapahtumat-etenivat","status":"publish","type":"post","link":"https:\/\/www.europesays.com\/fi\/131408\/","title":{"rendered":"Hirvitt\u00e4v\u00e4 tulipalo sveitsil\u00e4isess\u00e4 y\u00f6kerhossa: n\u00e4in tapahtumat eteniv\u00e4t"},"content":{"rendered":"<p>Kuolleita on jo 47 ja loukkaantuneita 115. Uhrien joukossa on paljon nuoria ja ulkomaalaisia.<\/p>\n<p>1.1. 21:53<\/p>\n<p class=\"article-body mb-nof-24 px-nof-16\">Sveitsin tuhoisan ravintolapalon uhriluku vaikuttaa kasvavan yh\u00e4.<\/p>\n<p class=\"article-body mb-nof-24 px-nof-16\">Italian ulkoministerin <a class=\"font-bold underline-offset-[0.12em] [text-decoration:var(--person-link-text-decoration)] ![text-decoration-color:var(--person-link-text-decoration-color)]\" href=\"https:\/\/www.is.fi\/haku\/?query=Antonio%20Tajanin\" rel=\"nofollow noopener\" target=\"_blank\">Antonio Tajanin<\/a> mukaan kuolleita on ainakin 47. Sveitsil\u00e4isviranomaisten mukaan onnettomuudessa on lis\u00e4ksi loukkaantunut 115, joista useat vakavasti. Poliisi sanoi, ettei voi viel\u00e4 vahvistaa tarkkaa uhrilukua, mutta kuolleita on noin 40.<\/p>\n<p class=\"article-body mb-nof-24 px-nof-16\">Raju tulipalo tuhosi Crans-Montanan hiihtokeskuksessa sijaitsevan y\u00f6kerhon keskiviikon ja torstain v\u00e4lisen\u00e4 y\u00f6n\u00e4 uudenvuodenjuhlien aikana.<\/p>\n<p class=\"article-body mb-nof-24 px-nof-16\">Useat uhreista ovat ulkomaalaisia. Loukkaantuneiden joukossa on sveitsil\u00e4isten lis\u00e4ksi esimerkiksi ranskalaisia ja italialaisia.<\/p>\n<p><img decoding=\"async\" src=\"https:\/\/images.sanoma-sndp.fi\/5996c8641414504432fcb7c4a68c20ba.svg\" alt=\"\" class=\"_Img_1rerz_1\" style=\"aspect-ratio:0.92\" loading=\"eager\"\/><\/p>\n<p class=\"article-body mb-nof-24 px-nof-16\">Italialaisen uutistoimisto Ansan mukaan yksi vakavasti loukkaantuneista on 16-vuotias italialaistytt\u00f6. H\u00e4n on t\u00e4ll\u00e4 hetkell\u00e4 koomassa z\u00fcrichilaisessa sairaalassa.<\/p>\n<p class=\"article-body mb-nof-24 px-nof-16\">Suomen ulkoministeri\u00f6n mukaan heill\u00e4 ei ole vahvistettua tietoa, ett\u00e4 loukkaantuneiden tai uhrien joukossa olisi ollut suomalaisia.<\/p>\n<p class=\"article-body mb-nof-24 px-nof-16\">Loukkaantuneita on kuljetettu useisiin sairaaloihin Sveitsiin, Ranskaan, Saksaan ja Italiaan.<\/p>\n<p class=\"article-body mb-nof-24 px-nof-16\">Torstai-iltana j\u00e4rjestetyss\u00e4 tiedotustilaisuudessa Sveitsin liittovaltion presidentti <a class=\"font-bold underline-offset-[0.12em] [text-decoration:var(--person-link-text-decoration)] ![text-decoration-color:var(--person-link-text-decoration-color)]\" href=\"https:\/\/www.is.fi\/haku\/?query=Guy%20Parmelin\" rel=\"nofollow noopener\" target=\"_blank\">Guy Parmelin<\/a> luonnehti tragediaa yhdeksi maan historian pahimmista. Sveitsiin on m\u00e4\u00e4r\u00e4tty suruliputus viiden p\u00e4iv\u00e4n ajaksi.<\/p>\n<p class=\"article-body mb-nof-24 px-nof-16\">Sveitsin viranomaisilla ei ole viel\u00e4 t\u00e4ytt\u00e4 kuvaa siit\u00e4, mit\u00e4 uudenvuoden\u00ady\u00f6n tulipalossa tapahtui. Paikallisen poliisin mukaan tapauksen arvioidaan kuitenkin olleen onnettomuus, eik\u00e4 esimerkiksi terrori-isku.<\/p>\n<p class=\"article-body mb-nof-24 px-nof-16\">Useat silminn\u00e4kij\u00e4t ovat kuitenkin kertoneet palon saaneen alkunsa samppanjapulloihin kiinnitetyist\u00e4 ilotulitemaisista s\u00e4desuihkukynttil\u00f6ist\u00e4, jotka sytyttiv\u00e4t baarin katon palamaan.<\/p>\n<p class=\"article-body mb-nof-24 px-nof-16\">\u2013 Yksi niist\u00e4 oli liian l\u00e4hell\u00e4 kattoa. Muutamassa sekunnissa koko katto oli tulessa. Kaikki oli puuta, ranskalaisnainen kertoi uutiskanava <a class=\"underline underline-offset-[0.12em] [text-decoration-thickness:var(--generic-link-underline-thickness)] [text-decoration-color:var(--generic-link-underline-color)] [text-decoration-skip-ink:var(--generic-link-underline-skip-ink)] break-words\" href=\"https:\/\/www.bfmtv.com\/international\/europe\/suisse\/tout-le-plafond-etait-en-feu-deux-francaises-racontent-la-panique-lors-de-l-incendie-mortel-a-crans-montana_AV-202601010284.html\" rel=\"nofollow noopener\" target=\"_blank\">BFM:lle<\/a>.<\/p>\n<p class=\"article-body mb-nof-24 px-nof-16\">Palon syttymisen j\u00e4lkeen ihmiset juoksivat pakokauhun vallassa ulos oviaukosta, joka oli paikalla olleiden mukaan liian pieni.<\/p>\n<p><img decoding=\"async\" src=\"https:\/\/www.europesays.com\/fi\/wp-content\/uploads\/2026\/01\/1767345489_241_468.jpg\" alt=\"\" class=\"_Img_1rerz_1\" style=\"aspect-ratio:1.5106215578284816\" loading=\"eager\"\/><img decoding=\"async\" src=\"https:\/\/www.europesays.com\/fi\/wp-content\/uploads\/2026\/01\/1767345489_99_468.jpg\" alt=\"\" class=\"_Img_1rerz_1\" style=\"aspect-ratio:1.5011727912431587\" loading=\"eager\"\/><\/p>\n<p class=\"article-picture-caption\">Kuva:\u00a0Alessandro della Valle<\/p>\n<p class=\"article-body mb-nof-24 px-nof-16\">Toinen ranskalainen <a class=\"font-bold underline-offset-[0.12em] [text-decoration:var(--person-link-text-decoration)] ![text-decoration-color:var(--person-link-text-decoration-color)]\" href=\"https:\/\/www.is.fi\/haku\/?query=Victoria\" rel=\"nofollow noopener\" target=\"_blank\">Victoria<\/a>, 16, oli yst\u00e4viens\u00e4 kanssa juhlimassa uutta vuotta turmaravintolassa. Victorian mukaan tulipalo alkoi y\u00f6kerhon kellarissa, ja h\u00e4n uskoo sen olleen \u201dtyper\u00e4 onnettomuus\u201d.<\/p>\n<p class=\"article-body mb-nof-24 px-nof-16\">\u2013 Y\u00f6kerhoissa samppanjapulloihin laitetaan usein ilotulitteiden kaltaisia \u200b\u200bs\u00e4desuihkukynttil\u00f6it\u00e4, jotka sammuvat itsest\u00e4\u00e4n, h\u00e4n kertoi ranskalaiselle RTL-radioasemalle.<\/p>\n<p class=\"article-body mb-nof-24 px-nof-16\">\u2013 Tarjoilija kiipesi toisen tarjoilijan harteille ja nosti pulloa l\u00e4hell\u00e4 kattoa. Mutta katto oli tehty puusta ja syttyi tuleen hyvin nopeasti.<\/p>\n<p class=\"article-body mb-nof-24 px-nof-16\">\u2013 Meill\u00e4 oli uskomattoman paljon onnea, koska olimme ensimm\u00e4iset, jotka n\u00e4kiv\u00e4t liekit ja reagoivat, h\u00e4n sanoo.<\/p>\n<p><img decoding=\"async\" src=\"https:\/\/www.europesays.com\/fi\/wp-content\/uploads\/2026\/01\/1767345489_653_468.jpg\" alt=\"Ihmiset syleiliv\u00e4t toisiaan Le Constellation -baarin edustalla uudenvuodenp\u00e4iv\u00e4n\u00e4.\" class=\"_Img_1rerz_1\" style=\"aspect-ratio:1.4883720930232558\" loading=\"eager\"\/><\/p>\n<p class=\"article-picture-caption\">Ihmiset syleiliv\u00e4t toisiaan Le Constellation -baarin edustalla uudenvuodenp\u00e4iv\u00e4n\u00e4. Kuva:\u00a0Stephanie Lecocq<\/p>\n<p class=\"article-body mb-nof-24 px-nof-16\">Toistaiseksi ei ole tiedossa, kuinka paljon ravintolassa oli ihmisi\u00e4 palon syttyess\u00e4. Baariin mahtuu 300\u2013400 asiakasta.<\/p>\n<p class=\"article-body mb-nof-24 px-nof-16\">Kantonin turvallisuusjohtaja <a class=\"font-bold underline-offset-[0.12em] [text-decoration:var(--person-link-text-decoration)] ![text-decoration-color:var(--person-link-text-decoration-color)]\" href=\"https:\/\/www.is.fi\/haku\/?query=St%C3%A9phane%20Ganzer\" rel=\"nofollow noopener\" target=\"_blank\">St\u00e9phane Ganzer<\/a> kertoi, ett\u00e4 ravintolassa oli \u201dnuorta juhlav\u00e4ke\u00e4\u201d uudenvuodenjuhlissa, mutta ei osaa sanoa, oliko uhrien joukossa alaik\u00e4isi\u00e4.<\/p>\n<p class=\"article-body mb-nof-24 px-nof-16\">Lausannen yliopistollisen sairaalan johtajan <a class=\"font-bold underline-offset-[0.12em] [text-decoration:var(--person-link-text-decoration)] ![text-decoration-color:var(--person-link-text-decoration-color)]\" href=\"https:\/\/www.is.fi\/haku\/?query=Claire%20Charmetin\" rel=\"nofollow noopener\" target=\"_blank\">Claire Charmetin<\/a> mukaan heill\u00e4 hoidossa olevat uhrit ovat 16\u201326-vuotiaita.<\/p>\n<p class=\"article-body mb-nof-24 px-nof-16\">Valais\u2019n kantonin poliisip\u00e4\u00e4llik\u00f6n <a class=\"font-bold underline-offset-[0.12em] [text-decoration:var(--person-link-text-decoration)] ![text-decoration-color:var(--person-link-text-decoration-color)]\" href=\"https:\/\/www.is.fi\/haku\/?query=Frederic%20Gislerin\" rel=\"nofollow noopener\" target=\"_blank\">Frederic Gislerin<\/a> mukaan viranomaisten ensisijainen teht\u00e4v\u00e4 l\u00e4hip\u00e4ivin\u00e4 on tunnistaa menehtyneet, jotta heid\u00e4t voidaan toimittaa pian omaisille.<\/p>\n<p><img decoding=\"async\" src=\"https:\/\/www.europesays.com\/fi\/wp-content\/uploads\/2026\/01\/1767345489_838_468.jpg\" alt=\"\" class=\"_Img_1rerz_1\" style=\"aspect-ratio:1.43928035982009\" loading=\"eager\"\/><\/p>\n<p class=\"article-body mb-nof-24 px-nof-16\">Tulipalon syttymissyyn lis\u00e4ksi sen aiheuttama valtava uhrim\u00e4\u00e4r\u00e4 on her\u00e4tt\u00e4nyt julkisuudessa kysymyksi\u00e4 y\u00f6kerhon turvaj\u00e4rjestelyist\u00e4.<\/p>\n<p class=\"article-body mb-nof-24 px-nof-16\">Paikalta julkaistujen videoiden perusteella n\u00e4ytt\u00e4\u00e4, ett\u00e4 tulipalo levisi r\u00e4j\u00e4hdysm\u00e4isesti kattoon kiinnitetyiss\u00e4 \u00e4\u00e4nieristeiss\u00e4 ja levisi puupanelointiin.<\/p>\n<p class=\"article-body mb-nof-24 px-nof-16\">Y\u00f6kerhon kaksikerroksisissa tiloissa on lis\u00e4ksi vain yksi ulosk\u00e4ynti, mik\u00e4 hidasti merkitt\u00e4v\u00e4sti palavasta rakennuksesta poistumista.<\/p>\n<p class=\"article-body mb-nof-24 px-nof-16\">Sveitsil\u00e4ismedia <a class=\"underline underline-offset-[0.12em] [text-decoration-thickness:var(--generic-link-underline-thickness)] [text-decoration-color:var(--generic-link-underline-color)] [text-decoration-skip-ink:var(--generic-link-underline-skip-ink)] break-words\" href=\"https:\/\/www.blick.ch\/schweiz\/westschweiz\/wallis\/feuerhoelle-le-constellation-in-dieser-bar-starben-dutzende-menschen-id21561725.html\" rel=\"nofollow noopener\" target=\"_blank\">Blickin<\/a> mukaan y\u00f6kerho mainosti YouTubessa samppanjapulloihin kiinnitettyj\u00e4 s\u00e4desuihkukynttil\u00f6it\u00e4, joista useat silminn\u00e4kij\u00e4t kertovat palon saaneen alkunsa.<\/p>\n<p><img decoding=\"async\" src=\"https:\/\/www.europesays.com\/fi\/wp-content\/uploads\/2026\/01\/468.gif\" alt=\"\" class=\"_Img_1rerz_1\" style=\"aspect-ratio:0.8318890814558059\" loading=\"eager\"\/><\/p>\n","protected":false},"excerpt":{"rendered":"Kuolleita on jo 47 ja loukkaantuneita 115. Uhrien joukossa on paljon nuoria ja ulkomaalaisia. 1.1. 21:53 Sveitsin tuhoisan&hellip;\n","protected":false},"author":2,"featured_media":131409,"comment_status":"","ping_status":"","sticky":false,"template":"","format":"standard","meta":{"footnotes":""},"categories":[113],"tags":[446,33,31,30,34,118,32,119,447],"class_list":{"0":"post-131408","1":"post","2":"type-post","3":"status-publish","4":"format-standard","5":"has-post-thumbnail","7":"category-ymparisto","8":"tag-environment","9":"tag-fi","10":"tag-finland","11":"tag-finnish","12":"tag-ilta-sanomat","13":"tag-science","14":"tag-suomi","15":"tag-tiede","16":"tag-ymparisto"},"share_on_mastodon":{"url":"https:\/\/pubeurope.com\/@fi\/115824761447617542","error":""},"_links":{"self":[{"href":"https:\/\/www.europesays.com\/fi\/wp-json\/wp\/v2\/posts\/131408","targetHints":{"allow":["GET"]}}],"collection":[{"href":"https:\/\/www.europesays.com\/fi\/wp-json\/wp\/v2\/posts"}],"about":[{"href":"https:\/\/www.europesays.com\/fi\/wp-json\/wp\/v2\/types\/post"}],"author":[{"embeddable":true,"href":"https:\/\/www.europesays.com\/fi\/wp-json\/wp\/v2\/users\/2"}],"replies":[{"embeddable":true,"href":"https:\/\/www.europesays.com\/fi\/wp-json\/wp\/v2\/comments?post=131408"}],"version-history":[{"count":0,"href":"https:\/\/www.europesays.com\/fi\/wp-json\/wp\/v2\/posts\/131408\/revisions"}],"wp:featuredmedia":[{"embeddable":true,"href":"https:\/\/www.europesays.com\/fi\/wp-json\/wp\/v2\/media\/131409"}],"wp:attachment":[{"href":"https:\/\/www.europesays.com\/fi\/wp-json\/wp\/v2\/media?parent=131408"}],"wp:term":[{"taxonomy":"category","embeddable":true,"href":"https:\/\/www.europesays.com\/fi\/wp-json\/wp\/v2\/categories?post=131408"},{"taxonomy":"post_tag","embeddable":true,"href":"https:\/\/www.europesays.com\/fi\/wp-json\/wp\/v2\/tags?post=131408"}],"curies":[{"name":"wp","href":"https:\/\/api.w.org\/{rel}","templated":true}]}}