{"id":131410,"date":"2026-01-02T09:25:08","date_gmt":"2026-01-02T09:25:08","guid":{"rendered":"https:\/\/www.europesays.com\/fi\/131410\/"},"modified":"2026-01-02T09:25:08","modified_gmt":"2026-01-02T09:25:08","slug":"pia-penttala-istui-laakarissa-sitten-hanen-sydamestaan-kuului-outo-aani","status":"publish","type":"post","link":"https:\/\/www.europesays.com\/fi\/131410\/","title":{"rendered":"Pia Penttala istui l\u00e4\u00e4k\u00e4riss\u00e4 \u2013 Sitten h\u00e4nen syd\u00e4mest\u00e4\u00e4n kuului outo \u00e4\u00e4ni"},"content":{"rendered":"<p>Tv-t\u00e4hti Pia Penttala sai vakavan tiedon l\u00e4\u00e4k\u00e4rilt\u00e4.<\/p>\n<p class=\"paragraph\">Kasvatusalan ammattilainen ja Supernanny Suomesta tuttu <a href=\"https:\/\/www.iltalehti.fi\/henkilot\/Pia Penttalalta\" class=\"article-link-person-page\" rel=\"nofollow noopener\" target=\"_blank\">Pia Penttala<\/a> istui l\u00e4\u00e4k\u00e4rin vastaanotolla reilu vuosi sitten. H\u00e4n ei voinut uskoa, mit\u00e4 l\u00e4\u00e4k\u00e4ri sanoi h\u00e4nelle.<\/p>\n<p class=\"paragraph\">\u2013 L\u00e4\u00e4k\u00e4ri kuuli syd\u00e4mest\u00e4ni oudon \u00e4\u00e4nen, Penttala muistelee.<\/p>\n<p class=\"paragraph\">Lopulta syyksi paljastui syd\u00e4men eteiskammion v\u00e4rin\u00e4, eli kansankieless\u00e4 tunnettu \u201dflimmeri\u201d. Eteisv\u00e4rin\u00e4ss\u00e4 syd\u00e4men eteiset eiv\u00e4t supistu normaalisti, mik\u00e4 aiheuttaa nopean sykkeen. Oireina voivat olla esimerkiksi huimaus tai v\u00e4symys.<\/p>\n<p class=\"paragraph\">\u2013 Diagnoosin j\u00e4lkeen tajusin, ett\u00e4 olin ollut muutaman kuukauden aivan hirve\u00e4n v\u00e4synyt.<\/p>\n<p><img decoding=\"async\" class=\"image image-show image-preview\" src=\"https:\/\/www.europesays.com\/fi\/wp-content\/uploads\/2026\/01\/811eec31373eb143906a9affd1413ad5994cd5c7687f36280e0a056a1122dbae.jpg\" alt=\"\"\/><img decoding=\"async\" class=\"image image-show\" src=\"https:\/\/www.europesays.com\/fi\/wp-content\/uploads\/2026\/01\/1767345908_926_811eec31373eb143906a9affd1413ad5994cd5c7687f36280e0a056a1122dbae.jpg\" alt=\"\"\/><\/p>\n<p>Pia Penttala pit\u00e4\u00e4 huolta hyvinvoinnistaan ruokavaliolla ja liikunnalla. Pete Anikari<\/p>\n<p class=\"paragraph\">T\u00e4m\u00e4n lis\u00e4ksi Penttalalla oli todettu aiemmin verenpainetauti.<\/p>\n<p class=\"paragraph\">H\u00e4n oli <strong>Ari<\/strong>-puolisonsa kanssa vierailemassa vanhempiensa luona. Penttala tunsi olonsa huonoksi ja h\u00e4nt\u00e4 huimasi. Kun Penttalan is\u00e4 mittasi tytt\u00e4rens\u00e4 verenpaineen, lukemat olivat hurjat.<\/p>\n<p class=\"paragraph\">Aluksi diagnoosit huolestuttivat.<\/p>\n<p class=\"paragraph\">\u2013 Luulin olevani t\u00e4ysin terve ihminen. Tajusin olleeni k\u00e4velev\u00e4 aikapommi. Kun tuollainen tulee t\u00e4ysin puskista, aluksi her\u00e4\u00e4 h\u00e4mm\u00e4stys.<\/p>\n<p class=\"paragraph\">Nyky\u00e4\u00e4n Penttala suhtautuu pitk\u00e4aikaissairauksiinsa rauhallisin mielin. H\u00e4n antaa kiitosta terveydenhuollon asiantuntijoille saamastaan tuesta ja avusta.<\/p>\n<p class=\"paragraph\">\u2013 Totuttelen el\u00e4m\u00e4\u00e4n n\u00e4iden sairauksien kanssa. Olen eritt\u00e4in s\u00e4ntillinen l\u00e4\u00e4kityksen kanssa ja k\u00e4yn puolen vuoden v\u00e4lein terveystarkastuksessa.<\/p>\n<p class=\"paragraph\">Lue koko haastattelu juuri ilmestyneest\u00e4 Hyv\u00e4 olo -erikoislehdest\u00e4.<\/p>\n","protected":false},"excerpt":{"rendered":"Tv-t\u00e4hti Pia Penttala sai vakavan tiedon l\u00e4\u00e4k\u00e4rilt\u00e4. Kasvatusalan ammattilainen ja Supernanny Suomesta tuttu Pia Penttala istui l\u00e4\u00e4k\u00e4rin vastaanotolla&hellip;\n","protected":false},"author":2,"featured_media":131411,"comment_status":"","ping_status":"","sticky":false,"template":"","format":"standard","meta":{"footnotes":""},"categories":[136],"tags":[35,407,137,33,31,30,408,764,32,765,502,167,140,139,109],"class_list":{"0":"post-131410","1":"post","2":"type-post","3":"status-publish","4":"format-standard","5":"has-post-thumbnail","7":"category-julkkikset","8":"tag-24h","9":"tag-celebrities","10":"tag-entertainment","11":"tag-fi","12":"tag-finland","13":"tag-finnish","14":"tag-julkkikset","15":"tag-sairaudet","16":"tag-suomi","17":"tag-taudit-ja-hairiot","18":"tag-terveydenhoito","19":"tag-terveys","20":"tag-tv-ja-elokuvat","21":"tag-tv-ohjelmat","22":"tag-viihde"},"share_on_mastodon":{"url":"https:\/\/pubeurope.com\/@fi\/115824788952594455","error":""},"_links":{"self":[{"href":"https:\/\/www.europesays.com\/fi\/wp-json\/wp\/v2\/posts\/131410","targetHints":{"allow":["GET"]}}],"collection":[{"href":"https:\/\/www.europesays.com\/fi\/wp-json\/wp\/v2\/posts"}],"about":[{"href":"https:\/\/www.europesays.com\/fi\/wp-json\/wp\/v2\/types\/post"}],"author":[{"embeddable":true,"href":"https:\/\/www.europesays.com\/fi\/wp-json\/wp\/v2\/users\/2"}],"replies":[{"embeddable":true,"href":"https:\/\/www.europesays.com\/fi\/wp-json\/wp\/v2\/comments?post=131410"}],"version-history":[{"count":0,"href":"https:\/\/www.europesays.com\/fi\/wp-json\/wp\/v2\/posts\/131410\/revisions"}],"wp:featuredmedia":[{"embeddable":true,"href":"https:\/\/www.europesays.com\/fi\/wp-json\/wp\/v2\/media\/131411"}],"wp:attachment":[{"href":"https:\/\/www.europesays.com\/fi\/wp-json\/wp\/v2\/media?parent=131410"}],"wp:term":[{"taxonomy":"category","embeddable":true,"href":"https:\/\/www.europesays.com\/fi\/wp-json\/wp\/v2\/categories?post=131410"},{"taxonomy":"post_tag","embeddable":true,"href":"https:\/\/www.europesays.com\/fi\/wp-json\/wp\/v2\/tags?post=131410"}],"curies":[{"name":"wp","href":"https:\/\/api.w.org\/{rel}","templated":true}]}}