{"id":131414,"date":"2026-01-02T09:32:09","date_gmt":"2026-01-02T09:32:09","guid":{"rendered":"https:\/\/www.europesays.com\/fi\/131414\/"},"modified":"2026-01-02T09:32:09","modified_gmt":"2026-01-02T09:32:09","slug":"kultaleijona-yllatyshaat","status":"publish","type":"post","link":"https:\/\/www.europesays.com\/fi\/131414\/","title":{"rendered":"Kultaleijona \u2013 Yll\u00e4tysh\u00e4\u00e4t!"},"content":{"rendered":"<p>Niko ja Susanna Hovinen sanoivat toisilleen \u201dtahdon\u201d.<\/p>\n<p><img decoding=\"async\" class=\"image image-show image-preview\" src=\"https:\/\/www.europesays.com\/fi\/wp-content\/uploads\/2026\/01\/46c0baae44e165c0da78d36df7e9faf88e98d9b00a4f18ef7a422faef3c99ce5.jpg\" alt=\"\"\/><img decoding=\"async\" class=\"image image-show\" src=\"https:\/\/www.europesays.com\/fi\/wp-content\/uploads\/2026\/01\/1767346327_982_46c0baae44e165c0da78d36df7e9faf88e98d9b00a4f18ef7a422faef3c99ce5.jpg\" alt=\"\"\/><\/p>\n<p>Niko Hovinen purjehti avioliiton satamaan. Roosa Br\u00f6ijer<\/p>\n<p class=\"paragraph\">J\u00e4\u00e4kiekkoilija <strong>Niko Hovinen<\/strong> ja <strong>Susanna Hovinen<\/strong> (ent. Ilo) ovat menneet naimisiin.<\/p>\n<p class=\"paragraph\">Susanna Hovinen kertoi ilouutisesta Instagramissa.<\/p>\n<p class=\"paragraph\">\u2013 Vain me kaksi (kolme) t\u00e4ll\u00e4 kertaa, kuvatekstiss\u00e4 kerrotaan.<\/p>\n<p class=\"paragraph\">Susanna Hovinen odottaa pariskunnan esikoista.<\/p>\n<p class=\"paragraph\">Julkaisun mukaan kaksikko sanoi toisilleen tahdon Turun tuomiokirkossa 22. joulukuuta. Vihkitilaisuus pidettiin pienen piirin tiedossa.<\/p>\n<p class=\"paragraph\">\u2013 Valtava tuomiokirkko ja vain me kaksi, pappi, kanttori ja kuvaaja. P\u00e4iv\u00e4 ja muistot, jotka ei unohdu meilt\u00e4 ikin\u00e4, Hovinen kirjoittaa.<\/p>\n<p class=\"paragraph\">Pariskunta on pit\u00e4nyt yht\u00e4 vuodesta 2023. Susanna Hovinen kertoo julkaisussaan syyn naimisiinmenon ajankohdalle.<\/p>\n<p class=\"paragraph\">\u2013 Ja ennen kuin kaverit tulette linjoja pitkin, bileit\u00e4 ei ole peruttu. Ainoastaan nopea uudelleenaikataulutus, ett\u00e4 saadaan pieninkin sulhaspoika juhliin mukaan, perustelu kuuluu.<\/p>\n<p class=\"paragraph\">Hovinen on kultaleijona MM-vuodelta 2011. 37-vuotias ver\u00e4j\u00e4nvartija pelaa t\u00e4ll\u00e4 hetkell\u00e4 Helsingin IFK:ssa. Suomen mestaruuden h\u00e4n voitti Tapparan riveiss\u00e4 kev\u00e4\u00e4ll\u00e4 2023.<\/p>\n<p><a href=\"https:\/\/www.iltalehti.fi\/telkku\/?utm_source=iltalehti.fi&amp;utm_medium=almainternal&amp;utm_campaign=urheilu_artikkelibanneri&amp;utm_content=banner_612_a\" rel=\"nofollow noopener\" target=\"_blank\"><img decoding=\"async\" src=\"https:\/\/www.europesays.com\/fi\/wp-content\/uploads\/2025\/08\/7ef604e47d46ca174b7df4149bd3557dbde56a86d520f8e1b2125548b0a2e03a.png\" alt=\"TV-ohjelmat t\u00e4n\u00e4\u00e4n, TV-opas\"\/><\/a><\/p>\n","protected":false},"excerpt":{"rendered":"Niko ja Susanna Hovinen sanoivat toisilleen \u201dtahdon\u201d. Niko Hovinen purjehti avioliiton satamaan. Roosa Br\u00f6ijer J\u00e4\u00e4kiekkoilija Niko Hovinen ja&hellip;\n","protected":false},"author":2,"featured_media":131415,"comment_status":"","ping_status":"","sticky":false,"template":"","format":"standard","meta":{"footnotes":""},"categories":[158],"tags":[35,1144,33,31,30,1143,2135,1146,159,32,1145,160],"class_list":{"0":"post-131414","1":"post","2":"type-post","3":"status-publish","4":"format-standard","5":"has-post-thumbnail","7":"category-urheilu","8":"tag-24h","9":"tag-ammattilaisjaakiekko","10":"tag-fi","11":"tag-finland","12":"tag-finnish","13":"tag-jaakiekko","14":"tag-jaakiekkopelaajat-miehet","15":"tag-miesten-jaakiekko","16":"tag-sports","17":"tag-suomi","18":"tag-talviurheilu","19":"tag-urheilu"},"share_on_mastodon":{"url":"https:\/\/pubeurope.com\/@fi\/115824816645488243","error":""},"_links":{"self":[{"href":"https:\/\/www.europesays.com\/fi\/wp-json\/wp\/v2\/posts\/131414","targetHints":{"allow":["GET"]}}],"collection":[{"href":"https:\/\/www.europesays.com\/fi\/wp-json\/wp\/v2\/posts"}],"about":[{"href":"https:\/\/www.europesays.com\/fi\/wp-json\/wp\/v2\/types\/post"}],"author":[{"embeddable":true,"href":"https:\/\/www.europesays.com\/fi\/wp-json\/wp\/v2\/users\/2"}],"replies":[{"embeddable":true,"href":"https:\/\/www.europesays.com\/fi\/wp-json\/wp\/v2\/comments?post=131414"}],"version-history":[{"count":0,"href":"https:\/\/www.europesays.com\/fi\/wp-json\/wp\/v2\/posts\/131414\/revisions"}],"wp:featuredmedia":[{"embeddable":true,"href":"https:\/\/www.europesays.com\/fi\/wp-json\/wp\/v2\/media\/131415"}],"wp:attachment":[{"href":"https:\/\/www.europesays.com\/fi\/wp-json\/wp\/v2\/media?parent=131414"}],"wp:term":[{"taxonomy":"category","embeddable":true,"href":"https:\/\/www.europesays.com\/fi\/wp-json\/wp\/v2\/categories?post=131414"},{"taxonomy":"post_tag","embeddable":true,"href":"https:\/\/www.europesays.com\/fi\/wp-json\/wp\/v2\/tags?post=131414"}],"curies":[{"name":"wp","href":"https:\/\/api.w.org\/{rel}","templated":true}]}}