{"id":131418,"date":"2026-01-02T09:34:07","date_gmt":"2026-01-02T09:34:07","guid":{"rendered":"https:\/\/www.europesays.com\/fi\/131418\/"},"modified":"2026-01-02T09:34:07","modified_gmt":"2026-01-02T09:34:07","slug":"hallinto-oikeus-ei-tutki-saarijarven-soidinmaen-tuulivoiman-meluvalitusta-pelkka-asuminen-alueella-ei-tuonut-valitusoikeutta-keski-suomi","status":"publish","type":"post","link":"https:\/\/www.europesays.com\/fi\/131418\/","title":{"rendered":"Hallinto-oikeus ei tutki Saarij\u00e4rven Soidinm\u00e4en tuulivoiman meluvalitusta \u2013 pelkk\u00e4 asuminen alueella ei tuonut valitusoikeutta | Keski-Suomi"},"content":{"rendered":"<p>Vaasan hallinto-oikeus ei tutki Saarij\u00e4rven Soidinm\u00e4en tuulivoimaa koskevaa valitusta. P\u00e4\u00e4t\u00f6ksen perustelujen mukaan valittajalla ei ollut valitusoikeutta, eik\u00e4 h\u00e4n t\u00e4ydent\u00e4nyt valitusta, vaikka h\u00e4nelle varattiin siihen tilaisuus.<\/p>\n<p>Soidinm\u00e4en tuulivoima-alueella on seitsem\u00e4n vuonna 2022 valmistunutta voimalaa. Joukko yksityishenkil\u00f6it\u00e4 ilmoitti niiden melusta, jonka j\u00e4lkeen tehdyist\u00e4 melumittauksista ymp\u00e4rist\u00f6lautakunta katsoi niiden olevan vaatimuksenmukaisia. Melulle asetetun ohjearvon ylityksi\u00e4 ei havaittu. Lautakunta totesi my\u00f6s, ettei tuulivoimaloista aiheudu sellaista kohtuutonta rasitusta, ett\u00e4 tuulivoimatoimijan tulisi hakea ymp\u00e4rist\u00f6lupaa.<\/p>\n","protected":false},"excerpt":{"rendered":"Vaasan hallinto-oikeus ei tutki Saarij\u00e4rven Soidinm\u00e4en tuulivoimaa koskevaa valitusta. P\u00e4\u00e4t\u00f6ksen perustelujen mukaan valittajalla ei ollut valitusoikeutta, eik\u00e4 h\u00e4n&hellip;\n","protected":false},"author":2,"featured_media":131419,"comment_status":"","ping_status":"","sticky":false,"template":"","format":"standard","meta":{"footnotes":""},"categories":[112],"tags":[124,1628,33,31,30,590,10894,932,118,32,119,534,709],"class_list":{"0":"post-131418","1":"post","2":"type-post","3":"status-publish","4":"format-standard","5":"has-post-thumbnail","7":"category-tiede","8":"tag-energia-sektori","9":"tag-energia-ja-energiavarat","10":"tag-fi","11":"tag-finland","12":"tag-finnish","13":"tag-saarijarven-viitasaaren-seutukunta","14":"tag-saarijarvi","15":"tag-sahkontuotanto-ja-jakelu","16":"tag-science","17":"tag-suomi","18":"tag-tiede","19":"tag-ymparisto-ja-luonto","20":"tag-ymparistoasiat"},"share_on_mastodon":{"url":"https:\/\/pubeurope.com\/@fi\/115824824331869709","error":""},"_links":{"self":[{"href":"https:\/\/www.europesays.com\/fi\/wp-json\/wp\/v2\/posts\/131418","targetHints":{"allow":["GET"]}}],"collection":[{"href":"https:\/\/www.europesays.com\/fi\/wp-json\/wp\/v2\/posts"}],"about":[{"href":"https:\/\/www.europesays.com\/fi\/wp-json\/wp\/v2\/types\/post"}],"author":[{"embeddable":true,"href":"https:\/\/www.europesays.com\/fi\/wp-json\/wp\/v2\/users\/2"}],"replies":[{"embeddable":true,"href":"https:\/\/www.europesays.com\/fi\/wp-json\/wp\/v2\/comments?post=131418"}],"version-history":[{"count":0,"href":"https:\/\/www.europesays.com\/fi\/wp-json\/wp\/v2\/posts\/131418\/revisions"}],"wp:featuredmedia":[{"embeddable":true,"href":"https:\/\/www.europesays.com\/fi\/wp-json\/wp\/v2\/media\/131419"}],"wp:attachment":[{"href":"https:\/\/www.europesays.com\/fi\/wp-json\/wp\/v2\/media?parent=131418"}],"wp:term":[{"taxonomy":"category","embeddable":true,"href":"https:\/\/www.europesays.com\/fi\/wp-json\/wp\/v2\/categories?post=131418"},{"taxonomy":"post_tag","embeddable":true,"href":"https:\/\/www.europesays.com\/fi\/wp-json\/wp\/v2\/tags?post=131418"}],"curies":[{"name":"wp","href":"https:\/\/api.w.org\/{rel}","templated":true}]}}