{"id":131422,"date":"2026-01-02T09:37:06","date_gmt":"2026-01-02T09:37:06","guid":{"rendered":"https:\/\/www.europesays.com\/fi\/131422\/"},"modified":"2026-01-02T09:37:06","modified_gmt":"2026-01-02T09:37:06","slug":"vartijan-panttivangiksi-ottanut-murhaaja-saa-mittavat-korvaukset","status":"publish","type":"post","link":"https:\/\/www.europesays.com\/fi\/131422\/","title":{"rendered":"Vartijan panttivangiksi ottanut murhaaja saa mittavat korvaukset"},"content":{"rendered":"<p class=\"ai-optimize-7 ai-optimize-introduction\">Britanniassa vankeustuomiota istuva kaksoismurhaaja <strong>Fuad Awale<\/strong> on voittanut oikeusjutun maan korkeimmassa oikeudessa. Awale saa 7500 punnan korvaukset ja lis\u00e4ksi valtio kuittaa Awalen 234000 puntaa maksaneet oikeuskulut, <a href=\"https:\/\/www.telegraph.co.uk\/news\/2026\/01\/01\/islamist-double-killer-handed-240k-david-lammy\/\" target=\"_blank\" rel=\"noopener nofollow\">kertoo<\/a> muun muassa The Telegraph.<\/p>\n<p class=\"ai-optimize-8\">Awale otti kahden muun vangin kanssa vartijan panttivangiksi ja uhkasi tappaa t\u00e4m\u00e4n, mik\u00e4li Britannia ei vapauta islam-extremisti ja vihasaarnaaja <strong>Abu Qatadaa<\/strong>, jota tuolloin vuonna 2013 oltiin karkottamassa Jordaniaan. Tapauksen j\u00e4lkeen Awale siirrettiin vaarallisille vangeille tarkoitettuun eristysyksikk\u00f6\u00f6n, jotta h\u00e4n ei p\u00e4\u00e4sisi vahingoittamaan ja radikalisoimaan muita.<\/p>\n<p class=\"ai-optimize-9\">Awale vetosi oikeudessa Euroopan ihmisoikeussopimuksen 8. artiklaan, jonka mukaan jokaisella on oikeus nauttia yksityis- ja perhe-el\u00e4m\u00e4n kunnioitusta. Awalen mukaan h\u00e4nen yksityisel\u00e4m\u00e4ns\u00e4 k\u00e4rsi ja h\u00e4n poti syv\u00e4\u00e4 masennusta, koska yhteydenpitoa muihin vankeihin rajoitettiin.<\/p>\n<p class=\"ai-optimize-10\">Oikeudelle kerrottiin, ett\u00e4 Awale oli halunnut olla yhteydess\u00e4 islamistimurhaajaan, joka tappoi brittisotilaan Lontoossa vuonna 2013. Pyynt\u00f6 ev\u00e4ttiin terrorismihuolien takia.<\/p>\n<p class=\"ai-optimize-11\">Korkein oikeus ratkaisi asian Awalen hyv\u00e4ksi. Tuomari totesi, ett\u00e4 se, miss\u00e4 m\u00e4\u00e4rin kantajan yksityisel\u00e4m\u00e4\u00e4n on puututtu erist\u00e4m\u00e4ll\u00e4 h\u00e4net yhteydest\u00e4 muihin vankeihin, on ollut merkitt\u00e4v\u00e4\u00e4 sek\u00e4 laajuudeltaan ett\u00e4 kestoltaan.<\/p>\n<p class=\"ai-optimize-12\">Konservatiivipuolueen oikeusasioista vastaavan <strong>Robert Jenrickin<\/strong> mukaan ratkaisu voi avata korkin \u00e4\u00e4riliikkeisiin kuuluvien samantyyppisille oikeusjutuille, sek\u00e4 vaarantaa vanginvartijoiden turvallisuuden, mik\u00e4li vaarallisia rikollisia ei voida erist\u00e4\u00e4 tarpeen vaatiessa.<\/p>\n<p class=\"ai-optimize-13\">\u2013 On sairas vitsi, ett\u00e4 veronmaksajat maksavat t\u00e4lle miehelle 7500 puntaa korvauksia ja kuittaavat yli 230000 punnan oikeuskulut. H\u00e4n on kaksoismurhaaja ja \u00e4\u00e4riajattelija, joka otti vartijan panttivangiksi, Jenrick korosti.<\/p>\n<p class=\"ai-optimize-14\">Fuad Awale tappoi teloitustyyliin kaksi nuorta miest\u00e4 vuonna 2011 huumekauppojen yhteydess\u00e4. H\u00e4n istuu elinkautista tuomiota.<\/p>\n<p class=\"ai-optimize-15\">Maan oikeusministerin <strong>David Lammyn<\/strong> mukaan ministerit arvioivat parhaillaan, tarvitaanko lakimuutoksia, jotta v\u00e4kivaltarikolliset eiv\u00e4t voi hy\u00f6dynt\u00e4\u00e4 Euroopan ihmissoikeussopimusta kansallisen turvallisuuden suojelemista vastaan.<\/p>\n","protected":false},"excerpt":{"rendered":"Britanniassa vankeustuomiota istuva kaksoismurhaaja Fuad Awale on voittanut oikeusjutun maan korkeimmassa oikeudessa. Awale saa 7500 punnan korvaukset ja&hellip;\n","protected":false},"author":2,"featured_media":131423,"comment_status":"","ping_status":"","sticky":false,"template":"","format":"standard","meta":{"footnotes":""},"categories":[14],"tags":[22,23,26,27,33,31,30,17,4897,24,25,28,29,15,1915,18,21,32,19,20,56,16,59,60,61],"class_list":{"0":"post-131422","1":"post","2":"type-post","3":"status-publish","4":"format-standard","5":"has-post-thumbnail","7":"category-ulkomaat","8":"tag-breaking-news","9":"tag-breakingnews","10":"tag-featured-news","11":"tag-featurednews","12":"tag-fi","13":"tag-finland","14":"tag-finnish","15":"tag-headlines","16":"tag-iso-britannia","17":"tag-latest-news","18":"tag-latestnews","19":"tag-main-news","20":"tag-mainnews","21":"tag-news","22":"tag-oikeus","23":"tag-otsikot","24":"tag-paauutiset","25":"tag-suomi","26":"tag-top-stories","27":"tag-topstories","28":"tag-ulkomaat","29":"tag-uutiset","30":"tag-world","31":"tag-world-news","32":"tag-worldnews"},"share_on_mastodon":{"url":"https:\/\/pubeurope.com\/@fi\/115824836334115580","error":""},"_links":{"self":[{"href":"https:\/\/www.europesays.com\/fi\/wp-json\/wp\/v2\/posts\/131422","targetHints":{"allow":["GET"]}}],"collection":[{"href":"https:\/\/www.europesays.com\/fi\/wp-json\/wp\/v2\/posts"}],"about":[{"href":"https:\/\/www.europesays.com\/fi\/wp-json\/wp\/v2\/types\/post"}],"author":[{"embeddable":true,"href":"https:\/\/www.europesays.com\/fi\/wp-json\/wp\/v2\/users\/2"}],"replies":[{"embeddable":true,"href":"https:\/\/www.europesays.com\/fi\/wp-json\/wp\/v2\/comments?post=131422"}],"version-history":[{"count":0,"href":"https:\/\/www.europesays.com\/fi\/wp-json\/wp\/v2\/posts\/131422\/revisions"}],"wp:featuredmedia":[{"embeddable":true,"href":"https:\/\/www.europesays.com\/fi\/wp-json\/wp\/v2\/media\/131423"}],"wp:attachment":[{"href":"https:\/\/www.europesays.com\/fi\/wp-json\/wp\/v2\/media?parent=131422"}],"wp:term":[{"taxonomy":"category","embeddable":true,"href":"https:\/\/www.europesays.com\/fi\/wp-json\/wp\/v2\/categories?post=131422"},{"taxonomy":"post_tag","embeddable":true,"href":"https:\/\/www.europesays.com\/fi\/wp-json\/wp\/v2\/tags?post=131422"}],"curies":[{"name":"wp","href":"https:\/\/api.w.org\/{rel}","templated":true}]}}