{"id":131424,"date":"2026-01-02T09:38:06","date_gmt":"2026-01-02T09:38:06","guid":{"rendered":"https:\/\/www.europesays.com\/fi\/131424\/"},"modified":"2026-01-02T09:38:06","modified_gmt":"2026-01-02T09:38:06","slug":"ita-suomen-elinvoimakeskus-aloitti-toimintansa-1-1-2026","status":"publish","type":"post","link":"https:\/\/www.europesays.com\/fi\/131424\/","title":{"rendered":"It\u00e4-Suomen elinvoimakeskus aloitti toimintansa 1.1.2026"},"content":{"rendered":"<p>Suomen aluehallinto uudistui vuoden 2026 alussa, kun elinvoimakeskukset aloittivat toimintansa 1. tammikuuta 2026. Nykyisten 15 ELY-keskuksen pohjalta perustettiin kymmenen alueellista elinvoimakeskusta.\u00a0<\/p>\n<p>It\u00e4-Suomessa Etel\u00e4-Savon, Pohjois-Karjalan ja Pohjois-Savon ELY-keskuksista muodostettiin uusi It\u00e4-Suomen elinvoimakeskus, jonka toimialueena on Etel\u00e4-Savon, Pohjois-Karjalan ja Pohjois-Savon maakunnat.\u00a0<\/p>\n<p>Elinvoimakeskuksiin siirtyi\u00a0suurin osa ELY-keskusten teht\u00e4vist\u00e4.\u00a0Uudistuksessa\u00a0ELY-keskusten ymp\u00e4rist\u00f6n lupa- ja valvontateht\u00e4v\u00e4t siirtyiv\u00e4t Lupa- ja valvontavirastoon sek\u00e4 julkisen henkil\u00f6liikenteen teht\u00e4v\u00e4t Liikenne- ja viestint\u00e4virasto Traficomiin.\u00a0<\/p>\n<p>It\u00e4-Suomen elinvoimakeskus palvelee Etel\u00e4-Savossa, Pohjois-Karjalassa ja Pohjois-Savossa\u00a0<\/p>\n<p>It\u00e4-Suomen elinvoimakeskuksella on p\u00e4\u00e4toimipaikka Kuopiossa ja toimipaikat Joensuussa sek\u00e4 Mikkeliss\u00e4. It\u00e4-Suomen elinvoimakeskuksessa ty\u00f6skentelee yhteens\u00e4 noin 260 ty\u00f6ntekij\u00e4\u00e4.\u00a0\u00a0<\/p>\n<p>Elinvoimakeskusten teht\u00e4v\u00e4n\u00e4 on tukea alueidensa vahvuuksiin ja erityispiirteisiin perustuvaa kehitt\u00e4mist\u00e4 yhteisty\u00f6ss\u00e4 kumppaniensa kanssa. Elinvoimakeskukset edist\u00e4v\u00e4t alueensa elinvoimaa ja talouden kest\u00e4v\u00e4\u00e4 kasvua.\u202f\u00a0<\/p>\n<p>It\u00e4-Suomen elinvoimakeskus palvelee\u00a0Etel\u00e4-Savon, Pohjois-Karjalan ja Pohjois-Savon asukkaita, yrityksi\u00e4 ja organisaatioita monipuolisissa alueen elinvoimaa edist\u00e4viss\u00e4 teht\u00e4viss\u00e4. Keskitettyjen teht\u00e4vien kautta\u00a0It\u00e4-Suomen elinvoimakeskus palvelee\u00a0my\u00f6s muita alueita.\u00a0\u00a0<\/p>\n<p>It\u00e4-Suomen elinvoimakeskus hoitaa\u00a0maaseutuun, kalatalouteen, liikenteeseen, elinkeinoihin ja ty\u00f6llisyyteen, maahanmuuttoon, ymp\u00e4rist\u00f6\u00f6n sek\u00e4 rahoitukseen, kehitt\u00e4miseen ja seurantaan liittyvi\u00e4 valtion aluehallinnon teht\u00e4vi\u00e4.\u00a0<\/p>\n<p>Elinvoimakeskukset ovat ty\u00f6- ja elinkeinoministeri\u00f6n hallinnonalaan kuuluvia valtion aluehallinnon viranomaisia. Elinvoimakeskuksia ohjaavat omilla toimialoillaan maa- ja mets\u00e4talousministeri\u00f6, ty\u00f6- ja elinkeinoministeri\u00f6, liikenne- ja viestint\u00e4ministeri\u00f6, ymp\u00e4rist\u00f6ministeri\u00f6 ja opetus- ja kulttuuriministeri\u00f6 sek\u00e4 keskusvirastoista Ruokavirasto ja V\u00e4yl\u00e4virasto.\u00a0<\/p>\n<p>Ylijohtajaksi Ari Niiranen,\u00a0v\u00e4liaikaiset osastop\u00e4\u00e4llik\u00f6t\u00a0nimitetty\u00a0<\/p>\n<p>Valtioneuvosto nimitti 27.11.2025 It\u00e4-Suomen elinvoimakeskuksen ylijohtajaksi <strong>Ari Niirasen<\/strong>. Niiranen ty\u00f6skenteli uuden viraston valmisteluteht\u00e4viss\u00e4 joulukuun 2025\u00a0ajan\u00a0ty\u00f6- ja elinkeinoministeri\u00f6ss\u00e4. Niiranen toimi vuosina 2010\u20132016 ja 2020\u20132025 Pohjois-Karjalan ELY-keskuksen ylijohtajana sek\u00e4 vuosina 2016\u20132019 ymp\u00e4rist\u00f6ministeri\u00f6n luontoymp\u00e4rist\u00f6osaston ylijohtajana ja osastop\u00e4\u00e4llikk\u00f6n\u00e4.\u00a0Ennen ELY-keskuksen\u00a0perustamista h\u00e4n ty\u00f6skenteli yli 20 vuotta\u00a0mets\u00e4alalla, viimeiseksi\u00a0vuosina\u00a01998\u20132009\u00a0Pohjois-Karjalan mets\u00e4keskuksen johtajana.\u00a0Niiranen on koulutukseltaan hallintotieteiden maisteri, maatalous- ja mets\u00e4tieteiden maisteri,\u00a0mets\u00e4nhoitaja.\u00a0<\/p>\n<p>It\u00e4-Suomen elinvoimakeskuksen v\u00e4liaikaisiksi osastop\u00e4\u00e4llik\u00f6iksi on\u00a0nimetty:\u00a0<\/p>\n<p>Jan Blomberg on toiminut Pohjois-Savon ELY-keskuksen\u00a0elinkeinot, ty\u00f6voima ja\u00a0osaaminen -vastuualueen johtajana\u00a01.3.2023\u00a0alkaen, sek\u00e4 vuodesta 2015 lukien yritt\u00e4jyys ja osaaminen -yksik\u00f6n p\u00e4\u00e4llikk\u00f6n\u00e4.\u00a0Koulutukseltaan h\u00e4n on yhteiskuntatieteiden maisteri.<\/p>\n<p>Tommi Huttunen on toiminut aiemmin Pohjois-Savon ELY-keskuksen ylijohtajana ja liikenne ja infrastruktuuri -vastuualueen johtajana ja hallintojohtajana. Koulutukseltaan h\u00e4n on diplomi-insin\u00f6\u00f6ri.\u00a0<\/p>\n<p>Timo Tanskanen on toiminut aiemmin Pohjois-Karjalan ELY-keskuksen maaseutuyksik\u00f6n p\u00e4\u00e4llikk\u00f6n\u00e4. Koulutukseltaan h\u00e4n on maatalous- ja mets\u00e4taloustieteiden maisteri, agronomi.\u00a0<\/p>\n<p>V\u00e4liaikaiset osastop\u00e4\u00e4llik\u00f6t hoitavat teht\u00e4v\u00e4\u00e4ns\u00e4, kunnes m\u00e4\u00e4r\u00e4aikaiset\u00a0vuoden 2030 loppuun saakka\u00a0nimitett\u00e4v\u00e4t\u00a0osastop\u00e4\u00e4llik\u00f6t\u00a0aloittavat teht\u00e4viss\u00e4\u00e4n.\u00a0Osastop\u00e4\u00e4llik\u00f6iden teht\u00e4viin j\u00e4rjestet\u00e4\u00e4n avoin\u00a0haku 12.1.\u201327.1.2026.\u00a0<\/p>\n<p>Mist\u00e4 saat tietoa It\u00e4-Suomen elinvoimakeskuksesta ja asioinnista?\u00a0<\/p>\n<p>It\u00e4-Suomen elinvoimakeskuksen henkil\u00f6st\u00f6n s\u00e4hk\u00f6postiosoitteet\u00a0ovat muotoa\u00a0<a href=\"https:\/\/www.sttinfo.fi\/tiedote\/71716836\/mailto:etunimi.sukunimi@elinvoimakeskus.fi\" target=\"_blank\" rel=\"noopener nofollow\">etunimi.sukunimi@elinvoimakeskus.fi<\/a>. Vanhoihin @<a href=\"http:\/\/ely-keskus.fi\" rel=\"nofollow noopener\" target=\"_blank\">ely-keskus.fi<\/a>-p\u00e4\u00e4tteisiin osoitteisiin l\u00e4hetetyt viestit ohjautuvat suoraan perille uusiin osoitteisiin vuoden 2027 loppuun asti.\u00a0<\/p>\n<p>Etel\u00e4-Savon, Pohjois-Karjalan ja Pohjois-Savon ELY-keskusten henkil\u00f6st\u00f6 siirtyi It\u00e4-Suomen elinvoimakeskukseen teht\u00e4viens\u00e4\u00a0s\u00e4ilyess\u00e4 p\u00e4\u00e4osin ennallaan.\u00a0Henkil\u00f6st\u00f6n puhelinnumerot pysyv\u00e4t ennallaan.\u00a0Voit olla yhteydess\u00e4 ennalta tuttuun asiantuntijaan.\u00a0\u00a0<\/p>\n<p>Vireill\u00e4 olevat asiat ja niihin liittyv\u00e4t tiedot ja asiakirjat siirtyiv\u00e4t automaattisesti It\u00e4-Suomen elinvoimakeskukseen, Lupa-\u00a0ja valvontavirastoon tai Traficomiin.\u00a0<\/p>\n<p>Ensisijainen viestint\u00e4- ja asiointikanavamme on\u00a0<a href=\"http:\/\/www.elinvoimakeskus.fi\/\" target=\"_blank\" rel=\"noopener nofollow\">www.elinvoimakeskus.fi<\/a>-verkkosivusto.\u00a0It\u00e4-Suomen elinvoimakeskus viestii sosiaalisessa mediassa <a href=\"https:\/\/www.facebook.com\/elinvoimakeskus.itasuomi\" target=\"_blank\" rel=\"noopener nofollow\">Facebookissa<\/a>, LinkedIniss\u00e4 ja <a href=\"https:\/\/www.instagram.com\/elinvoimakeskus.itasuomi\/\" target=\"_blank\" rel=\"noopener nofollow\">Instagramissa<\/a>.\u00a0<\/p>\n<p>Yhteystiedot\u00a0<\/p>\n<p><strong>S\u00e4hk\u00f6postiosoitteet<\/strong>:\u00a0<a href=\"https:\/\/www.sttinfo.fi\/tiedote\/71716836\/mailto:etunimi.sukunimi@elinvoimakeskus.fi\" target=\"_blank\" rel=\"noopener nofollow\">etunimi.sukunimi@elinvoimakeskus.fi<\/a>\u00a0\u00a0<br \/><strong>Puhelinvaihde<\/strong>: 0295 036 100\u00a0\u00a0<br \/><strong>Kirjaamo<\/strong>: <a href=\"https:\/\/www.sttinfo.fi\/tiedote\/71716836\/mailto:kirjaamo.ita-suomi@elinvoimakeskus.fi\" rel=\"nofollow noopener\" target=\"_blank\">kirjaamo.ita-suomi@elinvoimakeskus.fi<\/a>\u00a0\u00a0<br \/><strong>Viestint\u00e4<\/strong>: <a href=\"https:\/\/www.sttinfo.fi\/tiedote\/71716836\/mailto:viestinta.ita-suomi@elinvoimakeskus.fi\" rel=\"nofollow noopener\" target=\"_blank\">viestinta.ita-suomi@elinvoimakeskus.fi<\/a> \u00a0<br \/>Asiakaspalvelun palvelunumerot: <a href=\"https:\/\/elinvoimakeskus.fi\/asiakaspalvelu\" rel=\"nofollow noopener\" target=\"_blank\">https:\/\/elinvoimakeskus.fi\/asiakaspalvelu<\/a><\/p>\n<p><strong>Postiosoite:\u00a0\u00a0<\/strong><br \/>It\u00e4-Suomen elinvoimakeskus\u00a0<br \/>PL 60\u00a0<br \/>00072 Elinvoimakeskus\u00a0\u00a0<br \/>\u00a0<br \/><strong>Toimipaikkojen yhteystiedot:\u00a0<\/strong><br \/>Kuopio (p\u00e4\u00e4toimipaikka), Kallanranta 11, 70100 Kuopio\u00a0\u00a0<br \/>Joensuu, Kauppakatu 40 B, 80100 Joensuu\u00a0\u00a0<br \/>Mikkeli, Raatihuoneenkatu 5, 50100 Mikkeli\u00a0<\/p>\n<p><a href=\"http:\/\/www.elinvoimakeskus.fi\/ita-suomi\" target=\"_blank\" rel=\"noopener nofollow\">www.elinvoimakeskus.fi\/ita-suomi<\/a>\u00a0\u00a0<\/p>\n<p><script async src=\"\/\/www.instagram.com\/embed.js\"><\/script><\/p>\n","protected":false},"excerpt":{"rendered":"Suomen aluehallinto uudistui vuoden 2026 alussa, kun elinvoimakeskukset aloittivat toimintansa 1. tammikuuta 2026. Nykyisten 15 ELY-keskuksen pohjalta perustettiin&hellip;\n","protected":false},"author":2,"featured_media":131425,"comment_status":"","ping_status":"","sticky":false,"template":"","format":"standard","meta":{"footnotes":""},"categories":[12],"tags":[22,23,26,27,33,31,30,17,24,25,28,29,15,18,21,32,19,20,16],"class_list":{"0":"post-131424","1":"post","2":"type-post","3":"status-publish","4":"format-standard","5":"has-post-thumbnail","7":"category-suomi","8":"tag-breaking-news","9":"tag-breakingnews","10":"tag-featured-news","11":"tag-featurednews","12":"tag-fi","13":"tag-finland","14":"tag-finnish","15":"tag-headlines","16":"tag-latest-news","17":"tag-latestnews","18":"tag-main-news","19":"tag-mainnews","20":"tag-news","21":"tag-otsikot","22":"tag-paauutiset","23":"tag-suomi","24":"tag-top-stories","25":"tag-topstories","26":"tag-uutiset"},"share_on_mastodon":{"url":"https:\/\/pubeurope.com\/@fi\/115824840105949241","error":""},"_links":{"self":[{"href":"https:\/\/www.europesays.com\/fi\/wp-json\/wp\/v2\/posts\/131424","targetHints":{"allow":["GET"]}}],"collection":[{"href":"https:\/\/www.europesays.com\/fi\/wp-json\/wp\/v2\/posts"}],"about":[{"href":"https:\/\/www.europesays.com\/fi\/wp-json\/wp\/v2\/types\/post"}],"author":[{"embeddable":true,"href":"https:\/\/www.europesays.com\/fi\/wp-json\/wp\/v2\/users\/2"}],"replies":[{"embeddable":true,"href":"https:\/\/www.europesays.com\/fi\/wp-json\/wp\/v2\/comments?post=131424"}],"version-history":[{"count":0,"href":"https:\/\/www.europesays.com\/fi\/wp-json\/wp\/v2\/posts\/131424\/revisions"}],"wp:featuredmedia":[{"embeddable":true,"href":"https:\/\/www.europesays.com\/fi\/wp-json\/wp\/v2\/media\/131425"}],"wp:attachment":[{"href":"https:\/\/www.europesays.com\/fi\/wp-json\/wp\/v2\/media?parent=131424"}],"wp:term":[{"taxonomy":"category","embeddable":true,"href":"https:\/\/www.europesays.com\/fi\/wp-json\/wp\/v2\/categories?post=131424"},{"taxonomy":"post_tag","embeddable":true,"href":"https:\/\/www.europesays.com\/fi\/wp-json\/wp\/v2\/tags?post=131424"}],"curies":[{"name":"wp","href":"https:\/\/api.w.org\/{rel}","templated":true}]}}