{"id":131434,"date":"2026-01-02T09:54:08","date_gmt":"2026-01-02T09:54:08","guid":{"rendered":"https:\/\/www.europesays.com\/fi\/131434\/"},"modified":"2026-01-02T09:54:08","modified_gmt":"2026-01-02T09:54:08","slug":"ensitreffit-jenni-loysi-rakkauden-miehella-sama-sukunimi","status":"publish","type":"post","link":"https:\/\/www.europesays.com\/fi\/131434\/","title":{"rendered":"Ensitreffit-Jenni l\u00f6ysi rakkauden \u2013 Miehell\u00e4 sama sukunimi"},"content":{"rendered":"<p>Ensitreffit alttarilla -ohjelmasta tuttu Jenni rakastui viime syksyn\u00e4.<\/p>\n<p><img decoding=\"async\" class=\"image image-show image-preview\" src=\"https:\/\/www.europesays.com\/fi\/wp-content\/uploads\/2026\/01\/5009546e8337b14fb09f988885a6a361e7b7942b45bee92eb30c8d070ac36cb9.jpg\" alt=\"\"\/><img decoding=\"async\" class=\"image image-show\" src=\"https:\/\/www.europesays.com\/fi\/wp-content\/uploads\/2026\/01\/1767347648_955_5009546e8337b14fb09f988885a6a361e7b7942b45bee92eb30c8d070ac36cb9.jpg\" alt=\"\"\/><\/p>\n<p>Jenni Muurinen on nyky\u00e4\u00e4n parisuhteessa. Tomi Natri<\/p>\n<p class=\"paragraph\">Ensitreffit alttarilla -ohjelman 11. tuotantokaudelta tuttu <strong>Jenni Muurinen<\/strong> on l\u00f6yt\u00e4nyt el\u00e4m\u00e4\u00e4ns\u00e4 rakkauden. Ohjelmassa Jenni meni naimisiin Jyrkin kanssa, mutta liitto kariutui heti ohjelman kuvausten p\u00e4\u00e4tytty\u00e4.<\/p>\n<p class=\"paragraph\">Jenni on julkaissut <a href=\"https:\/\/www.instagram.com\/jennimuurinen\/\" target=\"_blank\" rel=\"noopener nofollow\">Instagram<\/a>-tilill\u00e4\u00e4n kuluneiden viikkojen aikana useampia yhteiskuvia uuden rakkaansa, <strong>Aleksin<\/strong> kanssa. Jenni vahvistaa Iltalehdelle puhelimitse olevansa t\u00e4t\u00e4 nyky\u00e4 parisuhteessa ja onnensa kukkuloilla.<\/p>\n<p class=\"paragraph\">Parisuhde sai alkunsa viime syksyn\u00e4. Pariskunta on p\u00e4\u00e4tt\u00e4nyt, etteiv\u00e4t he kerro tapaamisestaan sen enemp\u00e4\u00e4 julkisuuteen.<\/p>\n<p class=\"paragraph\">Jennin ja Aleksin suhteessa on yksi erityinen yksityiskohta, sill\u00e4 heill\u00e4 on sama sukunimi. Jennin mukaan he eiv\u00e4t kuitenkaan ole sukulaisia, eik\u00e4 naimisiinkaan ole viel\u00e4 ehditty.<\/p>\n<p class=\"paragraph\">\u2013 Se on sattumaa, Jenni naurahtaa iloisesti.<\/p>\n<p class=\"paragraph\">Pariskunta on ehtinyt mietti\u00e4 my\u00f6s yhteist\u00e4 tulevaisuutta. Jenni asuu t\u00e4ll\u00e4 hetkell\u00e4 Helsingiss\u00e4 omassa kodissaan, mutta pariskunta aikoo muuttaa yhteisen katon alle jopa melko pian.<\/p>\n<p class=\"paragraph\">\u2013 Olemme puhuneet siit\u00e4 jo. Varmasti t\u00e4ss\u00e4 jo l\u00e4hiaikoina katsomme, miten k\u00e4y, Jenni paljastaa.<\/p>\n<p>T\u0161ernobyl-kaapin kohtalo<\/p>\n<p class=\"paragraph\">Yksi Ensitreffit alttarilla -ohjelman aikana puhuttaneista asioista oli Jennin rutiinit sek\u00e4 h\u00e4nen el\u00e4m\u00e4ns\u00e4 t\u00e4rkein s\u00e4\u00e4nt\u00f6 \u201dmik\u00e4\u00e4n ei saa loppua\u201d.<\/p>\n<p class=\"paragraph\">Jenni kertoi ohjelmassa, ett\u00e4 h\u00e4nell\u00e4 on kotonaan \u201dT\u0161ernobyl-kaappi\u201d, jossa h\u00e4n s\u00e4ilytt\u00e4\u00e4 <a href=\"https:\/\/www.iltalehti.fi\/tv-ja-leffat\/060e2612-6809-4e9a-9796-d7e696424588\" rel=\"nofollow noopener\" target=\"_blank\">kaikkea tarpeellista kodin tavaraa, hygieniatarvikkeita ja ruokaa<\/a>. Useita kodin tuotteita oli varastossa monta paketillista, ja muun muassa kahvia, kauramaitoa, pastilleja ja vessapaperia varastoitiin kuukausiksi eteenp\u00e4in.<\/p>\n<p class=\"paragraph\">Jenni on esitellyt kaappinsa my\u00f6s Aleksille. Mies ei ole siit\u00e4 moksiskaan.<\/p>\n<p class=\"paragraph\">\u2013 H\u00e4n on oikein tyytyv\u00e4inen! H\u00e4n on tyk\u00e4stynyt t\u00e4h\u00e4n ajatukseen kovasti, ei haittaa ollenkaan, Jenni kehaisee lopuksi.<\/p>\n<p><script async src=\"\/\/www.instagram.com\/embed.js\"><\/script><\/p>\n","protected":false},"excerpt":{"rendered":"Ensitreffit alttarilla -ohjelmasta tuttu Jenni rakastui viime syksyn\u00e4. Jenni Muurinen on nyky\u00e4\u00e4n parisuhteessa. Tomi Natri Ensitreffit alttarilla -ohjelman&hellip;\n","protected":false},"author":2,"featured_media":131435,"comment_status":"","ping_status":"","sticky":false,"template":"","format":"standard","meta":{"footnotes":""},"categories":[133],"tags":[35,1074,2110,137,33,31,30,101,1496,98,32,206,156,109],"class_list":{"0":"post-131434","1":"post","2":"type-post","3":"status-publish","4":"format-standard","5":"has-post-thumbnail","7":"category-televisiot","8":"tag-24h","9":"tag-avioliitto-ja-parisuhde","10":"tag-elamantapa-ja-vapaa-aika","11":"tag-entertainment","12":"tag-fi","13":"tag-finland","14":"tag-finnish","15":"tag-ihmissuhteet","16":"tag-parisuhde","17":"tag-perhe","18":"tag-suomi","19":"tag-televisiot","20":"tag-tv","21":"tag-viihde"},"share_on_mastodon":{"url":"https:\/\/pubeurope.com\/@fi\/115824903044862864","error":""},"_links":{"self":[{"href":"https:\/\/www.europesays.com\/fi\/wp-json\/wp\/v2\/posts\/131434","targetHints":{"allow":["GET"]}}],"collection":[{"href":"https:\/\/www.europesays.com\/fi\/wp-json\/wp\/v2\/posts"}],"about":[{"href":"https:\/\/www.europesays.com\/fi\/wp-json\/wp\/v2\/types\/post"}],"author":[{"embeddable":true,"href":"https:\/\/www.europesays.com\/fi\/wp-json\/wp\/v2\/users\/2"}],"replies":[{"embeddable":true,"href":"https:\/\/www.europesays.com\/fi\/wp-json\/wp\/v2\/comments?post=131434"}],"version-history":[{"count":0,"href":"https:\/\/www.europesays.com\/fi\/wp-json\/wp\/v2\/posts\/131434\/revisions"}],"wp:featuredmedia":[{"embeddable":true,"href":"https:\/\/www.europesays.com\/fi\/wp-json\/wp\/v2\/media\/131435"}],"wp:attachment":[{"href":"https:\/\/www.europesays.com\/fi\/wp-json\/wp\/v2\/media?parent=131434"}],"wp:term":[{"taxonomy":"category","embeddable":true,"href":"https:\/\/www.europesays.com\/fi\/wp-json\/wp\/v2\/categories?post=131434"},{"taxonomy":"post_tag","embeddable":true,"href":"https:\/\/www.europesays.com\/fi\/wp-json\/wp\/v2\/tags?post=131434"}],"curies":[{"name":"wp","href":"https:\/\/api.w.org\/{rel}","templated":true}]}}