{"id":131436,"date":"2026-01-02T09:55:08","date_gmt":"2026-01-02T09:55:08","guid":{"rendered":"https:\/\/www.europesays.com\/fi\/131436\/"},"modified":"2026-01-02T09:55:08","modified_gmt":"2026-01-02T09:55:08","slug":"nightwishin-ex-rumpali-tuo-kansainvalisesti-tunnetun-brandin-suomeen-ensimmainen-kivijalkamyymala-joensuuhun-pohjois-karjala","status":"publish","type":"post","link":"https:\/\/www.europesays.com\/fi\/131436\/","title":{"rendered":"Nightwishin ex-rumpali tuo kansain\u00adv\u00e4lisesti tunnetun br\u00e4ndin Suomeen \u2013 ensimm\u00e4inen kivijalka\u00admyym\u00e4l\u00e4 Joensuuhun | Pohjois-Karjala"},"content":{"rendered":"<p class=\"aw-1gybjub aw-5vja16 kEtdKx kmuxyA yle__article__paragraph\">Suomen ensimm\u00e4inen Wildcat-myym\u00e4l\u00e4 aukeaa kauppakeskus Isoon Myyhyn huhtikuussa. Rekrytoinnit alkavat ensi viikolla.<\/p>\n<p><img decoding=\"async\" alt=\"En person g\u00f6r en tatuering.\" src=\"https:\/\/www.europesays.com\/fi\/wp-content\/uploads\/2026\/01\/39-97759662c10b931b6c3.jpeg\" class=\"aw-1l9m598 hKVVvP\"\/><\/p>\n<p>Avaa kuvien katselu<\/p>\n<p>Tatuoinnit ja l\u00e4vistykset ovat kansainv\u00e4lisesti valtava bisnes. Kuvituskuva. Kuva: Unsplash<\/p>\n<p class=\"aw-1gybjub aw-1p7kakr kEtdKx cEmitX yle__article__paragraph\">Kansainv\u00e4linen l\u00e4vistys- ja tatuointibr\u00e4ndi Wildcat avaa Suomen ensimm\u00e4isen kivijalkamyym\u00e4l\u00e4ns\u00e4 Joensuuhun huhtikuussa. Liike sijoittuu Iso Myy -kauppakeskukseen.<\/p>\n<p class=\"aw-1gybjub aw-1p7kakr kEtdKx cEmitX yle__article__paragraph\">Saksalainen, vuonna 1989 perustettu Wildcat on yksi alansa edell\u00e4k\u00e4vij\u00f6ist\u00e4 Euroopassa. Se on tunnettu erityisesti itse valmistamistaan l\u00e4vistyskoruista.<\/p>\n<p class=\"aw-1gybjub aw-1p7kakr kEtdKx cEmitX yle__article__paragraph\">Myym\u00e4l\u00e4n avaa Prime Line Production oy, jonka omistaja on Nightwish-yhtyeest\u00e4 tunnettu <strong class=\"aw-ak79eh KyCXm yle__article__strong\">Jukka Nevalainen<\/strong>. Nevalainen on Nightwishin alkuper\u00e4inen rumpali, joka j\u00e4tti yhtyeen vuonna 2014.<\/p>\n<p><img decoding=\"async\" alt=\"Nightwishs trummis Jukka Nevalainen l\u00e4mnar bandet.\" src=\"https:\/\/www.europesays.com\/fi\/wp-content\/uploads\/2026\/01\/14-svyle-18596153e1fe8ce8a48.jpeg\" loading=\"lazy\" class=\"aw-1l9m598 hKVVvP\"\/><\/p>\n<p>Avaa kuvien katselu<\/p>\n<p>Muusikon uransa j\u00e4lkeen Jukka Nevalainen on ty\u00f6skennellyt muun muassa verkkokaupan parissa. Kuva: Yle\/Janita Mutanen<\/p>\n<p class=\"aw-1gybjub aw-1p7kakr kEtdKx cEmitX yle__article__paragraph\">Joensuun Wildcatin henkil\u00f6kunnan rekrytointi alkaa tammikuussa ja liikkeen rakentaminen maaliskuussa.<\/p>\n","protected":false},"excerpt":{"rendered":"Suomen ensimm\u00e4inen Wildcat-myym\u00e4l\u00e4 aukeaa kauppakeskus Isoon Myyhyn huhtikuussa. Rekrytoinnit alkavat ensi viikolla. Avaa kuvien katselu Tatuoinnit ja l\u00e4vistykset&hellip;\n","protected":false},"author":2,"featured_media":131437,"comment_status":"","ping_status":"","sticky":false,"template":"","format":"standard","meta":{"footnotes":""},"categories":[132],"tags":[137,33,31,30,23253,1133,23252,195,47,1137,32,23251,3778,109,1356],"class_list":{"0":"post-131436","1":"post","2":"type-post","3":"status-publish","4":"format-standard","5":"has-post-thumbnail","7":"category-musiikki","8":"tag-entertainment","9":"tag-fi","10":"tag-finland","11":"tag-finnish","12":"tag-iso-myy","13":"tag-joensuu","14":"tag-lavistys","15":"tag-music","16":"tag-musiikki","17":"tag-pohjois-karjala","18":"tag-suomi","19":"tag-tatuointiliikkeet","20":"tag-vahittaiskauppa","21":"tag-viihde","22":"tag-yritykset"},"share_on_mastodon":{"url":"https:\/\/pubeurope.com\/@fi\/115824907019733696","error":""},"_links":{"self":[{"href":"https:\/\/www.europesays.com\/fi\/wp-json\/wp\/v2\/posts\/131436","targetHints":{"allow":["GET"]}}],"collection":[{"href":"https:\/\/www.europesays.com\/fi\/wp-json\/wp\/v2\/posts"}],"about":[{"href":"https:\/\/www.europesays.com\/fi\/wp-json\/wp\/v2\/types\/post"}],"author":[{"embeddable":true,"href":"https:\/\/www.europesays.com\/fi\/wp-json\/wp\/v2\/users\/2"}],"replies":[{"embeddable":true,"href":"https:\/\/www.europesays.com\/fi\/wp-json\/wp\/v2\/comments?post=131436"}],"version-history":[{"count":0,"href":"https:\/\/www.europesays.com\/fi\/wp-json\/wp\/v2\/posts\/131436\/revisions"}],"wp:featuredmedia":[{"embeddable":true,"href":"https:\/\/www.europesays.com\/fi\/wp-json\/wp\/v2\/media\/131437"}],"wp:attachment":[{"href":"https:\/\/www.europesays.com\/fi\/wp-json\/wp\/v2\/media?parent=131436"}],"wp:term":[{"taxonomy":"category","embeddable":true,"href":"https:\/\/www.europesays.com\/fi\/wp-json\/wp\/v2\/categories?post=131436"},{"taxonomy":"post_tag","embeddable":true,"href":"https:\/\/www.europesays.com\/fi\/wp-json\/wp\/v2\/tags?post=131436"}],"curies":[{"name":"wp","href":"https:\/\/api.w.org\/{rel}","templated":true}]}}