{"id":131438,"date":"2026-01-02T09:56:06","date_gmt":"2026-01-02T09:56:06","guid":{"rendered":"https:\/\/www.europesays.com\/fi\/131438\/"},"modified":"2026-01-02T09:56:06","modified_gmt":"2026-01-02T09:56:06","slug":"hbo-maxissa-julkaistiin-tanaan-elokuva-jossa-daniel-craig-irrottautuu-james-bondin-roolista-taysin","status":"publish","type":"post","link":"https:\/\/www.europesays.com\/fi\/131438\/","title":{"rendered":"HBO Maxissa julkaistiin t\u00e4n\u00e4\u00e4n elokuva, jossa Daniel Craig irrottautuu James Bondin roolista t\u00e4ysin"},"content":{"rendered":"<p>Daniel Craigin t\u00e4hditt\u00e4m\u00e4 Queer on nyt lis\u00e4tty HBO Maxin elokuvavalikoimaan.<\/p>\n<p>Kev\u00e4\u00e4ll\u00e4 2025 Suomenkin elokuvateattereissa py\u00f6r\u00e4ht\u00e4nyt, Luca Guadagninon ohjaama, William S. Burroughsin pienoisromaaniin pohjautuva elokuva <a href=\"https:\/\/muropaketti.com\/avainsana\/queer\/\" rel=\"nofollow noopener\" target=\"_blank\">Queer<\/a> on t\u00e4n\u00e4\u00e4n lis\u00e4tty HBO Maxiin. Elokuvan p\u00e4\u00e4osaa esitt\u00e4\u00e4 <a href=\"https:\/\/muropaketti.com\/avainsana\/daniel-craig\/\" rel=\"nofollow noopener\" target=\"_blank\">Daniel Craig<\/a>, joka p\u00e4\u00e4see irrottelemaan t\u00e4ysin erilaisessa roolissa kuin James Bond -pestins\u00e4 aikaan.<\/p>\n<p>Burroughsin osin omael\u00e4m\u00e4kerrallinen Queer sijoittuu 1950-luvun Mexico Cityyn, miss\u00e4 Craigin esitt\u00e4m\u00e4 William Lee viett\u00e4\u00e4 yksin\u00e4ist\u00e4 ja huumehuuruista el\u00e4m\u00e4\u00e4 muiden maanpaossa olevien amerikkalaisten kanssa. H\u00e4n kuluttaa aikaansa baareissa, kunnes er\u00e4\u00e4n\u00e4 p\u00e4iv\u00e4n\u00e4 kohtaa nuoren entisen sotilaan. Leest\u00e4 tulee pakkomielteinen. Yhden y\u00f6n juttujen aika on ohi, sill\u00e4 nyt h\u00e4n haluaa l\u00f6yt\u00e4\u00e4 jonkun merkityksellisen.<\/p>\n<p>Craigin lis\u00e4ksi mukana n\u00e4hd\u00e4\u00e4n muun muassa Drew Starkey, Jason Schwarzman ja Lesley Manville.<\/p>\n<p>Guadagninon (Call Me By Your Name, Challengers, Suspiria) ansiokkaassa filmografiassa Queer ei yll\u00e4 aivan k\u00e4rkip\u00e4\u00e4h\u00e4n, mutta sen tuoreusarvo <a href=\"https:\/\/www.rottentomatoes.com\/m\/queer\" target=\"_blank\" rel=\"noreferrer noopener nofollow\">Rotten Tomatoesissa<\/a> on silti 77 %. My\u00f6s Muropaketin arviossa elokuva sai p\u00e4\u00e4osin kehuja.<\/p>\n","protected":false},"excerpt":{"rendered":"Daniel Craigin t\u00e4hditt\u00e4m\u00e4 Queer on nyt lis\u00e4tty HBO Maxin elokuvavalikoimaan. Kev\u00e4\u00e4ll\u00e4 2025 Suomenkin elokuvateattereissa py\u00f6r\u00e4ht\u00e4nyt, Luca Guadagninon ohjaama,&hellip;\n","protected":false},"author":2,"featured_media":131439,"comment_status":"","ping_status":"","sticky":false,"template":"","format":"standard","meta":{"footnotes":""},"categories":[131],"tags":[1715,155,137,33,173,31,30,280,7254,172,1716,32,109],"class_list":{"0":"post-131438","1":"post","2":"type-post","3":"status-publish","4":"format-standard","5":"has-post-thumbnail","7":"category-elokuvat","8":"tag-daniel-craig","9":"tag-elokuvat","10":"tag-entertainment","11":"tag-fi","12":"tag-film","13":"tag-finland","14":"tag-finnish","15":"tag-hbo-max","16":"tag-luca-guadagnino","17":"tag-movies","18":"tag-queer","19":"tag-suomi","20":"tag-viihde"},"share_on_mastodon":{"url":"https:\/\/pubeurope.com\/@fi\/115824910862927319","error":""},"_links":{"self":[{"href":"https:\/\/www.europesays.com\/fi\/wp-json\/wp\/v2\/posts\/131438","targetHints":{"allow":["GET"]}}],"collection":[{"href":"https:\/\/www.europesays.com\/fi\/wp-json\/wp\/v2\/posts"}],"about":[{"href":"https:\/\/www.europesays.com\/fi\/wp-json\/wp\/v2\/types\/post"}],"author":[{"embeddable":true,"href":"https:\/\/www.europesays.com\/fi\/wp-json\/wp\/v2\/users\/2"}],"replies":[{"embeddable":true,"href":"https:\/\/www.europesays.com\/fi\/wp-json\/wp\/v2\/comments?post=131438"}],"version-history":[{"count":0,"href":"https:\/\/www.europesays.com\/fi\/wp-json\/wp\/v2\/posts\/131438\/revisions"}],"wp:featuredmedia":[{"embeddable":true,"href":"https:\/\/www.europesays.com\/fi\/wp-json\/wp\/v2\/media\/131439"}],"wp:attachment":[{"href":"https:\/\/www.europesays.com\/fi\/wp-json\/wp\/v2\/media?parent=131438"}],"wp:term":[{"taxonomy":"category","embeddable":true,"href":"https:\/\/www.europesays.com\/fi\/wp-json\/wp\/v2\/categories?post=131438"},{"taxonomy":"post_tag","embeddable":true,"href":"https:\/\/www.europesays.com\/fi\/wp-json\/wp\/v2\/tags?post=131438"}],"curies":[{"name":"wp","href":"https:\/\/api.w.org\/{rel}","templated":true}]}}