{"id":131452,"date":"2026-01-02T10:06:08","date_gmt":"2026-01-02T10:06:08","guid":{"rendered":"https:\/\/www.europesays.com\/fi\/131452\/"},"modified":"2026-01-02T10:06:08","modified_gmt":"2026-01-02T10:06:08","slug":"pintapelastajat-auttoivat-joutsenta-ummeljoella-paikalliset","status":"publish","type":"post","link":"https:\/\/www.europesays.com\/fi\/131452\/","title":{"rendered":"Pintapelastajat auttoivat joutsenta Ummeljoella | Paikalliset"},"content":{"rendered":"<p>Joutsen tarvitsi pelastuslaitoksen apua Ummeljoella perjantaiaamuna.<\/p>\n<p>Ohikulkija havaitsi j\u00e4\u00e4ll\u00e4 olleen joutsenen ja h\u00e4lytti apua. Lintu ei ollut j\u00e4\u00e4tynyt kiinni, mutta se oli huonossa kunnossa.<\/p>\n<p>\u2013 Poliisi k\u00e4vi ensin katsomassa sit\u00e4. Poliisi ei voinut kuitenkaan menn\u00e4 j\u00e4\u00e4lle, koska j\u00e4\u00e4 on hyvin ohutta, p\u00e4ivyst\u00e4v\u00e4 palomestari <strong>Reijo Houni<\/strong> kertoo.<\/p>\n<p>Kaksi Kymenlaakson pelastuslaitoksen pintapelastajaa meni linnun luokse pintapelastuslautan kanssa. He nostivat joutsenen pahvilaatikkoon.<\/p>\n<p>El\u00e4in kuljetettiin hoidettavaksi Pyht\u00e4\u00e4ll\u00e4 sijaitsevaan lintuhoitolaan.<\/p>\n<p>Houni muistuttaa, ett\u00e4 viime aikoina liikkeell\u00e4 on ollut lintuinfluenssaa. Huonokuntoisia el\u00e4imi\u00e4 ei kannata l\u00e4hesty\u00e4 ilman suojaimia eik\u00e4 kuolleisiin el\u00e4imiin kannata koskea.<\/p>\n","protected":false},"excerpt":{"rendered":"Joutsen tarvitsi pelastuslaitoksen apua Ummeljoella perjantaiaamuna. Ohikulkija havaitsi j\u00e4\u00e4ll\u00e4 olleen joutsenen ja h\u00e4lytti apua. Lintu ei ollut j\u00e4\u00e4tynyt&hellip;\n","protected":false},"author":2,"featured_media":131453,"comment_status":"","ping_status":"","sticky":false,"template":"","format":"standard","meta":{"footnotes":""},"categories":[117],"tags":[33,31,30,2289,16928,72,476,122,54,5716,118,32,119,477,534],"class_list":{"0":"post-131452","1":"post","2":"type-post","3":"status-publish","4":"format-standard","5":"has-post-thumbnail","7":"category-luonto","8":"tag-fi","9":"tag-finland","10":"tag-finnish","11":"tag-kotka-hamina-seutukunta","12":"tag-lintuinfluenssa","13":"tag-luonto","14":"tag-nature","15":"tag-pelastaminen","16":"tag-pelastuspalvelut","17":"tag-pyhtaa","18":"tag-science","19":"tag-suomi","20":"tag-tiede","21":"tag-wildlife","22":"tag-ymparisto-ja-luonto"},"share_on_mastodon":{"url":"https:\/\/pubeurope.com\/@fi\/115824950180824814","error":""},"_links":{"self":[{"href":"https:\/\/www.europesays.com\/fi\/wp-json\/wp\/v2\/posts\/131452","targetHints":{"allow":["GET"]}}],"collection":[{"href":"https:\/\/www.europesays.com\/fi\/wp-json\/wp\/v2\/posts"}],"about":[{"href":"https:\/\/www.europesays.com\/fi\/wp-json\/wp\/v2\/types\/post"}],"author":[{"embeddable":true,"href":"https:\/\/www.europesays.com\/fi\/wp-json\/wp\/v2\/users\/2"}],"replies":[{"embeddable":true,"href":"https:\/\/www.europesays.com\/fi\/wp-json\/wp\/v2\/comments?post=131452"}],"version-history":[{"count":0,"href":"https:\/\/www.europesays.com\/fi\/wp-json\/wp\/v2\/posts\/131452\/revisions"}],"wp:featuredmedia":[{"embeddable":true,"href":"https:\/\/www.europesays.com\/fi\/wp-json\/wp\/v2\/media\/131453"}],"wp:attachment":[{"href":"https:\/\/www.europesays.com\/fi\/wp-json\/wp\/v2\/media?parent=131452"}],"wp:term":[{"taxonomy":"category","embeddable":true,"href":"https:\/\/www.europesays.com\/fi\/wp-json\/wp\/v2\/categories?post=131452"},{"taxonomy":"post_tag","embeddable":true,"href":"https:\/\/www.europesays.com\/fi\/wp-json\/wp\/v2\/tags?post=131452"}],"curies":[{"name":"wp","href":"https:\/\/api.w.org\/{rel}","templated":true}]}}