{"id":131454,"date":"2026-01-02T10:17:12","date_gmt":"2026-01-02T10:17:12","guid":{"rendered":"https:\/\/www.europesays.com\/fi\/131454\/"},"modified":"2026-01-02T10:17:12","modified_gmt":"2026-01-02T10:17:12","slug":"henny-harjusolan-shokeeraava-muodonmuutos-julki","status":"publish","type":"post","link":"https:\/\/www.europesays.com\/fi\/131454\/","title":{"rendered":"Henny Harjusolan shokeeraava muodonmuutos julki!"},"content":{"rendered":"<p>            ATTE KAJOVA\n        <\/p>\n<p class=\"subtitle \">Shokeeraavan videon julkaissutta Henny\u00e4 verrataan antiikin Kreikan jumalattariin.<\/p>\n<p class=\"article-content article-content-width !bg-background\">Yritt\u00e4j\u00e4kaunotar  shokeeraa j\u00e4risytt\u00e4v\u00e4ll\u00e4 muodonmuutoksellaan.<\/p>\n<p class=\"font-weight-bold m-font-weight-bold article-content article-content-width !bg-background\">Video: Hennyn matkavinkit.<\/p>\n<p class=\"article-content article-content-width !bg-background\">Henny on puhunut avoimesti painonpudotuksestaan julkisuudessa ja on kertonut karistaneensa kymmeni\u00e4 kiloja.<\/p>\n<p class=\"article-content article-content-width !bg-background\">Esimerkiksi toukokuussa <a href=\"https:\/\/www.seiska.fi\/kotimaa\/hurja-muodonmuutos-henny-harjusola-laihdutti-80-kiloa-tuoreet-kuvat\/1683600\" target=\"_blank\" rel=\"nofollow noopener\">Henny paljasti Seiskalle laihtuneensa yli 80 kiloa<\/a>, mutta syyskuussa h\u00e4n sanoi <a href=\"https:\/\/www.iltalehti.fi\/viihdeuutiset\/a\/c4f26d63-ad38-4868-9b56-d4cbc3788326\" target=\"_blank\" rel=\"nofollow noopener\">Iltalehdelle<\/a> m\u00e4\u00e4r\u00e4n olevan jo yli 90 kiloa.<\/p>\n<p>R\u00e4v\u00e4kk\u00e4 video<\/p>\n<p class=\"article-content article-content-width !bg-background\">Hennyn vuosi 2025 toi mukanaan muutoksen, josta h\u00e4n on n\u00e4ht\u00e4v\u00e4sti hurjan ylpe\u00e4, sill\u00e4 h\u00e4n hehkuttaa uutta lookiaan tuoreessa <a href=\"https:\/\/www.instagram.com\/p\/DS98BoyCKte\/\" target=\"_blank\" rel=\"nofollow noopener\">Instagram-kelassaan<\/a>.<\/p>\n<p class=\"article-content article-content-width !bg-background\">R\u00e4v\u00e4k\u00e4n videon alussa Henny esiintyy vanhalla Youtube-videolla, joka on kuvattu vuosia sitten 2010-luvulla. Lis\u00e4ksi videolla n\u00e4kyy Henny ty\u00f6skentelem\u00e4ss\u00e4 kampaamossa sek\u00e4 kosmetiikkatapahtumassa helsinkil\u00e4isess\u00e4 tavaratalossa.<\/p>\n<p class=\"article-content article-content-width !bg-background\">Yht\u00e4kki\u00e4 video leikkautuu nykyp\u00e4iv\u00e4\u00e4n, ja Hennyn uusi ilme pamahtaa ruudulle.<\/p>\n<p class=\"article-content article-content-width !bg-background\">Videolla Henny poseeraa h\u00e4vytt\u00f6m\u00e4n n\u00e4ytt\u00e4v\u00e4ss\u00e4 valkoisessa asukokonaisuudessa, joka korostaa h\u00e4nen siluettiaan.<\/p>\n<p class=\"article-content article-content-width !bg-background\">Henny luo intensiivisi\u00e4 poseerauksia kameraan ja tuulenvire heiluttelee h\u00e4nen hiuksiaan, luoden vaikutelman siit\u00e4 kuin poseeraaminen olisi huippuvaivatonta.<\/p>\n<p>Upeita kuvia<\/p>\n<p class=\"article-content article-content-width !bg-background\">Videon lis\u00e4ksi Henny p\u00e4ivitti kuvia, jotka on ottanut ammattivalokuvaaja .\u00a0<\/p>\n<p class=\"article-content article-content-width !bg-background\">Valokuvaaja tunnetaan omaleimaisesta, sadunomaisesta kuvaustyylist\u00e4\u00e4n.<\/p>\n<p class=\"article-content article-content-width !bg-background\">Kuvissa Henny on samassa mekossa kuin aiemmin mainitulla videolla.<\/p>\n<p>        <a itemprop=\"url\" href=\"https:\/\/www.seiska.fi\/kotimaa\/henny-harjusola-karkasi-suomesta-ikava-vastoinkayminen\/1945024\" rel=\"nofollow noopener\" target=\"_blank\"><\/p>\n<p>\nKatso video!\n<\/p>\n<p class=\"section-date\">\n        <strong class=\"article-section\" data-section=\"kotimaa\"><br \/>\n            kotimaa<br \/>\n        <\/strong><br \/>\n        4.10.2025 09:00\n    <\/p>\n<p>Henny Harjusola karkasi Suomesta \u2013 ik\u00e4v\u00e4 vastoink\u00e4yminen!\n    <\/p>\n<p itemprop=\"description\" class=\"subtitle \">\n    Somet\u00e4hti on maassa nyt toista kertaa.\n<\/p>\n<p>        <\/a><\/p>\n<p>Seuraajat h\u00e4ik\u00e4istyiv\u00e4t<\/p>\n<p class=\"article-content article-content-width !bg-background\">Hennyn seuraajat ja julkkisyst\u00e4v\u00e4t ovat olleet muodonmuutosvideosta \u00e4im\u00e4n k\u00e4ken\u00e4.<\/p>\n<p class=\"article-content article-content-width !bg-background\">Esimerkiksi artisti  on kommentoinut kuvia lyhyk\u00e4isyydess\u00e4\u00e4n: &#8221;Omg&#8221;.<\/p>\n<p class=\"article-content article-content-width !bg-background\">Laulaja  puolestaan kehuu:<\/p>\n<p class=\"article-content article-content-width !bg-background\">\u2013 Upee, ja on kuorruttanut kommenttinsa my\u00f6s kolmella roihuavalla syd\u00e4mell\u00e4.<\/p>\n<p class=\"article-content article-content-width !bg-background\">Ter\u00e4v\u00e4st\u00e4 kielest\u00e4\u00e4n tuttu  puolestaan n\u00e4ytt\u00e4isi rinnastavan Hennyn antiikin Kreikan jumalattariin.<\/p>\n<p class=\"article-content article-content-width !bg-background\">\u2013\u00a0Susta on kirjoitettu tuhansia aarioita antiikin Kreikassa, h\u00e4n julistaa.<\/p>\n<p class=\"article-content article-content-width !bg-background\">Lukuisat muutkin julkimot ovat osoittaneet ihastustaan julkaisun kommenttikent\u00e4ss\u00e4.<\/p>\n<p>                <img decoding=\"async\" src=\"https:\/\/www.europesays.com\/fi\/wp-content\/uploads\/2026\/01\/2035464.webp.jpeg\" width=\"576\" height=\"720\" alt=\"Henny vuonna 2022 Somet\u00e4htien sinkkuel\u00e4m\u00e4\u00e4 -sarjan pressiss\u00e4.\" loading=\"lazy\" \/>            <\/p>\n<p>\n            Henny vuonna 2022 Somet\u00e4htien sinkkuel\u00e4m\u00e4\u00e4 -sarjan pressiss\u00e4.<br \/>\n            TIMO KORHONEN\n        <\/p>\n<p>        <a itemprop=\"url\" href=\"https:\/\/www.seiska.fi\/vain-seiskassa\/henny-harjusolan-ja-sofia-tuomolan-paljastus-seiskalle-yksi-asia-on-kielletty\/2016326\" rel=\"nofollow noopener\" target=\"_blank\"><\/p>\n<p>\nHennyn ja Sofian paljastus\n<\/p>\n<p class=\"section-date\">\n        <strong class=\"article-section\" data-section=\"vain seiskassa\"><br \/>\n            vain seiskassa<br \/>\n        <\/strong><br \/>\n        20.12.2025 11:00\n    <\/p>\n<p>Henny Harjusolan ja Sofia Tuomolan paljastus Seiskalle \u2013 yksi asia on kielletty\n    <\/p>\n<p itemprop=\"description\" class=\"subtitle \">\n    Julkkiskaunottaret viett\u00e4v\u00e4t yhteisen joulun.\n<\/p>\n<p>        <\/a><\/p>\n<p>Ammattilainen tukena<\/p>\n<p class=\"article-content article-content-width !bg-background\">Henny on kertonut julkisuudessa olevansa Ozempic-l\u00e4\u00e4kityksell\u00e4, joka s\u00e4\u00e4nn\u00f6stelee ruokahalua ja poistaa tarpeen ylim\u00e4\u00e4r\u00e4iseen ahmimiseen.\u00a0<\/p>\n<p class=\"article-content article-content-width !bg-background\">Lis\u00e4ksi valmentaja  on ollut h\u00e4nen tukenaan prosessissa niin ruokailun kuin liikunnankin osalta.<\/p>\n<p class=\"article-content article-content-width !bg-background\">Painonpudotus ei ole tapahtunut sormia napsauttamalla, vaan se on kest\u00e4nyt kaikkiaan jo toista vuotta.<\/p>\n<p class=\"article-content article-content-width !bg-background\">Alun perin Youtubesta tunnetuksi noussut kauneusvaikuttaja Henny on nyky\u00e4\u00e4n kampaamoyritt\u00e4j\u00e4, joka on osaomistajana helsinkil\u00e4isess\u00e4 kampaamossa yst\u00e4v\u00e4ns\u00e4  kanssa.<\/p>\n<p>        <a itemprop=\"url\" href=\"https:\/\/www.seiska.fi\/kotimaa\/henny-harjusola-ja-sofia-tuomola-suorat-sanat-kauneusleikkauksista\/2016427\" rel=\"nofollow noopener\" target=\"_blank\"><\/p>\n<p>\nHenny Harjusola ja Sofia Tuomola\n<\/p>\n<p class=\"section-date\">\n        <strong class=\"article-section\" data-section=\"kotimaa\"><br \/>\n            kotimaa<br \/>\n        <\/strong><br \/>\n        21.12.2025 13:00\n    <\/p>\n<p>Henny Harjusola ja Sofia Tuomola: Suorat sanat kauneusleikkauksista\n    <\/p>\n<p itemprop=\"description\" class=\"subtitle \">\n    Henny ja Sofia tiet\u00e4v\u00e4t miksi vanhat kuvat n\u00e4ytt\u00e4v\u00e4t erilaisilta.\n<\/p>\n<p>        <\/a><\/p>\n<p>                <img decoding=\"async\" src=\"https:\/\/www.europesays.com\/fi\/wp-content\/uploads\/2026\/01\/2035451.webp.jpeg\" width=\"576\" height=\"720\" alt=\"T\u00e4lt\u00e4 Henny n\u00e4ytt\u00e4\u00e4 nyky\u00e4\u00e4n.\" loading=\"lazy\" \/>            <\/p>\n<p>\n            T\u00e4lt\u00e4 Henny n\u00e4ytt\u00e4\u00e4 nyky\u00e4\u00e4n.<br \/>\n            ATTE KAJOVA\n        <\/p>\n<p><script async src=\"\/\/www.instagram.com\/embed.js\"><\/script><\/p>\n","protected":false},"excerpt":{"rendered":"ATTE KAJOVA Shokeeraavan videon julkaissutta Henny\u00e4 verrataan antiikin Kreikan jumalattariin. Yritt\u00e4j\u00e4kaunotar shokeeraa j\u00e4risytt\u00e4v\u00e4ll\u00e4 muodonmuutoksellaan. Video: Hennyn matkavinkit. Henny&hellip;\n","protected":false},"author":2,"featured_media":131455,"comment_status":"","ping_status":"","sticky":false,"template":"","format":"standard","meta":{"footnotes":""},"categories":[136],"tags":[407,137,33,31,30,12908,408,4436,13095,2882,32,167,2677,109],"class_list":{"0":"post-131454","1":"post","2":"type-post","3":"status-publish","4":"format-standard","5":"has-post-thumbnail","7":"category-julkkikset","8":"tag-celebrities","9":"tag-entertainment","10":"tag-fi","11":"tag-finland","12":"tag-finnish","13":"tag-henny-harjusola","14":"tag-julkkikset","15":"tag-muodonmuutos","16":"tag-ozempic","17":"tag-painonpudotus","18":"tag-suomi","19":"tag-terveys","20":"tag-tyyli","21":"tag-viihde"},"share_on_mastodon":{"url":"https:\/\/pubeurope.com\/@fi\/115824993524605869","error":""},"_links":{"self":[{"href":"https:\/\/www.europesays.com\/fi\/wp-json\/wp\/v2\/posts\/131454","targetHints":{"allow":["GET"]}}],"collection":[{"href":"https:\/\/www.europesays.com\/fi\/wp-json\/wp\/v2\/posts"}],"about":[{"href":"https:\/\/www.europesays.com\/fi\/wp-json\/wp\/v2\/types\/post"}],"author":[{"embeddable":true,"href":"https:\/\/www.europesays.com\/fi\/wp-json\/wp\/v2\/users\/2"}],"replies":[{"embeddable":true,"href":"https:\/\/www.europesays.com\/fi\/wp-json\/wp\/v2\/comments?post=131454"}],"version-history":[{"count":0,"href":"https:\/\/www.europesays.com\/fi\/wp-json\/wp\/v2\/posts\/131454\/revisions"}],"wp:featuredmedia":[{"embeddable":true,"href":"https:\/\/www.europesays.com\/fi\/wp-json\/wp\/v2\/media\/131455"}],"wp:attachment":[{"href":"https:\/\/www.europesays.com\/fi\/wp-json\/wp\/v2\/media?parent=131454"}],"wp:term":[{"taxonomy":"category","embeddable":true,"href":"https:\/\/www.europesays.com\/fi\/wp-json\/wp\/v2\/categories?post=131454"},{"taxonomy":"post_tag","embeddable":true,"href":"https:\/\/www.europesays.com\/fi\/wp-json\/wp\/v2\/tags?post=131454"}],"curies":[{"name":"wp","href":"https:\/\/api.w.org\/{rel}","templated":true}]}}