{"id":131456,"date":"2026-01-02T10:18:06","date_gmt":"2026-01-02T10:18:06","guid":{"rendered":"https:\/\/www.europesays.com\/fi\/131456\/"},"modified":"2026-01-02T10:18:06","modified_gmt":"2026-01-02T10:18:06","slug":"tympeita-tyttoja-esitteleva-nayttely-kiritti-tamperelaisen-museon-uuteen-kavijaennatykseen","status":"publish","type":"post","link":"https:\/\/www.europesays.com\/fi\/131456\/","title":{"rendered":"Tympeit\u00e4 tytt\u00f6j\u00e4 esittelev\u00e4 n\u00e4yttely kiritti tamperelaisen museon uuteen k\u00e4vij\u00e4enn\u00e4tykseen"},"content":{"rendered":"<p>Suosion taustalla oli erityisesti yhteiskuntakriitikko Riina Tanskasen Tympe\u00e4t tyt\u00f6t -piirrosn\u00e4yttely. N\u00e4yttely on auki 11. tammikuuta asti.<\/p>\n<p class=\"article-body mb-nof-24 px-nof-16\">Aamulehti<\/p>\n<p>Lue tiivistelm\u00e4<\/p>\n<p class=\"article-body mb-nof-24 px-nof-16 sndp-summary-bullet-point-font\">Tampereen Ty\u00f6v\u00e4enmuseo Werstas teki uuden k\u00e4vij\u00e4enn\u00e4tyksen vuonna 2025. Museossa vieraili l\u00e4hes 75 000 ihmist\u00e4.<\/p>\n<p class=\"article-body mb-nof-24 px-nof-16 sndp-summary-bullet-point-font\">Suosion taustalla oli erityisesti yhteiskuntakriitikko Riina Tanskasen Tympe\u00e4t tyt\u00f6t -piirrosn\u00e4yttely, joka k\u00e4sittelee tytt\u00f6yden ja talouden v\u00e4lisi\u00e4 suhteita.<\/p>\n<p class=\"article-body mb-nof-24 px-nof-16 sndp-summary-bullet-point-font\">Museonjohtaja Kalle Kallion mukaan Werstas on vakiinnuttanut asemansa suomalaisessa kulttuurikent\u00e4ss\u00e4 tarjoamalla yhteis\u00f6llisi\u00e4 ja rohkeita sis\u00e4lt\u00f6j\u00e4.<\/p>\n<p class=\"article-body mb-nof-24 px-nof-16\">Ty\u00f6v\u00e4enmuseo Werstas rikkoi k\u00e4vij\u00e4enn\u00e4tyksens\u00e4 vuonna 2025. Tampereen Finlaysonilla sijaitsevassa Museossa vieraili yhteens\u00e4 74\u202f991 ihmist\u00e4.<\/p>\n<p class=\"article-body mb-nof-24 px-nof-16\">Aikaisempi enn\u00e4tys syntyi vuonna 2023, jolloin museo ker\u00e4si 72\u202f816 k\u00e4vij\u00e4\u00e4. Viimevuotisen menestyksen takana oli erityisesti yhteiskuntakriitikko <a class=\"font-bold underline-offset-[0.12em] [text-decoration:var(--person-link-text-decoration)] ![text-decoration-color:var(--person-link-text-decoration-color)]\" href=\"https:\/\/www.aamulehti.fi\/haku\/?query=Riina%20Tanskasen\" rel=\"nofollow noopener\" target=\"_blank\">Riina Tanskasen<\/a> piirrosn\u00e4yttely Tympe\u00e4t tyt\u00f6t.<\/p>\n<p class=\"article-body mb-nof-24 px-nof-16\">Tytt\u00f6yden ja talouden v\u00e4lisi\u00e4 suhteita k\u00e4sittelev\u00e4st\u00e4 n\u00e4yttelyst\u00e4 tuli nopeasti yleis\u00f6n suosikki. Hein\u00e4kuussa museo ylitti ensimm\u00e4ist\u00e4 kertaa 10\u202f000 kuukausik\u00e4vij\u00e4n rajan. N\u00e4yttely on viimeist\u00e4 p\u00e4iv\u00e4\u00e4 esill\u00e4 sunnuntaina 11. tammikuuta.<\/p>\n<p class=\"article-body mb-nof-24 px-nof-16\">My\u00f6s museon muut n\u00e4yttelyt houkuttelivat v\u00e4ke\u00e4. Elokuussa p\u00e4\u00e4ttynyt Rakentajat-n\u00e4yttely leikkity\u00f6maineineen toi museoon erityisesti lapsiperheit\u00e4.<\/p>\n<p class=\"article-body mb-nof-24 px-nof-16\">Museonjohtaja<a class=\"font-bold underline-offset-[0.12em] [text-decoration:var(--person-link-text-decoration)] ![text-decoration-color:var(--person-link-text-decoration-color)]\" href=\"https:\/\/www.aamulehti.fi\/haku\/?query=%20Kalle%20Kallion\" rel=\"nofollow noopener\" target=\"_blank\"> Kalle Kallion<\/a> mukaan Werstas on vakiinnuttanut asemansa suomalaisessa kulttuurikent\u00e4ss\u00e4. Museo tarjoaa yhteis\u00f6llisi\u00e4 ja rohkeita sis\u00e4lt\u00f6j\u00e4, jotka her\u00e4tt\u00e4v\u00e4t keskustelua, Kallio kertoo. Samalla se palvelee monipuolisesti lapsiperheit\u00e4, matkailijoita ja koululaisia. Vapaa p\u00e4\u00e4sy on madaltanut kynnyst\u00e4 tulla museoon.<\/p>\n<p>Nootti ker\u00e4si kiitosta<\/p>\n<p class=\"article-body mb-nof-24 px-nof-16\">Helmikuussa avattu Id\u00e4nsuhteiden museo Nootti houkutteli 13\u202f955 vierailijaa. Museo kiinnosti erityisesti yl\u00e4koulu- ja lukioryhmi\u00e4. Historianopettajat kehuivat Nootin sis\u00e4lt\u00f6\u00e4, sill\u00e4 se sopii hyvin Suomen itsen\u00e4isyyden ajan opetukseen, koska maamme historian k\u00e4\u00e4nnekohdat ovat olleet sidoksissa Ven\u00e4j\u00e4n kehitykseen.<\/p>\n<p class=\"article-body mb-nof-24 px-nof-16\">My\u00f6s koululaisryhmien m\u00e4\u00e4r\u00e4 kasvoi enn\u00e4tyslukemiin. Werstaan ja Nootin yhteenlaskettu koululaisk\u00e4vij\u00e4m\u00e4\u00e4r\u00e4 oli 5\u202f465 oppilasta.<\/p>\n<p class=\"article-body mb-nof-24 px-nof-16\">Vuonna 2026 museo jatkaa yhteiskunnallisten teemojen k\u00e4sittely\u00e4. Helmikuussa avautuu n\u00e4yttely tamperelaisen vaikuttajan <a class=\"font-bold underline-offset-[0.12em] [text-decoration:var(--person-link-text-decoration)] ![text-decoration-color:var(--person-link-text-decoration-color)]\" href=\"https:\/\/www.aamulehti.fi\/haku\/?query=Kalle%20Kaiharin\" rel=\"nofollow noopener\" target=\"_blank\">Kalle Kaiharin<\/a> el\u00e4m\u00e4st\u00e4. Kes\u00e4n kynnyksell\u00e4 esitell\u00e4\u00e4n ty\u00f6laitosten historiaa ja lokakuussa suomalaisten perustamia utopiayhteis\u00f6j\u00e4.<\/p>\n","protected":false},"excerpt":{"rendered":"Suosion taustalla oli erityisesti yhteiskuntakriitikko Riina Tanskasen Tympe\u00e4t tyt\u00f6t -piirrosn\u00e4yttely. N\u00e4yttely on auki 11. tammikuuta asti. Aamulehti Lue&hellip;\n","protected":false},"author":2,"featured_media":131457,"comment_status":"","ping_status":"","sticky":false,"template":"","format":"standard","meta":{"footnotes":""},"categories":[135],"tags":[157,389,387,388,390,137,33,31,30,32,394,393,391,392,109],"class_list":{"0":"post-131456","1":"post","2":"type-post","3":"status-publish","4":"format-standard","5":"has-post-thumbnail","7":"category-taiteet-ja-suunnittelu","8":"tag-aamulehti","9":"tag-arts","10":"tag-arts-and-design","11":"tag-artsanddesign","12":"tag-design","13":"tag-entertainment","14":"tag-fi","15":"tag-finland","16":"tag-finnish","17":"tag-suomi","18":"tag-suunnittelu","19":"tag-taiteet","20":"tag-taiteet-ja-suunnittelu","21":"tag-taiteetsuunnittelu","22":"tag-viihde"},"share_on_mastodon":{"url":"https:\/\/pubeurope.com\/@fi\/115824997353407570","error":""},"_links":{"self":[{"href":"https:\/\/www.europesays.com\/fi\/wp-json\/wp\/v2\/posts\/131456","targetHints":{"allow":["GET"]}}],"collection":[{"href":"https:\/\/www.europesays.com\/fi\/wp-json\/wp\/v2\/posts"}],"about":[{"href":"https:\/\/www.europesays.com\/fi\/wp-json\/wp\/v2\/types\/post"}],"author":[{"embeddable":true,"href":"https:\/\/www.europesays.com\/fi\/wp-json\/wp\/v2\/users\/2"}],"replies":[{"embeddable":true,"href":"https:\/\/www.europesays.com\/fi\/wp-json\/wp\/v2\/comments?post=131456"}],"version-history":[{"count":0,"href":"https:\/\/www.europesays.com\/fi\/wp-json\/wp\/v2\/posts\/131456\/revisions"}],"wp:featuredmedia":[{"embeddable":true,"href":"https:\/\/www.europesays.com\/fi\/wp-json\/wp\/v2\/media\/131457"}],"wp:attachment":[{"href":"https:\/\/www.europesays.com\/fi\/wp-json\/wp\/v2\/media?parent=131456"}],"wp:term":[{"taxonomy":"category","embeddable":true,"href":"https:\/\/www.europesays.com\/fi\/wp-json\/wp\/v2\/categories?post=131456"},{"taxonomy":"post_tag","embeddable":true,"href":"https:\/\/www.europesays.com\/fi\/wp-json\/wp\/v2\/tags?post=131456"}],"curies":[{"name":"wp","href":"https:\/\/api.w.org\/{rel}","templated":true}]}}