{"id":131460,"date":"2026-01-02T10:21:08","date_gmt":"2026-01-02T10:21:08","guid":{"rendered":"https:\/\/www.europesays.com\/fi\/131460\/"},"modified":"2026-01-02T10:21:08","modified_gmt":"2026-01-02T10:21:08","slug":"tampere-muistaa-pate-mustajarvea-tammerkosken-maisemaan-heijastetaan-muusikon-kuva-pirkanmaa","status":"publish","type":"post","link":"https:\/\/www.europesays.com\/fi\/131460\/","title":{"rendered":"Tampere muistaa Pate Mustaj\u00e4rve\u00e4: Tammerkosken maisemaan heijastetaan muusikon kuva | Pirkanmaa"},"content":{"rendered":"<p class=\"aw-1gybjub aw-5vja16 kEtdKx kmuxyA yle__article__paragraph\">Tampereella muistellaan edesmennytt\u00e4 muusikko Pauli \u201dPate\u201d Mustaj\u00e4rve\u00e4 muisto\u00advalaistuksella ja Ylen suorassa l\u00e4hetyksess\u00e4.<\/p>\n<p><img decoding=\"async\" alt=\"Tammerkosken patosilta valaistuna sinisell\u00e4 ja punaisella valolla.\" src=\"https:\/\/www.europesays.com\/fi\/wp-content\/uploads\/2026\/01\/39-132561566a95243761bf.jpeg\" class=\"aw-1l9m598 hKVVvP\"\/><\/p>\n<p>Avaa kuvien katselu<\/p>\n<p>Tammerkosken voimalaa ja putousta on valaistu erilaisilla juhlavalaistuksilla vuosien varrella. Arkistokuva kes\u00e4lt\u00e4 2024. Kuva: Matias V\u00e4\u00e4n\u00e4nen \/ Yle<\/p>\n<p class=\"aw-1gybjub aw-1p7kakr kEtdKx cEmitX yle__article__paragraph\">Tampereen kaupunki heijastaa Tammerkosken voimalaitoksen sein\u00e4\u00e4n muistovalaistuksen <strong class=\"aw-ak79eh KyCXm yle__article__strong\">Pauli \u201dPate\u201d Mustaj\u00e4rven<\/strong> kunniaksi. My\u00f6s kosken putous saa juhlavalaistuksen.<\/p>\n<p class=\"aw-1gybjub aw-1p7kakr kEtdKx cEmitX yle__article__paragraph\">Muistovalaistuksessa musiikkilegendan valokuva heijastetaan Tammerkosken maisemaan perjantaina, lauantaina ja sunnuntaina kello 16\u201300 v\u00e4lisen\u00e4 aikana.<\/p>\n<p class=\"aw-1gybjub aw-1p7kakr kEtdKx cEmitX yle__article__paragraph\">Heijastettavan kuvan on ottanut <strong class=\"aw-ak79eh KyCXm yle__article__strong\">Harri Hinkka<\/strong>.<\/p>\n<p class=\"aw-1gybjub aw-1p7kakr kEtdKx cEmitX yle__article__paragraph\">Mustaj\u00e4rvi menehtyi tapaninp\u00e4iv\u00e4n\u00e4. H\u00e4n olisi t\u00e4ytt\u00e4nyt 70 vuotta ensi kes\u00e4n\u00e4.<\/p>\n<p class=\"aw-1gybjub aw-1p7kakr kEtdKx cEmitX yle__article__paragraph\">\u2013 Pauli Mustaj\u00e4rvi oli erottamaton osa tamperelaista kulttuurihistoriaa ja Manserockin tarinaa. Muistovalaistuksen my\u00f6t\u00e4 kaupunki kunnioittaa suomirockin legendaa ja h\u00e4nen el\u00e4m\u00e4nty\u00f6t\u00e4\u00e4n, Tampereen kaupungin tapahtumap\u00e4\u00e4llikk\u00f6 <strong class=\"aw-ak79eh KyCXm yle__article__strong\">Saara Saarteinen<\/strong> kertoo tiedotteessa.<\/p>\n<p class=\"aw-1gybjub aw-1p7kakr kEtdKx cEmitX yle__article__paragraph\">Valaistusta voi katsella esimerkiksi Koskipuiston rannalta tai H\u00e4meensillalta.<\/p>\n<p class=\"aw-1gybjub aw-1p7kakr kEtdKx cEmitX yle__article__paragraph\">Tapaninp\u00e4iv\u00e4n\u00e4 kuollutta <a class=\"aw-iao6s4 iHOxEa yle__article__link\" href=\"https:\/\/yle.fi\/a\/74-20201900\" role=\"link\" rel=\"nofollow noopener\" target=\"_blank\">Mustaj\u00e4rve\u00e4 muistellaan suorassa Ylen tv-l\u00e4hetyksess\u00e4<\/a> lauantai-iltana.<\/p>\n<p class=\"aw-1gybjub aw-1p7kakr kEtdKx cEmitX yle__article__paragraph\">Pate Mustaj\u00e4rvi \u2013 Suomirockin legenda \u2013 l\u00e4hetys kuvataan Tampere-talolla ja se on katsottavissa <a class=\"aw-iao6s4 iHOxEa yle__article__link\" href=\"https:\/\/areena.yle.fi\/1-76961715\" role=\"link\" rel=\"nofollow noopener\" target=\"_blank\">Yle Areenassa<\/a> ja Yle TV2:ssa lauantaina klo 21 alkaen.<\/p>\n<p class=\"aw-1gybjub aw-1p7kakr kEtdKx cEmitX yle__article__paragraph\">Muistol\u00e4hetyksen j\u00e4rjest\u00e4v\u00e4t Yle ja Tampereen kaupunki yhteisty\u00f6n\u00e4. Paikalla yleis\u00f6ss\u00e4 on Mustaj\u00e4rven yst\u00e4vi\u00e4 ja faneja.<\/p>\n<p class=\"aw-1gybjub aw-1p7kakr kEtdKx cEmitX yle__article__paragraph\">Tampereella on muistettu Ikurin turpiini -lempinimell\u00e4kin tunnettua muusikkoa my\u00f6s viem\u00e4ll\u00e4 kynttil\u00f6it\u00e4 h\u00e4nen kotitalonsa portille.<\/p>\n<p class=\"aw-1gybjub aw-1p7kakr kEtdKx cEmitX yle__article__paragraph\"><strong class=\"aw-ak79eh KyCXm yle__article__strong\">N\u00e4in h\u00e4nt\u00e4 muisteltiin Ikurissa viime viikolla.<\/strong><\/p>\n<p>Tamperelaiset toivat kynttil\u00f6it\u00e4 Mustaj\u00e4rven kotitalolle Tampereen Ikuriin kuolinuutisen kuultuaan. Video: Petra Ketonen ja Seppo Ahava \/ Yle<\/p>\n","protected":false},"excerpt":{"rendered":"Tampereella muistellaan edesmennytt\u00e4 muusikko Pauli \u201dPate\u201d Mustaj\u00e4rve\u00e4 muisto\u00advalaistuksella ja Ylen suorassa l\u00e4hetyksess\u00e4. Avaa kuvien katselu Tammerkosken voimalaa ja&hellip;\n","protected":false},"author":2,"featured_media":131461,"comment_status":"","ping_status":"","sticky":false,"template":"","format":"standard","meta":{"footnotes":""},"categories":[132],"tags":[137,33,31,30,108,12481,195,47,5730,553,32,23258,551,5257,109,22968],"class_list":{"0":"post-131460","1":"post","2":"type-post","3":"status-publish","4":"format-standard","5":"has-post-thumbnail","7":"category-musiikki","8":"tag-entertainment","9":"tag-fi","10":"tag-finland","11":"tag-finnish","12":"tag-kulttuuri","13":"tag-manserock","14":"tag-music","15":"tag-musiikki","16":"tag-pate-mustajarvi","17":"tag-pirkanmaa","18":"tag-suomi","19":"tag-tammerkoski","20":"tag-tampere","21":"tag-tampere-talo","22":"tag-viihde","23":"tag-yle-tv2"},"share_on_mastodon":{"url":"https:\/\/pubeurope.com\/@fi\/115825009382334574","error":""},"_links":{"self":[{"href":"https:\/\/www.europesays.com\/fi\/wp-json\/wp\/v2\/posts\/131460","targetHints":{"allow":["GET"]}}],"collection":[{"href":"https:\/\/www.europesays.com\/fi\/wp-json\/wp\/v2\/posts"}],"about":[{"href":"https:\/\/www.europesays.com\/fi\/wp-json\/wp\/v2\/types\/post"}],"author":[{"embeddable":true,"href":"https:\/\/www.europesays.com\/fi\/wp-json\/wp\/v2\/users\/2"}],"replies":[{"embeddable":true,"href":"https:\/\/www.europesays.com\/fi\/wp-json\/wp\/v2\/comments?post=131460"}],"version-history":[{"count":0,"href":"https:\/\/www.europesays.com\/fi\/wp-json\/wp\/v2\/posts\/131460\/revisions"}],"wp:featuredmedia":[{"embeddable":true,"href":"https:\/\/www.europesays.com\/fi\/wp-json\/wp\/v2\/media\/131461"}],"wp:attachment":[{"href":"https:\/\/www.europesays.com\/fi\/wp-json\/wp\/v2\/media?parent=131460"}],"wp:term":[{"taxonomy":"category","embeddable":true,"href":"https:\/\/www.europesays.com\/fi\/wp-json\/wp\/v2\/categories?post=131460"},{"taxonomy":"post_tag","embeddable":true,"href":"https:\/\/www.europesays.com\/fi\/wp-json\/wp\/v2\/tags?post=131460"}],"curies":[{"name":"wp","href":"https:\/\/api.w.org\/{rel}","templated":true}]}}