{"id":131462,"date":"2026-01-02T10:22:08","date_gmt":"2026-01-02T10:22:08","guid":{"rendered":"https:\/\/www.europesays.com\/fi\/131462\/"},"modified":"2026-01-02T10:22:08","modified_gmt":"2026-01-02T10:22:08","slug":"outi-maenpaa-pyytaa-apua-jos-on-hengissa","status":"publish","type":"post","link":"https:\/\/www.europesays.com\/fi\/131462\/","title":{"rendered":"Outi M\u00e4enp\u00e4\u00e4 pyyt\u00e4\u00e4 apua: &#8221;Jos on hengiss\u00e4&#8221;"},"content":{"rendered":"<p>            TIMO KORHONEN\n        <\/p>\n<p class=\"subtitle \">Outi pyyt\u00e4\u00e4 espoolaisilta apua.<\/p>\n<p class=\"article-content article-content-width !bg-background\">N\u00e4yttelij\u00e4 , 63, on julkaissut julkisen avunpyynn\u00f6n.\u00a0<\/p>\n<p class=\"font-weight-bold m-font-weight-bold article-content article-content-width !bg-background\">Videolla Outi M\u00e4enp\u00e4\u00e4 kertoo rajusta roolistaan:<\/p>\n<p class=\"article-content article-content-width !bg-background\">Outi julkaisi Instagramissa 1. tammikuuta kuvan koirasta. H\u00e4n kertoo, ett\u00e4 kyseess\u00e4 on h\u00e4nen yst\u00e4viens\u00e4 lemmikki, joka on karannut 21.12.\u00a0<\/p>\n<p>        <a itemprop=\"url\" href=\"https:\/\/www.seiska.fi\/kotimaa\/muistatko-naille-julkkiksille-soivat-haakellot-vuonna-2024\/1534507\" rel=\"nofollow noopener\" target=\"_blank\"><\/p>\n<p class=\"section-date\">\n        <strong class=\"article-section\" data-section=\"kotimaa\"><br \/>\n            kotimaa<br \/>\n        <\/strong><br \/>\n        1.1.2025 19:00\n    <\/p>\n<p>Muistatko? N\u00e4ille julkkiksille soivat h\u00e4\u00e4kellot vuonna 2024\n    <\/p>\n<p itemprop=\"description\" class=\"subtitle \">\n    Kuluneena vuonna h\u00e4\u00e4t haluttiin pit\u00e4\u00e4 ilman suurta huomiota.\n<\/p>\n<p>        <\/a><\/p>\n<p class=\"article-content article-content-width !bg-background\">Outi kirjoittaa karvaturrin l\u00e4hteneen karkuteille Kauklahdesta, joka\u00a0on kaupunginosa Espoon l\u00e4nsiosassa. N\u00e4yttelij\u00e4 pyyt\u00e4\u00e4 l\u00e4hialueen asukkaita pit\u00e4m\u00e4\u00e4n silm\u00e4ns\u00e4 avoinna, sill\u00e4 koira on ollut reissullaan jo turhan pitk\u00e4\u00e4n.\u00a0<\/p>\n<p>                <img decoding=\"async\" src=\"https:\/\/www.europesays.com\/fi\/wp-content\/uploads\/2026\/01\/2035620.webp.jpeg\" width=\"576\" height=\"720\" alt=\"Outi jakaa yst\u00e4v\u00e4perheens\u00e4 huolen.\" loading=\"lazy\" \/>            <\/p>\n<p>\n            Outi jakaa yst\u00e4v\u00e4perheens\u00e4 huolen.<br \/>\n            TIMO KORHONEN\n        <\/p>\n<p class=\"article-content article-content-width !bg-background\">\u2013\u00a0Nyt on kulunut toista viikkoa katoamisesta, ollut kylm\u00e4 ja ilotulitekauhu, joten, jos koira on hengiss\u00e4, se hyvin todenn\u00e4k\u00f6isesti piilottelee jossain kolossa, talon rossipohjassa, kellarissa, puun juuressa jne, Outi kirjoittaa.<\/p>\n<p>Pit\u00e4\u00e4 toivoa yll\u00e4<\/p>\n<p class=\"article-content article-content-width !bg-background\">Purevasta pakkasesta ja uuden vuoden r\u00e4iskinn\u00e4st\u00e4 huolimatta toivoa ei ole t\u00e4ysin heitetty. Outin mukaan <a href=\"https:\/\/www.instagram.com\/p\/DS981aJjIlr\/\" target=\"_blank\" rel=\"nofollow noopener\">koirasta on tehty havaintoja<\/a> viel\u00e4 jokunen p\u00e4iv\u00e4 sitten.\u00a0<\/p>\n<p>        <a itemprop=\"url\" href=\"https:\/\/www.seiska.fi\/katso\/outi-maenpaan-juha-rakas-teki-uskomattoman-romanttisen-teon\/1289285\" rel=\"nofollow noopener\" target=\"_blank\"><\/p>\n<p class=\"section-date\">\n        <strong class=\"article-section\" data-section=\"katso\"><br \/>\n            katso<br \/>\n        <\/strong><br \/>\n        14.3.2024 08:15\n    <\/p>\n<p>Outi M\u00e4enp\u00e4\u00e4n Juha-rakas teki uskomattoman romanttisen teon\n    <\/p>\n<p itemprop=\"description\" class=\"subtitle \">\n    Kirjailija Juha Ruusuvuori ker\u00e4\u00e4 puolisonsa ty\u00f6n\u00e4ytteit\u00e4.\n<\/p>\n<p>        <\/a><\/p>\n<p class=\"article-content article-content-width !bg-background\">\u2013\u00a0Joten erityisesti Palttinapuiston ymp\u00e4rist\u00f6n asukkaat: tarkistaisitteko yst\u00e4v\u00e4llisesti pihojenne piilopaikat, havupuiden sek\u00e4 piharakennusten alustat, ett\u00e4 pieni karkuri ei piilottelisi siell\u00e4, Outi pyyt\u00e4\u00e4.<\/p>\n<p class=\"article-content article-content-width !bg-background\">Kuvan lis\u00e4ksi Outi on jakanut koiran omistajien yhteystiedot. H\u00e4n painottaa, ettei hurttaa tule l\u00e4hesty\u00e4 itse, sill\u00e4 se on hyvin arka.\u00a0<\/p>\n<p>        <a itemprop=\"url\" href=\"https:\/\/www.seiska.fi\/katso\/outi-maenpaa-hoynaytti-suomi-julkkiksia-noriko-showssa-puolustaa-rasistiseksi-tulkinnallista-ohjelmaa\/1289448\" rel=\"nofollow noopener\" target=\"_blank\"><\/p>\n<p class=\"section-date\">\n        <strong class=\"article-section\" data-section=\"katso\"><br \/>\n            katso<br \/>\n        <\/strong><br \/>\n        12.3.2024 15:45\n    <\/p>\n<p>Outi M\u00e4enp\u00e4\u00e4 h\u00f6yn\u00e4ytti Suomi-julkkiksia Noriko Show&#8217;ssa &#8211; puolustaa rasistiseksi tulkinnallista ohjelmaa\n    <\/p>\n<p itemprop=\"description\" class=\"subtitle \">\n    Noriko Show nauratti takavuosina, mutta naurattaisiko yh\u00e4?\n<\/p>\n<p>        <\/a><\/p>\n<p class=\"article-content article-content-width !bg-background\">Julkaisu on tavoittanut monta el\u00e4inten yst\u00e4v\u00e4\u00e4. Yksi heist\u00e4 on n\u00e4yttelij\u00e4 , joka ilmaisee my\u00f6t\u00e4tuntonsa julkaisun kommenteissa.\u00a0<\/p>\n<p class=\"article-content article-content-width !bg-background\">\u2013 Voi kun h\u00e4n l\u00f6ytyisi, Hannele toivoo.<\/p>\n<p>Takana yll\u00e4tysh\u00e4\u00e4t<\/p>\n<p class=\"article-content article-content-width !bg-background\">Outi on pitk\u00e4n linjan n\u00e4yttelij\u00e4, joka muistetaan muun muassa Noriko Show&#8217;sta (2004) sek\u00e4 elokuvasta Vuosisadan h\u00e4\u00e4t (2021). Leffan lis\u00e4ksi h\u00e4it\u00e4 on ollut my\u00f6s Outin omassa el\u00e4m\u00e4ss\u00e4, sill\u00e4<a href=\"https:\/\/www.seiska.fi\/kotimaa\/eeva-outi-maenpaan-yllatysuutinen\/1475639\" target=\"_blank\" rel=\"nofollow noopener\"> h\u00e4n yll\u00e4tti syksyll\u00e4<\/a> kertomalla menneens\u00e4 naimisiin.\u00a0<\/p>\n<p class=\"article-content article-content-width !bg-background\">Outi kertoi iloisen uutisen -lehdess\u00e4 lokakuussa. <a href=\"https:\/\/www.eeva.fi\/jutut\/outi-maenpaan-uusi-avioliitto\" target=\"_blank\" rel=\"nofollow noopener\">H\u00e4n paljasti avioituneensa <\/a>kirjailija  kanssa kes\u00e4ll\u00e4.\u00a0<\/p>\n<p class=\"article-content article-content-width !bg-background\">\u2013\u00a0Olen kiitollinen, ett\u00e4 l\u00f6ysin Juhan. Menimme kes\u00e4kuussa naimisiin, n\u00e4yttelij\u00e4 iloitsi lehdess\u00e4.<\/p>\n<p>        <a itemprop=\"url\" href=\"https:\/\/www.seiska.fi\/katso\/outi-maenpaa-avoimena-yhteenmuutosta-juha-rakkaan-kanssa-oli-helvettia\/1289256\" rel=\"nofollow noopener\" target=\"_blank\"><\/p>\n<p class=\"section-date\">\n        <strong class=\"article-section\" data-section=\"katso\"><br \/>\n            katso<br \/>\n        <\/strong><br \/>\n        13.3.2024 14:15\n    <\/p>\n<p>Outi M\u00e4enp\u00e4\u00e4 avoimena yhteenmuutosta Juha-rakkaan kanssa: &#8221;Oli helvetti\u00e4&#8221;\n    <\/p>\n<p itemprop=\"description\" class=\"subtitle \">\n    Outi M\u00e4enp\u00e4\u00e4 kertoo Maria Veitolalle muuttohankaluuksista televisiossa.\n<\/p>\n<p>        <\/a><\/p>\n<p><script async src=\"\/\/www.instagram.com\/embed.js\"><\/script><\/p>\n","protected":false},"excerpt":{"rendered":"TIMO KORHONEN Outi pyyt\u00e4\u00e4 espoolaisilta apua. N\u00e4yttelij\u00e4 , 63, on julkaissut julkisen avunpyynn\u00f6n.\u00a0 Videolla Outi M\u00e4enp\u00e4\u00e4 kertoo rajusta&hellip;\n","protected":false},"author":2,"featured_media":131463,"comment_status":"","ping_status":"","sticky":false,"template":"","format":"standard","meta":{"footnotes":""},"categories":[131],"tags":[23262,155,137,400,33,173,31,30,11237,23261,23260,4632,3427,172,23259,32,109],"class_list":{"0":"post-131462","1":"post","2":"type-post","3":"status-publish","4":"format-standard","5":"has-post-thumbnail","7":"category-elokuvat","8":"tag-avunpyynto","9":"tag-elokuvat","10":"tag-entertainment","11":"tag-espoo","12":"tag-fi","13":"tag-film","14":"tag-finland","15":"tag-finnish","16":"tag-hannele-lauri","17":"tag-juha-ruusuvuori","18":"tag-karkuri","19":"tag-lemmikit","20":"tag-lemmikki","21":"tag-movies","22":"tag-outi-maenpaa","23":"tag-suomi","24":"tag-viihde"},"share_on_mastodon":{"url":"https:\/\/pubeurope.com\/@fi\/115825013096740562","error":""},"_links":{"self":[{"href":"https:\/\/www.europesays.com\/fi\/wp-json\/wp\/v2\/posts\/131462","targetHints":{"allow":["GET"]}}],"collection":[{"href":"https:\/\/www.europesays.com\/fi\/wp-json\/wp\/v2\/posts"}],"about":[{"href":"https:\/\/www.europesays.com\/fi\/wp-json\/wp\/v2\/types\/post"}],"author":[{"embeddable":true,"href":"https:\/\/www.europesays.com\/fi\/wp-json\/wp\/v2\/users\/2"}],"replies":[{"embeddable":true,"href":"https:\/\/www.europesays.com\/fi\/wp-json\/wp\/v2\/comments?post=131462"}],"version-history":[{"count":0,"href":"https:\/\/www.europesays.com\/fi\/wp-json\/wp\/v2\/posts\/131462\/revisions"}],"wp:featuredmedia":[{"embeddable":true,"href":"https:\/\/www.europesays.com\/fi\/wp-json\/wp\/v2\/media\/131463"}],"wp:attachment":[{"href":"https:\/\/www.europesays.com\/fi\/wp-json\/wp\/v2\/media?parent=131462"}],"wp:term":[{"taxonomy":"category","embeddable":true,"href":"https:\/\/www.europesays.com\/fi\/wp-json\/wp\/v2\/categories?post=131462"},{"taxonomy":"post_tag","embeddable":true,"href":"https:\/\/www.europesays.com\/fi\/wp-json\/wp\/v2\/tags?post=131462"}],"curies":[{"name":"wp","href":"https:\/\/api.w.org\/{rel}","templated":true}]}}