{"id":131474,"date":"2026-01-02T10:31:22","date_gmt":"2026-01-02T10:31:22","guid":{"rendered":"https:\/\/www.europesays.com\/fi\/131474\/"},"modified":"2026-01-02T10:31:22","modified_gmt":"2026-01-02T10:31:22","slug":"poliisi-epailee-matinkylan-ravintolapalosta-nuoria-ilotulittajia-kotimaa","status":"publish","type":"post","link":"https:\/\/www.europesays.com\/fi\/131474\/","title":{"rendered":"Poliisi ep\u00e4ilee Matinkyl\u00e4n ravintolapalosta nuoria ilotulittajia | Kotimaa"},"content":{"rendered":"<p class=\"aw-1gybjub aw-5vja16 kEtdKx kmuxyA yle__article__paragraph\">L\u00e4nsi-Uudenmaan poliisi tutkii tapausta nimikkeell\u00e4 tuhoty\u00f6.<\/p>\n<p><img decoding=\"async\" alt=\"Osin palanut ravintola.\" src=\"https:\/\/www.europesays.com\/fi\/wp-content\/uploads\/2026\/01\/39-1576322695689b7c5b10.jpeg\" class=\"aw-1l9m598 hKVVvP\"\/><\/p>\n<p>Avaa kuvien katselu<\/p>\n<p>Kuva: Antti L\u00e4hteenm\u00e4ki \/ Yle<\/p>\n<p class=\"aw-1gybjub aw-1p7kakr kEtdKx cEmitX yle__article__paragraph\">L\u00e4nsi-Uudenmaan poliisi ep\u00e4ilee useita nuoria ilotulitteiden varomattomasta k\u00e4yt\u00f6st\u00e4 uudenvuodenaattona Espoon Matinkyl\u00e4ss\u00e4.<\/p>\n<p class=\"aw-1gybjub aw-1p7kakr kEtdKx cEmitX yle__article__paragraph\">Ilotulitteiden aiheuttaman tulipalon ja sammustusvesien vuoksi ravintola tuhoutui k\u00e4ytt\u00f6kelvottomaksi my\u00f6h\u00e4\u00e4n keskiviikkoiltana. Ravintolalle aiheutui mittavat vahingot.<\/p>\n<p class=\"aw-1gybjub aw-1p7kakr kEtdKx cEmitX yle__article__paragraph\">\u2013 Ep\u00e4iltyin\u00e4 on useita nuoria henkil\u00f6it\u00e4, sanoo p\u00e4ivyst\u00e4v\u00e4 tutkinnanjohtaja, komisario <strong class=\"aw-ak79eh KyCXm yle__article__strong\">Hannu V\u00e4\u00e4n\u00e4nen<\/strong> L\u00e4nsi-Uudenmaan poliisista.<\/p>\n<p class=\"aw-1gybjub aw-1p7kakr kEtdKx cEmitX yle__article__paragraph\">Tarkkaa m\u00e4\u00e4r\u00e4\u00e4 V\u00e4\u00e4n\u00e4nen ei kuitenkaan tutkinnallisista syist\u00e4 viel\u00e4 kerro. Ep\u00e4iltyin\u00e4 voi olla my\u00f6s sellaisia henkil\u00f6it\u00e4, jotka ovat syytt\u00f6mi\u00e4.<\/p>\n<p class=\"aw-1gybjub aw-1p7kakr kEtdKx cEmitX yle__article__paragraph\">V\u00e4\u00e4n\u00e4nen muistuttaa ilotulitteiden riskeist\u00e4. Ravintolan palo on konkreettinen esimerkki siit\u00e4, mit\u00e4 ilotulitteet voivat aiheuttaa.<\/p>\n<p class=\"aw-1gybjub aw-1p7kakr kEtdKx cEmitX yle__article__paragraph\">\u2013 Vaikka niit\u00e4 k\u00e4ytet\u00e4\u00e4n ohjeiden ja turvaohjeiden mukaisesti, silloinkin niiss\u00e4 on riskej\u00e4. Saatikka sitten, jos unohdetaan ne ohjeet ja niill\u00e4 ryhdyt\u00e4\u00e4n leikkim\u00e4\u00e4n tai tahallisesti vaakatasossa ampumaan, niin voi tulla ihan mit\u00e4 vaan, V\u00e4\u00e4n\u00e4nen toteaa.<\/p>\n<p class=\"aw-1gybjub aw-1p7kakr kEtdKx cEmitX yle__article__paragraph\">Poliisi tavoittelee ep\u00e4iltyj\u00e4, sill\u00e4 poliisilla on halussan useiden silminn\u00e4kij\u00f6iden kautta saatuja tallenteita.<\/p>\n<p class=\"aw-1gybjub aw-1p7kakr kEtdKx cEmitX yle__article__paragraph\">Poliisi tutkii tapahtunutta rikosnimikkeell\u00e4 tuhoty\u00f6.<\/p>\n<p><img decoding=\"async\" alt=\"Osin palanut ravintola.\" src=\"https:\/\/www.europesays.com\/fi\/wp-content\/uploads\/2026\/01\/39-1576324695689b897ffd.jpeg\" loading=\"lazy\" class=\"aw-1l9m598 hKVVvP\"\/><\/p>\n<p>Avaa kuvien katselu<\/p>\n<p>Ravintola sijaitsee Matinkyl\u00e4ss\u00e4 kerrostalojen keskell\u00e4.  Kuva: Antti L\u00e4hteenm\u00e4ki \/ YlePaikalla oli vain henkil\u00f6kuntaa<\/p>\n<p class=\"aw-1gybjub aw-1p7kakr kEtdKx cEmitX yle__article__paragraph\">Tulipalon alkaessa ravintolassa ei ollut asiakkaita, mutta henkil\u00f6kunta oli viel\u00e4 paikalla. Kukaan ei kuitenkaan loukkaantunut.<\/p>\n<p class=\"aw-1gybjub aw-1p7kakr kEtdKx cEmitX yle__article__paragraph\">H\u00e4lytys tulipalosta tuli h\u00e4t\u00e4keskukseen useiden silminn\u00e4kij\u00f6iden ilmoittamana hieman ennen 23:a keskiviikkoiltana.<\/p>\n<p class=\"aw-1gybjub aw-1p7kakr kEtdKx cEmitX yle__article__paragraph\">L\u00e4nsi-Uudenmaan pelastuslaitos oli nopeasti paikalla ja sai sammutettua rakennuksessa kiinni olevan roskakatoksen palon. Tuli oli kuitenkin levinnyt jo rakennuksen kattorakenteisiin.<\/p>\n<p class=\"aw-1gybjub aw-1p7kakr kEtdKx cEmitX yle__article__paragraph\">Palon j\u00e4lkivartiointi jatkui torstaiaamuun.<\/p>\n","protected":false},"excerpt":{"rendered":"L\u00e4nsi-Uudenmaan poliisi tutkii tapausta nimikkeell\u00e4 tuhoty\u00f6. Avaa kuvien katselu Kuva: Antti L\u00e4hteenm\u00e4ki \/ Yle L\u00e4nsi-Uudenmaan poliisi ep\u00e4ilee useita&hellip;\n","protected":false},"author":2,"featured_media":131475,"comment_status":"","ping_status":"","sticky":false,"template":"","format":"standard","meta":{"footnotes":""},"categories":[5],"tags":[22,23,400,26,27,33,31,30,17,71,24,25,28,29,23140,15,18,21,1263,32,19,20,1265,1168,22485,16],"class_list":{"0":"post-131474","1":"post","2":"type-post","3":"status-publish","4":"format-standard","5":"has-post-thumbnail","7":"category-otsikot","8":"tag-breaking-news","9":"tag-breakingnews","10":"tag-espoo","11":"tag-featured-news","12":"tag-featurednews","13":"tag-fi","14":"tag-finland","15":"tag-finnish","16":"tag-headlines","17":"tag-kotimaa","18":"tag-latest-news","19":"tag-latestnews","20":"tag-main-news","21":"tag-mainnews","22":"tag-matinkyla","23":"tag-news","24":"tag-otsikot","25":"tag-paauutiset","26":"tag-rikosepailyt","27":"tag-suomi","28":"tag-top-stories","29":"tag-topstories","30":"tag-tulipalot","31":"tag-uusimaa","32":"tag-uusivuosi","33":"tag-uutiset"},"share_on_mastodon":{"url":"https:\/\/pubeurope.com\/@fi\/115825048509256769","error":""},"_links":{"self":[{"href":"https:\/\/www.europesays.com\/fi\/wp-json\/wp\/v2\/posts\/131474","targetHints":{"allow":["GET"]}}],"collection":[{"href":"https:\/\/www.europesays.com\/fi\/wp-json\/wp\/v2\/posts"}],"about":[{"href":"https:\/\/www.europesays.com\/fi\/wp-json\/wp\/v2\/types\/post"}],"author":[{"embeddable":true,"href":"https:\/\/www.europesays.com\/fi\/wp-json\/wp\/v2\/users\/2"}],"replies":[{"embeddable":true,"href":"https:\/\/www.europesays.com\/fi\/wp-json\/wp\/v2\/comments?post=131474"}],"version-history":[{"count":0,"href":"https:\/\/www.europesays.com\/fi\/wp-json\/wp\/v2\/posts\/131474\/revisions"}],"wp:featuredmedia":[{"embeddable":true,"href":"https:\/\/www.europesays.com\/fi\/wp-json\/wp\/v2\/media\/131475"}],"wp:attachment":[{"href":"https:\/\/www.europesays.com\/fi\/wp-json\/wp\/v2\/media?parent=131474"}],"wp:term":[{"taxonomy":"category","embeddable":true,"href":"https:\/\/www.europesays.com\/fi\/wp-json\/wp\/v2\/categories?post=131474"},{"taxonomy":"post_tag","embeddable":true,"href":"https:\/\/www.europesays.com\/fi\/wp-json\/wp\/v2\/tags?post=131474"}],"curies":[{"name":"wp","href":"https:\/\/api.w.org\/{rel}","templated":true}]}}