{"id":131478,"date":"2026-01-02T10:44:07","date_gmt":"2026-01-02T10:44:07","guid":{"rendered":"https:\/\/www.europesays.com\/fi\/131478\/"},"modified":"2026-01-02T10:44:07","modified_gmt":"2026-01-02T10:44:07","slug":"suositus-aurinkoloma-kulttuuripaakaupungissa-suomenkuvalehti-fi","status":"publish","type":"post","link":"https:\/\/www.europesays.com\/fi\/131478\/","title":{"rendered":"Suositus: Aurinkoloma kulttuurip\u00e4\u00e4kaupungissa &#8211; Suomenkuvalehti.fi"},"content":{"rendered":"<p><strong class=\"capitalized\">Hikiset<\/strong> ja ahnaat ihmiset viett\u00e4v\u00e4t el\u00e4m\u00e4ns\u00e4 parasta kes\u00e4\u00e4. Brittien rantaloma n\u00e4ytt\u00e4ytyy el\u00e4imellisen\u00e4<strong> Martin Parrin <\/strong>The Last Resort -kuvasarjassa, jossa salama kirkastaa 1980-luvun tukahtuneita v\u00e4rej\u00e4. Joulukuussa kuollut, suomalaisiin valokuvaajiin vaikuttanut brittikuvaaja Parr (1952\u20132025) saa ansaitsemansa muistelupaikan. H\u00e4nen leikkis\u00e4t kuvansa ovat esill\u00e4 Oulussa valokuvan\u00e4yttelyss\u00e4 Play, jota varten Kauppakortteli Pekuriin on rakennettu n\u00e4yttelytila valokuvataiteen museo Fotografiska Tallinnille.<\/p>\n<p>Oulun kulttuurip\u00e4\u00e4kaupunkivuoden my\u00f6t\u00e4 Suomi saa ensimm\u00e4isen Fotografiskan n\u00e4yttelyns\u00e4. Tukholmalaiset tajusivat br\u00e4nd\u00e4t\u00e4 valokuvan\u00e4yttelyt jo vuonna 2010 ja laajensivat museon\u00adsa Tallinnaan vuonna 2019.<\/p>\n<p>Play tuo pohjoiseen erityisesti pohjoisamerikkalaista valokuvaa. Mukana on my\u00f6s<strong> Jouko Lehtolan <\/strong>(1963\u20132010) Nuoret sankarit -kuvasarja. Parrin tavoin Lehtola osasi muuttaa arkisen absurdiksi esimerkiksi teoksessa, jossa nuorukainen taipuu outoon tanssiin roskaisessa y\u00f6ss\u00e4.<\/p>\n<p>Oulun suuri vuosi avataan viikon mittaan useissa paikoissa. On parikymment\u00e4 tapahtumapaikkaa, parisataa tapahtumaa. Monet avautuvat n\u00e4yttelyt ovat auki pitk\u00e4\u00e4n. Fotografiskan leikit jatkuvat vuoden loppuun saakka.\u2009<\/p>\n<p>Play. Fotografiska Tallinn x Oulu 2026 (Kauppakeskus Pekuri) 14.1.\u201331.12.<\/p>\n<p>      <img decoding=\"async\" class=\"free-sample awpo-lazy\" src=\"https:\/\/suomenkuvalehti.fi\/wp-content\/themes\/om-suomenkuvalehti-theme\/assets\/images\/free-sample-banner.svg\"\/><\/p>\n","protected":false},"excerpt":{"rendered":"Hikiset ja ahnaat ihmiset viett\u00e4v\u00e4t el\u00e4m\u00e4ns\u00e4 parasta kes\u00e4\u00e4. Brittien rantaloma n\u00e4ytt\u00e4ytyy el\u00e4imellisen\u00e4 Martin Parrin The Last Resort -kuvasarjassa,&hellip;\n","protected":false},"author":2,"featured_media":131479,"comment_status":"","ping_status":"","sticky":false,"template":"","format":"standard","meta":{"footnotes":""},"categories":[135],"tags":[389,387,388,390,137,33,31,30,8923,108,32,394,393,391,392,109],"class_list":{"0":"post-131478","1":"post","2":"type-post","3":"status-publish","4":"format-standard","5":"has-post-thumbnail","7":"category-taiteet-ja-suunnittelu","8":"tag-arts","9":"tag-arts-and-design","10":"tag-artsanddesign","11":"tag-design","12":"tag-entertainment","13":"tag-fi","14":"tag-finland","15":"tag-finnish","16":"tag-juttu-3","17":"tag-kulttuuri","18":"tag-suomi","19":"tag-suunnittelu","20":"tag-taiteet","21":"tag-taiteet-ja-suunnittelu","22":"tag-taiteetsuunnittelu","23":"tag-viihde"},"share_on_mastodon":{"url":"https:\/\/pubeurope.com\/@fi\/115825099599741586","error":""},"_links":{"self":[{"href":"https:\/\/www.europesays.com\/fi\/wp-json\/wp\/v2\/posts\/131478","targetHints":{"allow":["GET"]}}],"collection":[{"href":"https:\/\/www.europesays.com\/fi\/wp-json\/wp\/v2\/posts"}],"about":[{"href":"https:\/\/www.europesays.com\/fi\/wp-json\/wp\/v2\/types\/post"}],"author":[{"embeddable":true,"href":"https:\/\/www.europesays.com\/fi\/wp-json\/wp\/v2\/users\/2"}],"replies":[{"embeddable":true,"href":"https:\/\/www.europesays.com\/fi\/wp-json\/wp\/v2\/comments?post=131478"}],"version-history":[{"count":0,"href":"https:\/\/www.europesays.com\/fi\/wp-json\/wp\/v2\/posts\/131478\/revisions"}],"wp:featuredmedia":[{"embeddable":true,"href":"https:\/\/www.europesays.com\/fi\/wp-json\/wp\/v2\/media\/131479"}],"wp:attachment":[{"href":"https:\/\/www.europesays.com\/fi\/wp-json\/wp\/v2\/media?parent=131478"}],"wp:term":[{"taxonomy":"category","embeddable":true,"href":"https:\/\/www.europesays.com\/fi\/wp-json\/wp\/v2\/categories?post=131478"},{"taxonomy":"post_tag","embeddable":true,"href":"https:\/\/www.europesays.com\/fi\/wp-json\/wp\/v2\/tags?post=131478"}],"curies":[{"name":"wp","href":"https:\/\/api.w.org\/{rel}","templated":true}]}}