{"id":131487,"date":"2026-01-02T10:55:07","date_gmt":"2026-01-02T10:55:07","guid":{"rendered":"https:\/\/www.europesays.com\/fi\/131487\/"},"modified":"2026-01-02T10:55:07","modified_gmt":"2026-01-02T10:55:07","slug":"trump-lupaa-yhdysvalloilta-apua-jos-iranin-mielenosoittajia-surmataan-uutissuomalainen","status":"publish","type":"post","link":"https:\/\/www.europesays.com\/fi\/131487\/","title":{"rendered":"Trump lupaa Yhdysvalloilta apua, jos Iranin mielenosoittajia surmataan | Uutissuomalainen"},"content":{"rendered":"<p>Yhdysvaltain presidentti Donald Trump sanoo maan tulevan apuun, jos Iranissa mielt\u00e4\u00e4n rauhanomaisesti osoittavia surmataan v\u00e4kivaltaisesti. Presidentti kertoo asiasta <a href=\"https:\/\/truthsocial.com\/@realDonaldTrump\/posts\/115824439366264186\" rel=\"nofollow noopener\" target=\"_blank\">Truth Social -p\u00e4ivityksess\u00e4\u00e4n<\/a>.<\/p>\n<p>Trumpin mukaan Yhdysvallat on jo l\u00e4ht\u00f6valmiudessa. Enemp\u00e4\u00e4 h\u00e4n ei aikeitaan tarkenna.<\/p>\n<p>Ainakin kuuden ihmisen on kerrottu kuolleen Iranissa jo p\u00e4ivi\u00e4 kest\u00e4neiss\u00e4 mielenosoituksissa, jotka alkoivat p\u00e4\u00e4kaupungista Teheranista ja levisiv\u00e4t sielt\u00e4 my\u00f6s muualle maahan. Protestien taustalla on muun muassa elinkustannusten nousu.<\/p>\n<p>Ainakin yksi kuolonuhreista on turvallisuusjoukkojen j\u00e4sen.<\/p>\n<p>Mielenosoitukset ovat mittaluokaltaan pienempi\u00e4 kuin vuonna 2022, jolloin Mahsa Aminin kuoleman seurauksena eri puolilla maata j\u00e4rjestettiin valtavia protesteja. Tuolloin satoja ihmisi\u00e4 kuoli, heid\u00e4n joukossaan kymmeni\u00e4 turvallisuusjoukkojen j\u00e4seni\u00e4.<\/p>\n<p>Amini kuoli Iranin siveyspoliisin otettua h\u00e4net kiinni v\u00e4\u00e4rin puetun p\u00e4\u00e4huivin vuoksi.<\/p>\n<p>Euroopan parlamentti my\u00f6nsi Aminille postuumisti Saharov-ihmisoikeuspalkinnon vuonna 2023. H\u00e4nen perheenj\u00e4senens\u00e4 eiv\u00e4t p\u00e4\u00e4sseet osallistumaan palkintojenjakotilaisuuteen, koska Iranin viranomaiset olivat takavarikoineet heid\u00e4n passinsa ja est\u00e4neet heit\u00e4 lent\u00e4m\u00e4st\u00e4 hakemaan palkintoa.<\/p>\n","protected":false},"excerpt":{"rendered":"Yhdysvaltain presidentti Donald Trump sanoo maan tulevan apuun, jos Iranissa mielt\u00e4\u00e4n rauhanomaisesti osoittavia surmataan v\u00e4kivaltaisesti. Presidentti kertoo asiasta&hellip;\n","protected":false},"author":2,"featured_media":131488,"comment_status":"","ping_status":"","sticky":false,"template":"","format":"standard","meta":{"footnotes":""},"categories":[14],"tags":[22,23,585,26,27,33,31,30,17,2455,683,24,25,28,29,15,18,21,142,637,144,32,19,20,56,16,59,60,61,143],"class_list":{"0":"post-131487","1":"post","2":"type-post","3":"status-publish","4":"format-standard","5":"has-post-thumbnail","7":"category-ulkomaat","8":"tag-breaking-news","9":"tag-breakingnews","10":"tag-donald-trump","11":"tag-featured-news","12":"tag-featurednews","13":"tag-fi","14":"tag-finland","15":"tag-finnish","16":"tag-headlines","17":"tag-hengenvaara-ja-loukkaantuminen","18":"tag-kuolema","19":"tag-latest-news","20":"tag-latestnews","21":"tag-main-news","22":"tag-mainnews","23":"tag-news","24":"tag-otsikot","25":"tag-paauutiset","26":"tag-poliitikot","27":"tag-politiikka","28":"tag-presidentti","29":"tag-suomi","30":"tag-top-stories","31":"tag-topstories","32":"tag-ulkomaat","33":"tag-uutiset","34":"tag-world","35":"tag-world-news","36":"tag-worldnews","37":"tag-yhdysvaltain-politiikka"},"share_on_mastodon":{"url":"https:\/\/pubeurope.com\/@fi\/115825142960233329","error":""},"_links":{"self":[{"href":"https:\/\/www.europesays.com\/fi\/wp-json\/wp\/v2\/posts\/131487","targetHints":{"allow":["GET"]}}],"collection":[{"href":"https:\/\/www.europesays.com\/fi\/wp-json\/wp\/v2\/posts"}],"about":[{"href":"https:\/\/www.europesays.com\/fi\/wp-json\/wp\/v2\/types\/post"}],"author":[{"embeddable":true,"href":"https:\/\/www.europesays.com\/fi\/wp-json\/wp\/v2\/users\/2"}],"replies":[{"embeddable":true,"href":"https:\/\/www.europesays.com\/fi\/wp-json\/wp\/v2\/comments?post=131487"}],"version-history":[{"count":0,"href":"https:\/\/www.europesays.com\/fi\/wp-json\/wp\/v2\/posts\/131487\/revisions"}],"wp:featuredmedia":[{"embeddable":true,"href":"https:\/\/www.europesays.com\/fi\/wp-json\/wp\/v2\/media\/131488"}],"wp:attachment":[{"href":"https:\/\/www.europesays.com\/fi\/wp-json\/wp\/v2\/media?parent=131487"}],"wp:term":[{"taxonomy":"category","embeddable":true,"href":"https:\/\/www.europesays.com\/fi\/wp-json\/wp\/v2\/categories?post=131487"},{"taxonomy":"post_tag","embeddable":true,"href":"https:\/\/www.europesays.com\/fi\/wp-json\/wp\/v2\/tags?post=131487"}],"curies":[{"name":"wp","href":"https:\/\/api.w.org\/{rel}","templated":true}]}}