{"id":131494,"date":"2026-01-02T11:09:10","date_gmt":"2026-01-02T11:09:10","guid":{"rendered":"https:\/\/www.europesays.com\/fi\/131494\/"},"modified":"2026-01-02T11:09:10","modified_gmt":"2026-01-02T11:09:10","slug":"robin-raikkonen-ei-hirmupakkasia-pelkaa-minttu-aiti-julkaisi-kylman-ajovideon","status":"publish","type":"post","link":"https:\/\/www.europesays.com\/fi\/131494\/","title":{"rendered":"Robin R\u00e4ikk\u00f6nen ei hirmupakkasia pelk\u00e4\u00e4 \u2013 Minttu-\u00e4iti julkaisi kylm\u00e4n ajovideon"},"content":{"rendered":"<p>Edes paukkupakkanen ei est\u00e4 Robin R\u00e4ikk\u00f6st\u00e4 ajamasta.<\/p>\n<p><img decoding=\"async\" class=\"image image-show image-preview\" src=\"https:\/\/www.europesays.com\/fi\/wp-content\/uploads\/2026\/01\/8e6f6661a2eeb540daceefaba7b06810aec67f454f63ae09242d021d152c2035.jpg\" alt=\"\"\/><img decoding=\"async\" class=\"image image-show\" src=\"https:\/\/www.europesays.com\/fi\/wp-content\/uploads\/2026\/01\/1767352150_885_8e6f6661a2eeb540daceefaba7b06810aec67f454f63ae09242d021d152c2035.jpg\" alt=\"\"\/><\/p>\n<p>Robin R\u00e4ikk\u00f6nen hallitsee my\u00f6s moottorikelkalla ajon. AOP<\/p>\n<p class=\"paragraph\"><strong>Kimi R\u00e4ikk\u00f6nen<\/strong> viett\u00e4\u00e4 perheineen laatuaikaa Suomessa.<\/p>\n<p class=\"paragraph\">Edes kovat pakkaslukemat eiv\u00e4t est\u00e4neet perheen nuorisoa nauttimasta ja ottamasta kaikkea irti arjen irtiotosta.<\/p>\n<p class=\"paragraph\">Kartingissa vakuuttavasti ensiaskeleitaan is\u00e4ns\u00e4 jalanj\u00e4ljiss\u00e4 ottava <strong>Robin R\u00e4ikk\u00f6nen<\/strong> osoitti hallitsevansa menopelit my\u00f6s lumella. Loppukuusta 11 vuotta t\u00e4ytt\u00e4v\u00e4 R\u00e4ikk\u00f6nen kurvaili moottorikelkalla, vaikka \u00e4iti <strong>Minttu R\u00e4ikk\u00f6sen<\/strong> kuvaaman videon mukaan ulkona oli pakkasta 22 astetta.<\/p>\n<p class=\"paragraph\">\u2013 Kylmyys ei pid\u00e4 \u201dAce R\u00e4ikk\u00f6st\u00e4\u201d pys\u00e4hdyksiss\u00e4, <strong>Minttu R\u00e4ikk\u00f6nen<\/strong> sanaili <a href=\"https:\/\/www.instagram.com\/stories\/mintturaikkonen\/3800625313231936955\/?hl=en\" target=\"_blank\" rel=\"noopener nofollow\">Instagramin Tarinani-osiossa<\/a>.<\/p>\n<p class=\"paragraph\">Kivaa tekemist\u00e4 on l\u00f6yt\u00e4nyt my\u00f6s perheen vanhempi tyt\u00e4r <strong>Rianna R\u00e4ikk\u00f6nen<\/strong>. Minttu R\u00e4ikk\u00f6sen kuvaamalla videolla kahdeksanvuotias Rianna esittelee taitojaan sis\u00e4liikuntapuistossa. Rianna luo itse lupaavaa uraa voimistelijana, joten vaativa temppu onnistuu h\u00e4nelt\u00e4 hienosti.<\/p>\n<p class=\"paragraph\">Kimi R\u00e4ikk\u00f6nen julkaisi uudenvuodenaattona Instagramissa kuvan, jonka perusteella perhe vaikuttaisi olevan Tahkolla.<\/p>\n<p class=\"paragraph\">\u2013 Kiva paikka, R\u00e4ikk\u00f6nen avasi tuntojaan.<\/p>\n<p>Omistaja<\/p>\n<p class=\"paragraph\">R\u00e4ikk\u00f6sten matkakohde ei ole yll\u00e4tys, sill\u00e4 kuten <a href=\"https:\/\/www.iltalehti.fi\/muutlajit\/80af5a2f-933e-4630-840e-b68cd3166a9a\" rel=\"nofollow noopener\" target=\"_blank\">Iltalehti uutisoi<\/a> loppuvuodesta 2023, R\u00e4ikk\u00f6nen on yksi Panorama Landscape -hotellin sijoittajista rallilegenda <strong>Tommi M\u00e4kisen<\/strong> kanssa.<\/p>\n<p class=\"paragraph\">R\u00e4ikk\u00f6nen sijoitti hankkeeseen muutama vuosi sitten 150 000 euroa, mik\u00e4 oikeutti noin 10 prosentin omistusosuuteen yhti\u00f6st\u00e4. M\u00e4kinen l\u00e4hti mukaan samalla summalla. R\u00e4ikk\u00f6nen teki sijoituksen Kurutie Custom -yhti\u00f6n kautta. R\u00e4ikk\u00f6sen ja M\u00e4kisen kanssa vuonna 2021 hankkeeseen sijoitti kuusi muutakin tahoa.<\/p>\n<p class=\"paragraph\">Panorama Landscape avattiin marraskuussa 2023. Sen taustalla toimiva yhti\u00f6 Panorama Resort oy j\u00e4rjesti alkuvuodesta 2024 uuden osakeannin, jossa se ker\u00e4si viel\u00e4 hieman lis\u00e4\u00e4 rahaa, noin 200 000 euroa. T\u00e4ss\u00e4 vaiheessa R\u00e4ikk\u00f6nen ja M\u00e4kinen pulittivat viel\u00e4 11 880 euroa per naama, jolloin rattimiesten kokonaissijoitus nousi 161 880 euroon.<\/p>\n<p class=\"paragraph\">Toukokuussa 2024 p\u00e4iv\u00e4tyn asiakirjan mukaan R\u00e4ikk\u00f6sen ja M\u00e4kisen omistus on hieman laimentunut alkuper\u00e4isest\u00e4 ja oli tuolloin noin 9,2 prosenttia.<\/p>\n<p class=\"paragraph\">R\u00e4ikk\u00f6sell\u00e4 on alueella muitakin omistuksia. F1-maailmanmestari omistaa vain reilun 10 minuutin ajomatkan p\u00e4\u00e4st\u00e4 Panorama Resortista 351-neli\u00f6isen, vuonna 2008 rakennetun m\u00f6kin.<\/p>\n<p class=\"paragraph\">R\u00e4ikk\u00f6nen on yritt\u00e4nyt myyd\u00e4 Tahkovuoren kupeessa sijaitsevaa m\u00f6kki\u00e4 ainakin vuodesta 2022 l\u00e4htien, mutta kauppa ei ole k\u00e4ynyt. R\u00e4ikk\u00f6nen pyysi m\u00f6kist\u00e4 ensin 948 000 euroa, mutta pudotti hintapyynn\u00f6n sen j\u00e4lkeen 895 000 euroon.<\/p>\n<p class=\"paragraph\">T\u00e4ll\u00e4 hetkell\u00e4 m\u00f6kki ei ole myynniss\u00e4.<\/p>\n<p><script async src=\"\/\/www.instagram.com\/embed.js\"><\/script><\/p>\n","protected":false},"excerpt":{"rendered":"Edes paukkupakkanen ei est\u00e4 Robin R\u00e4ikk\u00f6st\u00e4 ajamasta. Robin R\u00e4ikk\u00f6nen hallitsee my\u00f6s moottorikelkalla ajon. AOP Kimi R\u00e4ikk\u00f6nen viett\u00e4\u00e4 perheineen&hellip;\n","protected":false},"author":2,"featured_media":131495,"comment_status":"","ping_status":"","sticky":false,"template":"","format":"standard","meta":{"footnotes":""},"categories":[136],"tags":[35,648,2810,407,137,33,31,30,408,41,83,98,32,109],"class_list":{"0":"post-131494","1":"post","2":"type-post","3":"status-publish","4":"format-standard","5":"has-post-thumbnail","7":"category-julkkikset","8":"tag-24h","9":"tag-autot","10":"tag-autourheilu-ja-urheiluautot","11":"tag-celebrities","12":"tag-entertainment","13":"tag-fi","14":"tag-finland","15":"tag-finnish","16":"tag-julkkikset","17":"tag-liikunta-ja-urheilu","18":"tag-moottoriurheilu","19":"tag-perhe","20":"tag-suomi","21":"tag-viihde"},"share_on_mastodon":{"url":"https:\/\/pubeurope.com\/@fi\/115825197943515157","error":""},"_links":{"self":[{"href":"https:\/\/www.europesays.com\/fi\/wp-json\/wp\/v2\/posts\/131494","targetHints":{"allow":["GET"]}}],"collection":[{"href":"https:\/\/www.europesays.com\/fi\/wp-json\/wp\/v2\/posts"}],"about":[{"href":"https:\/\/www.europesays.com\/fi\/wp-json\/wp\/v2\/types\/post"}],"author":[{"embeddable":true,"href":"https:\/\/www.europesays.com\/fi\/wp-json\/wp\/v2\/users\/2"}],"replies":[{"embeddable":true,"href":"https:\/\/www.europesays.com\/fi\/wp-json\/wp\/v2\/comments?post=131494"}],"version-history":[{"count":0,"href":"https:\/\/www.europesays.com\/fi\/wp-json\/wp\/v2\/posts\/131494\/revisions"}],"wp:featuredmedia":[{"embeddable":true,"href":"https:\/\/www.europesays.com\/fi\/wp-json\/wp\/v2\/media\/131495"}],"wp:attachment":[{"href":"https:\/\/www.europesays.com\/fi\/wp-json\/wp\/v2\/media?parent=131494"}],"wp:term":[{"taxonomy":"category","embeddable":true,"href":"https:\/\/www.europesays.com\/fi\/wp-json\/wp\/v2\/categories?post=131494"},{"taxonomy":"post_tag","embeddable":true,"href":"https:\/\/www.europesays.com\/fi\/wp-json\/wp\/v2\/tags?post=131494"}],"curies":[{"name":"wp","href":"https:\/\/api.w.org\/{rel}","templated":true}]}}