{"id":131496,"date":"2026-01-02T11:10:07","date_gmt":"2026-01-02T11:10:07","guid":{"rendered":"https:\/\/www.europesays.com\/fi\/131496\/"},"modified":"2026-01-02T11:10:07","modified_gmt":"2026-01-02T11:10:07","slug":"salmelan-kesassa-mestarit-paarakennuksessa-ja-nousevat-nimet-domanderin-nayttelyalueella-paikalliset","status":"publish","type":"post","link":"https:\/\/www.europesays.com\/fi\/131496\/","title":{"rendered":"Salmelan kes\u00e4ss\u00e4 mestarit p\u00e4\u00e4rakennuksessa ja nousevat nimet Domanderin n\u00e4yttelyalueella | Paikalliset"},"content":{"rendered":"<p>Nuorten taiteilijoiden kuvataidekilpailu j\u00e4rjestet\u00e4\u00e4n vuonna 2026 seitsem\u00e4tt\u00e4 kertaa.<\/p>\n<p>Nuoret ja Mestarit kohtaavat Taidekeskus Salmelan tulevan kes\u00e4n n\u00e4yttelyiss\u00e4. P\u00e4\u00e4rakennus varataan pitk\u00e4n ja merkitt\u00e4v\u00e4n uran tehneille, kun taas Domanderin n\u00e4yttelyalueen t\u00e4ytt\u00e4v\u00e4t nykytaiteen nuoret nousevat nimet, Salmelan nuorten taiteilijoiden Kuvataidekilpailun n\u00e4yttelyluokka.<\/p>\n","protected":false},"excerpt":{"rendered":"Nuorten taiteilijoiden kuvataidekilpailu j\u00e4rjestet\u00e4\u00e4n vuonna 2026 seitsem\u00e4tt\u00e4 kertaa. Nuoret ja Mestarit kohtaavat Taidekeskus Salmelan tulevan kes\u00e4n n\u00e4yttelyiss\u00e4. P\u00e4\u00e4rakennus&hellip;\n","protected":false},"author":2,"featured_media":131497,"comment_status":"","ping_status":"","sticky":false,"template":"","format":"standard","meta":{"footnotes":""},"categories":[135],"tags":[389,387,388,390,137,33,31,30,603,96,32,394,485,393,391,392,398,109],"class_list":{"0":"post-131496","1":"post","2":"type-post","3":"status-publish","4":"format-standard","5":"has-post-thumbnail","7":"category-taiteet-ja-suunnittelu","8":"tag-arts","9":"tag-arts-and-design","10":"tag-artsanddesign","11":"tag-design","12":"tag-entertainment","13":"tag-fi","14":"tag-finland","15":"tag-finnish","16":"tag-korkeakoulu","17":"tag-koulutus","18":"tag-suomi","19":"tag-suunnittelu","20":"tag-taide-yleista","21":"tag-taiteet","22":"tag-taiteet-ja-suunnittelu","23":"tag-taiteetsuunnittelu","24":"tag-taiteilija","25":"tag-viihde"},"share_on_mastodon":{"url":"https:\/\/pubeurope.com\/@fi\/115825201840143648","error":""},"_links":{"self":[{"href":"https:\/\/www.europesays.com\/fi\/wp-json\/wp\/v2\/posts\/131496","targetHints":{"allow":["GET"]}}],"collection":[{"href":"https:\/\/www.europesays.com\/fi\/wp-json\/wp\/v2\/posts"}],"about":[{"href":"https:\/\/www.europesays.com\/fi\/wp-json\/wp\/v2\/types\/post"}],"author":[{"embeddable":true,"href":"https:\/\/www.europesays.com\/fi\/wp-json\/wp\/v2\/users\/2"}],"replies":[{"embeddable":true,"href":"https:\/\/www.europesays.com\/fi\/wp-json\/wp\/v2\/comments?post=131496"}],"version-history":[{"count":0,"href":"https:\/\/www.europesays.com\/fi\/wp-json\/wp\/v2\/posts\/131496\/revisions"}],"wp:featuredmedia":[{"embeddable":true,"href":"https:\/\/www.europesays.com\/fi\/wp-json\/wp\/v2\/media\/131497"}],"wp:attachment":[{"href":"https:\/\/www.europesays.com\/fi\/wp-json\/wp\/v2\/media?parent=131496"}],"wp:term":[{"taxonomy":"category","embeddable":true,"href":"https:\/\/www.europesays.com\/fi\/wp-json\/wp\/v2\/categories?post=131496"},{"taxonomy":"post_tag","embeddable":true,"href":"https:\/\/www.europesays.com\/fi\/wp-json\/wp\/v2\/tags?post=131496"}],"curies":[{"name":"wp","href":"https:\/\/api.w.org\/{rel}","templated":true}]}}