{"id":131498,"date":"2026-01-02T11:16:09","date_gmt":"2026-01-02T11:16:09","guid":{"rendered":"https:\/\/www.europesays.com\/fi\/131498\/"},"modified":"2026-01-02T11:16:09","modified_gmt":"2026-01-02T11:16:09","slug":"johannes-klabon-hiihtotekniikka-hammastyttaa-satakunnan-kansa","status":"publish","type":"post","link":"https:\/\/www.europesays.com\/fi\/131498\/","title":{"rendered":"Johannes Kl\u00e4bon hiihtotekniikka h\u00e4mm\u00e4stytt\u00e4\u00e4 &#8211; Satakunnan Kansa"},"content":{"rendered":"<p>Norjalainen hiihtomestari Johannes Kl\u00e4bo on luonnonoikku, Harri Kirvesniemi sanoo.<\/p>\n<p class=\"article-body mb-nof-24 px-nof-16\">Toblach<\/p>\n<p>Lue tiivistelm\u00e4<\/p>\n<p class=\"article-body mb-nof-24 px-nof-16 sndp-summary-bullet-point-font\">Kansainv\u00e4linen hiihtoliitto Fis jakoi Instagramissa videon Johannes Kl\u00e4bon luistelutekniikasta. Videota on katsottu liki 4 miljoonaa kertaa.<\/p>\n<p class=\"article-body mb-nof-24 px-nof-16 sndp-summary-bullet-point-font\">Videolla n\u00e4kyy, miten norjalaishiiht\u00e4j\u00e4 piirt\u00e4\u00e4 suksillaan l\u00e4hes suoraa viivaa jyrk\u00e4ss\u00e4 nousussa wassberg-tekniikalla.<\/p>\n<p class=\"article-body mb-nof-24 px-nof-16 sndp-summary-bullet-point-font\">Hiiht\u00e4j\u00e4legenda Harri Kirvesniemen mukaan Kl\u00e4bon erikoislahjakkuus on kyky tuottaa tehoa ja pit\u00e4\u00e4 suksi suorassa kulmassa jyrkiss\u00e4 nousuissa, mik\u00e4 selitt\u00e4\u00e4 h\u00e4nen ylivoimaansa sprinteiss\u00e4.<\/p>\n<p class=\"article-body mb-nof-24 px-nof-16\">Mik\u00e4 el\u00e4in j\u00e4tti n\u00e4m\u00e4 j\u00e4ljet lumeen?<\/p>\n<p class=\"article-body mb-nof-24 px-nof-16\">N\u00e4in Kansainv\u00e4linen hiihtoliitto Fis arvuutteli seuraajiltaan Instagramissa <a class=\"font-bold underline-offset-[0.12em] [text-decoration:var(--person-link-text-decoration)] ![text-decoration-color:var(--person-link-text-decoration-color)]\" href=\"https:\/\/www.satakunnankansa.fi\/haku\/?query=Johannes%20Kl%C3%A4bosta\" rel=\"nofollow noopener\" target=\"_blank\">Johannes Kl\u00e4bosta <\/a>jakamansa videon yhteydess\u00e4. Davosin sprinttikarsinnassa joulukuussa kuvattua videota on katsottu liki nelj\u00e4 miljoonaa kertaa, mik\u00e4 on aivan eri mittaluokassa kuin tilin muilla videoilla.<\/p>\n<p class=\"article-body mb-nof-24 px-nof-16\">Video on aiheuttanut hurjaa porinaa hiihtopiireiss\u00e4, kertoo <a class=\"underline underline-offset-[0.12em] [text-decoration-thickness:var(--generic-link-underline-thickness)] [text-decoration-color:var(--generic-link-underline-color)] [text-decoration-skip-ink:var(--generic-link-underline-skip-ink)] break-words\" href=\"https:\/\/www.nrk.no\/sport\/tour-de-ski_-klaebos-monster-vekker-oppsikt_-_-det-var-rart-1.17706486\" rel=\"nofollow noopener\" target=\"_blank\">NRK<\/a>.<\/p>\n<p class=\"article-body mb-nof-24 px-nof-16\">Takaap\u00e4in kuvatussa p\u00e4tk\u00e4ss\u00e4 n\u00e4kyy, miten Kl\u00e4bo piirt\u00e4\u00e4 suksillaan mutkittelevaa viivaa runtatessaan nousun yl\u00f6s wassberg-tekniikalla. Viiva piirtyy lumeen norjalaisen liu\u2019uttavasta suksesta. Toisella jalallaan h\u00e4n tekee puristavan potkun.<\/p>\n<p class=\"article-body mb-nof-24 px-nof-16\"><a class=\"font-bold underline-offset-[0.12em] [text-decoration:var(--person-link-text-decoration)] ![text-decoration-color:var(--person-link-text-decoration-color)]\" href=\"https:\/\/www.satakunnankansa.fi\/haku\/?query=Harri%20Kirvesniemi\" rel=\"nofollow noopener\" target=\"_blank\">Harri Kirvesniemi<\/a> on innon vallassa analysoidessaan Kl\u00e4bon luistelutekniikkaa. Samanlaisen viivan piirt\u00e4miseen eiv\u00e4t monet \u2013 jos kukaan \u2013 pysty.<\/p>\n<p class=\"article-body mb-nof-24 px-nof-16\">\u201dUskomattoman suoralla suksella h\u00e4n pystyy tuollaissakin paikkoja painamaan.\u201d<\/p>\n<p class=\"article-body mb-nof-24 px-nof-16\">Kirvesniemi huomauttaa, ett\u00e4 kyseiseen nousuun kiihdytet\u00e4\u00e4n liki nollavauhdeista.<\/p>\n<p class=\"article-body mb-nof-24 px-nof-16\">\u201dIsoin ero muihin on, ett\u00e4 Kl\u00e4bo pystyy iskem\u00e4\u00e4n jyrk\u00e4ss\u00e4 kohdassa suksen maahan suoraan eteenp\u00e4in. H\u00e4n p\u00e4\u00e4see koko ajan eteenp\u00e4in verrattuna siihen, jos suksi olisi vinommassa kulmassa. Moni muu pystyy tuohon vain loivalla\u201d, asiantuntija kertoo.<\/p>\n<p class=\"article-body mb-nof-24 px-nof-16\">Kirvesniemen mukaan Kl\u00e4bon isoin ase on h\u00e4nen kykyns\u00e4 tuottaa tehoa.<\/p>\n<p class=\"article-body mb-nof-24 px-nof-16\">\u201dKyll\u00e4 tuo r\u00e4j\u00e4ht\u00e4vyytt\u00e4 kysyy. Totta kai ominaisuuksia pystyy kehitt\u00e4m\u00e4\u00e4n, mutta aika harvalla tehontuotto-ominaisuudet ovat tuolla tasolla kuin Kl\u00e4bolla. H\u00e4nell\u00e4 on erikoislahjakkuutta, kun monella muulla on lahjakkuutta\u201d<\/p>\n<p class=\"article-body mb-nof-24 px-nof-16\">29-vuotias norjalaishirmu on luisteluhiihdon tekniikassa omaa luokkaansa. Jotta videolla n\u00e4hty \u00e4\u00e4rimm\u00e4isyyksin viety tehokkuus on mahdollista, ty\u00f6nn\u00f6n ja liu\u2019un ajoitusten on osuttava t\u00e4ydellisesti kohdilleen.<\/p>\n<p class=\"article-body mb-nof-24 px-nof-16\">\u201dEih\u00e4n tuohon tarvitse tulla kuin pieni suksikulman virhe, niin en\u00e4\u00e4 sen j\u00e4lkeen ei saa seuraavia potkuja l\u00e4htem\u00e4\u00e4n suoraan ja vauhti hyytyy\u201d, Kirvesniemi havainnollistaa.<\/p>\n<blockquote class=\"p-[var(--citation-padding)] m-[var(--citation-margin)] border-y-[length:var(--citation-border-width)] border-y-[color:var(--citation-border-color)]\">\n<p>Muilla hiiht\u00e4jill\u00e4 tehontuotto ei ole noissa tilanteissa samalla tasolla kuin Kl\u00e4bolla.<\/p>\n<\/blockquote>\n<p class=\"article-body mb-nof-24 px-nof-16\">Hiihdon seuraajat ovat jo vuosikausia hieroneet p\u00e4\u00e4t\u00e4\u00e4n Kl\u00e4bon ylivoiman edess\u00e4. Miksi yksi mies on k\u00e4yt\u00e4nn\u00f6ss\u00e4 katsoen voittamaton sprinteiss\u00e4 ja loppukireiss\u00e4?<\/p>\n<p class=\"article-body mb-nof-24 px-nof-16\">Muutaman sekunnin mittainen video valottaa t\u00e4t\u00e4 ainakin jonkin verran.<\/p>\n<p class=\"article-body mb-nof-24 px-nof-16\">\u201dTuollaiset jyrk\u00e4t ja lyhyet nousut ovat tyypillisi\u00e4 kohtia, joissa Kl\u00e4bo erkanee muista\u201d, Kirvesniemi tiet\u00e4\u00e4.<\/p>\n<p class=\"article-body mb-nof-24 px-nof-16\">T\u00e4llaista tilannetta todistettiin Toblachin luistelusprintiss\u00e4 sunnuntaina, kun Kl\u00e4bo karkasi radan toiseksi viimeisess\u00e4 t\u00f6mp\u00e4reess\u00e4.<\/p>\n<p class=\"article-body mb-nof-24 px-nof-16\">\u201dH\u00e4n pystyi tulemaan m\u00e4en yl\u00f6s suoremmalla suksikulmalla kuin muut, mink\u00e4 ansioista h\u00e4nell\u00e4 oli pikkaisen kovempi vauhti m\u00e4en lakea l\u00e4hestyess\u00e4. Sitten Kl\u00e4bo iski kaikki tehot p\u00e4\u00e4lle ja oli muutamalla potkulla 15 metri\u00e4 irti muista.\u201d<\/p>\n<p class=\"article-body mb-nof-24 px-nof-16\">Oleellista on, ett\u00e4 usein Kl\u00e4bo p\u00e4\u00e4see kirim\u00e4\u00e4n muita tuoreempana, kiitos kivenkovien kest\u00e4vyysominaisuuksiensa.<\/p>\n<p class=\"article-body mb-nof-24 px-nof-16\">\u201dMuilla hiiht\u00e4jill\u00e4 tehontuotto ei ole noissa tilanteissa samalla tasolla kuin Kl\u00e4bolla. Se on sama, kun joku karkaa satasen l\u00e4hd\u00f6ss\u00e4 metrin muilta.\u201d<\/p>\n<p class=\"article-body mb-nof-24 px-nof-16\">Kirvesnieme\u00e4 harmittaa, ettei Fisin julkaisemalla videolla n\u00e4ytet\u00e4 muita huippuja samassa kohdassa, jolloin erojen arviointi olisi helpompaa.<\/p>\n<p class=\"article-body mb-nof-24 px-nof-16\">H\u00e4n ep\u00e4ilee, ett\u00e4 sprinttihuipuista <a class=\"font-bold underline-offset-[0.12em] [text-decoration:var(--person-link-text-decoration)] ![text-decoration-color:var(--person-link-text-decoration-color)]\" href=\"https:\/\/www.satakunnankansa.fi\/haku\/?query=Lucas%20Chanavat\" rel=\"nofollow noopener\" target=\"_blank\">Lucas Chanavat<\/a> ja<a class=\"font-bold underline-offset-[0.12em] [text-decoration:var(--person-link-text-decoration)] ![text-decoration-color:var(--person-link-text-decoration-color)]\" href=\"https:\/\/www.satakunnankansa.fi\/haku\/?query=%20Federico%20Pellegrino\" rel=\"nofollow noopener\" target=\"_blank\"> Federico Pellegrino <\/a>pystyv\u00e4t hieman samankaltaiseen wassu-ilotteluun.<\/p>\n<p class=\"article-body mb-nof-24 px-nof-16\">\u201dChanavat on useimmiten jo tuossa vaiheessa pahemmin hapoilla. Pellegrino taas tekee hienosti hommat mutta on kaikissa fyysisiss\u00e4 ominaisuuksissa hieman Kl\u00e4boa heikompi.\u201d<\/p>\n<p class=\"article-body mb-nof-24 px-nof-16\">Kl\u00e4bo itse kommentoi videota v\u00e4h\u00e4ttelev\u00e4\u00e4n s\u00e4vyyn.<\/p>\n<p class=\"article-body mb-nof-24 px-nof-16\">\u201dYrit\u00e4n nousta m\u00e4et niin nopeasti kuin mahdollista. Jotta se on onnistuu, hiihd\u00e4n lyhimm\u00e4n reitin. Suoraan eteenp\u00e4in reitti on lyhin\u201d, h\u00e4n totesi NRK:lle.<\/p>\n","protected":false},"excerpt":{"rendered":"Norjalainen hiihtomestari Johannes Kl\u00e4bo on luonnonoikku, Harri Kirvesniemi sanoo. Toblach Lue tiivistelm\u00e4 Kansainv\u00e4linen hiihtoliitto Fis jakoi Instagramissa videon&hellip;\n","protected":false},"author":2,"featured_media":131499,"comment_status":"","ping_status":"","sticky":false,"template":"","format":"standard","meta":{"footnotes":""},"categories":[158],"tags":[33,31,30,80,159,32,160],"class_list":{"0":"post-131498","1":"post","2":"type-post","3":"status-publish","4":"format-standard","5":"has-post-thumbnail","7":"category-urheilu","8":"tag-fi","9":"tag-finland","10":"tag-finnish","11":"tag-satakunnan-kansa","12":"tag-sports","13":"tag-suomi","14":"tag-urheilu"},"share_on_mastodon":{"url":"https:\/\/pubeurope.com\/@fi\/115825225569027705","error":""},"_links":{"self":[{"href":"https:\/\/www.europesays.com\/fi\/wp-json\/wp\/v2\/posts\/131498","targetHints":{"allow":["GET"]}}],"collection":[{"href":"https:\/\/www.europesays.com\/fi\/wp-json\/wp\/v2\/posts"}],"about":[{"href":"https:\/\/www.europesays.com\/fi\/wp-json\/wp\/v2\/types\/post"}],"author":[{"embeddable":true,"href":"https:\/\/www.europesays.com\/fi\/wp-json\/wp\/v2\/users\/2"}],"replies":[{"embeddable":true,"href":"https:\/\/www.europesays.com\/fi\/wp-json\/wp\/v2\/comments?post=131498"}],"version-history":[{"count":0,"href":"https:\/\/www.europesays.com\/fi\/wp-json\/wp\/v2\/posts\/131498\/revisions"}],"wp:featuredmedia":[{"embeddable":true,"href":"https:\/\/www.europesays.com\/fi\/wp-json\/wp\/v2\/media\/131499"}],"wp:attachment":[{"href":"https:\/\/www.europesays.com\/fi\/wp-json\/wp\/v2\/media?parent=131498"}],"wp:term":[{"taxonomy":"category","embeddable":true,"href":"https:\/\/www.europesays.com\/fi\/wp-json\/wp\/v2\/categories?post=131498"},{"taxonomy":"post_tag","embeddable":true,"href":"https:\/\/www.europesays.com\/fi\/wp-json\/wp\/v2\/tags?post=131498"}],"curies":[{"name":"wp","href":"https:\/\/api.w.org\/{rel}","templated":true}]}}