{"id":131500,"date":"2026-01-02T11:17:13","date_gmt":"2026-01-02T11:17:13","guid":{"rendered":"https:\/\/www.europesays.com\/fi\/131500\/"},"modified":"2026-01-02T11:17:13","modified_gmt":"2026-01-02T11:17:13","slug":"kitaravelho-nita-strauss-jakoi-ilouutisen-olemme-odottaneet-tata-ihmetta-jo-kauan","status":"publish","type":"post","link":"https:\/\/www.europesays.com\/fi\/131500\/","title":{"rendered":"Kitaravelho Nita Strauss jakoi ilouutisen &#8211; &#8221;Olemme odottaneet t\u00e4t\u00e4 ihmett\u00e4 jo kauan&#8221;"},"content":{"rendered":"<p><strong>Alice Cooperin<\/strong> yhtyeen pitk\u00e4aikainen kitaristi <strong>Nita Strauss<\/strong> jakoi Instagramissa iloisia perheuutisia yhdess\u00e4 puolisonsa ja managerinsa <strong>Josh Villaltan<\/strong> kanssa: Strauss odottaa esikoislastaan.<\/p>\n<p>\u201dN\u00e4ytt\u00e4\u00e4 silt\u00e4, ett\u00e4 vuodesta 2026 on tulossa paras kaikista. Olemme odottaneet t\u00e4t\u00e4 ihmett\u00e4 jo kauan ja vihdoin se tapahtui! H\u00e4n tulee saamaan osakseen niin paljon rakkautta! En malta odottaa, ett\u00e4 tapaamme pikkumiehemme tulevana kes\u00e4n\u00e4\u201d, Strauss kirjoittaa jakamansa kuvan saatteeksi.<\/p>\n<p>Strauss ja Villalta meniv\u00e4t naimisiin Los Angelesissa toukokuussa 2024. Vieraiden joukossa olivat muun muassa Alice Cooper, Straussin kanssa yhteisty\u00f6t\u00e4 kitaristin soolouralla tehnyt <strong>Disturbedin David Draiman<\/strong> sek\u00e4 <strong>Demi Lovato<\/strong>, jonka taustab\u00e4ndiss\u00e4 Strauss soitti popparin vuoden 2022 kiertueella.<\/p>\n<p>L\u00e4mpim\u00e4t onnittelut tuleville vanhemmille!<\/p>\n<p>Lue my\u00f6s: <a href=\"https:\/\/www.inferno.fi\/uutiset\/nita-straussilla-tuli-tayteen-10-vuotta-raittiina-ei-vielakaan-ole-minulle-helppoa\/\" title=\"Nita Straussilla tuli t\u00e4yteen 10 vuotta raittiina \u2013 \u201dEi viel\u00e4k\u00e4\u00e4n ole minulle helppoa\u201d\" class=\"underline-custom !font-montserrat !font-bold !underline-offset-4 !decoration-4 !decoration-red-600 !text-md\" rel=\"nofollow noopener\" target=\"_blank\">Nita Straussilla tuli t\u00e4yteen 10 vuotta raittiina \u2013 \u201dEi viel\u00e4k\u00e4\u00e4n ole minulle helppoa\u201d<\/a><\/p>\n<p>Lue my\u00f6s: <a href=\"https:\/\/www.inferno.fi\/uutiskirje\/\" title=\"Tilaa Infernon uutiskirje\" class=\"underline-custom !font-montserrat !font-bold !underline-offset-4 !decoration-4 !decoration-red-600 !text-md\" rel=\"nofollow noopener\" target=\"_blank\">Tilaa Infernon uutiskirje ja tied\u00e4t mist\u00e4 kahvitauolla puhutaan! Nappaa raskaan musiikin uutiset ja puheenaiheet suoraan s\u00e4hk\u00f6postiin t\u00e4st\u00e4.<\/a><\/p>\n","protected":false},"excerpt":{"rendered":"Alice Cooperin yhtyeen pitk\u00e4aikainen kitaristi Nita Strauss jakoi Instagramissa iloisia perheuutisia yhdess\u00e4 puolisonsa ja managerinsa Josh Villaltan kanssa:&hellip;\n","protected":false},"author":2,"featured_media":131501,"comment_status":"","ping_status":"","sticky":false,"template":"","format":"standard","meta":{"footnotes":""},"categories":[130],"tags":[137,33,31,30,2928,32,1461,109],"class_list":{"0":"post-131500","1":"post","2":"type-post","3":"status-publish","4":"format-standard","5":"has-post-thumbnail","7":"category-viihde","8":"tag-entertainment","9":"tag-fi","10":"tag-finland","11":"tag-finnish","12":"tag-perheenlisays","13":"tag-suomi","14":"tag-vauva","15":"tag-viihde"},"share_on_mastodon":{"url":"https:\/\/pubeurope.com\/@fi\/115825229333495448","error":""},"_links":{"self":[{"href":"https:\/\/www.europesays.com\/fi\/wp-json\/wp\/v2\/posts\/131500","targetHints":{"allow":["GET"]}}],"collection":[{"href":"https:\/\/www.europesays.com\/fi\/wp-json\/wp\/v2\/posts"}],"about":[{"href":"https:\/\/www.europesays.com\/fi\/wp-json\/wp\/v2\/types\/post"}],"author":[{"embeddable":true,"href":"https:\/\/www.europesays.com\/fi\/wp-json\/wp\/v2\/users\/2"}],"replies":[{"embeddable":true,"href":"https:\/\/www.europesays.com\/fi\/wp-json\/wp\/v2\/comments?post=131500"}],"version-history":[{"count":0,"href":"https:\/\/www.europesays.com\/fi\/wp-json\/wp\/v2\/posts\/131500\/revisions"}],"wp:featuredmedia":[{"embeddable":true,"href":"https:\/\/www.europesays.com\/fi\/wp-json\/wp\/v2\/media\/131501"}],"wp:attachment":[{"href":"https:\/\/www.europesays.com\/fi\/wp-json\/wp\/v2\/media?parent=131500"}],"wp:term":[{"taxonomy":"category","embeddable":true,"href":"https:\/\/www.europesays.com\/fi\/wp-json\/wp\/v2\/categories?post=131500"},{"taxonomy":"post_tag","embeddable":true,"href":"https:\/\/www.europesays.com\/fi\/wp-json\/wp\/v2\/tags?post=131500"}],"curies":[{"name":"wp","href":"https:\/\/api.w.org\/{rel}","templated":true}]}}