{"id":131504,"date":"2026-01-02T11:20:09","date_gmt":"2026-01-02T11:20:09","guid":{"rendered":"https:\/\/www.europesays.com\/fi\/131504\/"},"modified":"2026-01-02T11:20:09","modified_gmt":"2026-01-02T11:20:09","slug":"norjalaiset-suosivat-sahkoautoja-tesla-ostetuin-viidetta-vuotta-perakkain-uutisia-lyhyesti","status":"publish","type":"post","link":"https:\/\/www.europesays.com\/fi\/131504\/","title":{"rendered":"Norjalaiset suosivat s\u00e4hk\u00f6autoja, Tesla ostetuin viidett\u00e4 vuotta per\u00e4kk\u00e4in | Uutisia lyhyesti"},"content":{"rendered":"<p class=\"aw-1gybjub aw-5vja16 kEtdKx kmuxyA yle__article__paragraph\">Kiinalainen automerkki BYD on haastamassa Teslan maailmanlaajuisilla s\u00e4hk\u00f6automarkkinoilla. <\/p>\n<p><img decoding=\"async\" alt=\"Valkoinen tesla lumisella parkkipaikalla.\" src=\"https:\/\/www.europesays.com\/fi\/wp-content\/uploads\/2026\/01\/39-153859368ef7a07ccd7f.jpeg\" class=\"aw-1l9m598 hKVVvP\"\/><\/p>\n<p>Avaa kuvien katselu<\/p>\n<p>Norjassa 95 prosenttia uusista autoista on s\u00e4hk\u00f6autoja. Tesla on myydyin automerkki. Kuva: Jakub Porzycki \/ AOP<\/p>\n<p>12:38\u2022P\u00e4ivitetty 13:07<\/p>\n<p class=\"aw-1gybjub aw-1p7kakr kEtdKx cEmitX yle__article__paragraph\">L\u00e4hes kaikki Norjassa viime vuonna rekister\u00f6idyt autot ovat s\u00e4hk\u00f6autoja.<\/p>\n<p class=\"aw-1gybjub aw-1p7kakr kEtdKx cEmitX yle__article__paragraph\">Norja on vauhdittanut s\u00e4hk\u00f6autojen yleistymist\u00e4 verohelpotuksilla ja vahvistamalla latausinfraa. Viime vuonna l\u00e4hes 96 prosenttia uusista autoista oli s\u00e4hk\u00f6autoja, kertoo Norjan tieliikennevirasto. Vuonna 2024 luku oli 88,9. Norjassa on my\u00f6s nostettu bensa- ja dieselajokkien kuluja.<\/p>\n<p class=\"aw-1gybjub aw-1p7kakr kEtdKx cEmitX yle__article__paragraph\">Norjassa rekister\u00f6itiin viime vuonna l\u00e4hes 180\u00a0000 uutta autoa. Nousua edellisvuoteen oli 40 prosenttia.<\/p>\n<p class=\"aw-1gybjub aw-1p7kakr kEtdKx cEmitX yle__article__paragraph\">\u00d6ljy- ja kaasuj\u00e4tti Norjan kehitys on l\u00e4hes p\u00e4invastaista muun Euroopan kanssa. S\u00e4hk\u00f6autojen kysynt\u00e4 on noussut hitaasti.<\/p>\n<p class=\"aw-1gybjub aw-1p7kakr kEtdKx cEmitX yle__article__paragraph\">Norjalaisten suosituin auto-ostos oli Tesla, viidett\u00e4 vuotta per\u00e4kk\u00e4in. Teslan osuus myydyist\u00e4 autoista oli noin viidennes. Volkswagwenin osuus oli 13,3 prosenttia ja Volvon 7,8 prosenttia myydyist\u00e4 uusista autoista.<\/p>\n<p class=\"aw-1gybjub aw-1p7kakr kEtdKx cEmitX yle__article__paragraph\">Tesla n\u00e4ytt\u00e4\u00e4 toipuneen merkin keskeisen sijoittajan ja kehitt\u00e4j\u00e4n <strong class=\"aw-ak79eh KyCXm yle__article__strong\">Elon Muskin<\/strong> aiheuttamasta mainehaitasta. Teslan suosio sai kolhuja, kun Musk sekaantui Euroopan politiikkaan muun muassa <a class=\"aw-iao6s4 iHOxEa yle__article__link\" href=\"https:\/\/yle.fi\/a\/74-20135174\" role=\"link\" rel=\"nofollow noopener\" target=\"_blank\">tukemalla \u00e4\u00e4rioikeistolaisia puolueita<\/a> ja <a class=\"aw-iao6s4 iHOxEa yle__article__link\" href=\"https:\/\/yle.fi\/a\/74-20155336\" role=\"link\" rel=\"nofollow noopener\" target=\"_blank\">her\u00e4tt\u00e4m\u00e4ll\u00e4 kohua hallinnon tehostamisviraston DOGE:n johdossa<\/a>.<\/p>\n<p class=\"aw-1gybjub aw-1p7kakr kEtdKx cEmitX yle__article__paragraph\">Ruotsissa Teslan suosio romahti.<a class=\"aw-iao6s4 iHOxEa yle__article__link\" href=\"https:\/\/mobilitysweden.se\/statistik\/Nyregistreringar_per_manad_1\" role=\"link\" rel=\"nofollow noopener\" target=\"_blank\"> Mobility Sweden-sivuston mukaan <\/a>autoja myytiin 70 prosenttia v\u00e4hemm\u00e4in kuin vuonna 2024.<\/p>\n<p>BYD haastaa Teslan<\/p>\n<p class=\"aw-1gybjub aw-1p7kakr kEtdKx cEmitX yle__article__paragraph\">Maailmanlaajuisesti kiinalainen BYD n\u00e4ytt\u00e4\u00e4 haastavan Teslan. Yhti\u00f6 kertoi eilen, ett\u00e4 se on ohittanut ensimm\u00e4ist\u00e4 kertaa Teslan maaiman johtavana s\u00e4hk\u00f6autojen myyj\u00e4n\u00e4.<\/p>\n<p class=\"aw-1gybjub aw-1p7kakr kEtdKx cEmitX yle__article__paragraph\">BYD kertoi, ett\u00e4 s\u00e4hk\u00f6autoja myytiin viime vuonna 2,25 miljoonaa kappaletta. Tesla kertoo myyntiluvuistaan my\u00f6hemmin t\u00e4n\u00e4\u00e4n. Ennakkoarvioiden mukaan viime vuoden myynti oli 1,65 miljoonaa autoa.<\/p>\n<p class=\"aw-1gybjub aw-1p7kakr kEtdKx cEmitX yle__article__paragraph\">Reuters, AFP<\/p>\n","protected":false},"excerpt":{"rendered":"Kiinalainen automerkki BYD on haastamassa Teslan maailmanlaajuisilla s\u00e4hk\u00f6automarkkinoilla. Avaa kuvien katselu Norjassa 95 prosenttia uusista autoista on s\u00e4hk\u00f6autoja.&hellip;\n","protected":false},"author":2,"featured_media":131505,"comment_status":"","ping_status":"","sticky":false,"template":"","format":"standard","meta":{"footnotes":""},"categories":[76],"tags":[79,77,33,31,30,1161,2037,32,78,6854,56],"class_list":{"0":"post-131504","1":"post","2":"type-post","3":"status-publish","4":"format-standard","5":"has-post-thumbnail","7":"category-talous","8":"tag-business","9":"tag-economy","10":"tag-fi","11":"tag-finland","12":"tag-finnish","13":"tag-liikenne","14":"tag-sahkoautot","15":"tag-suomi","16":"tag-talous","17":"tag-tesla-motors","18":"tag-ulkomaat"},"share_on_mastodon":{"url":"https:\/\/pubeurope.com\/@fi\/115825241299470357","error":""},"_links":{"self":[{"href":"https:\/\/www.europesays.com\/fi\/wp-json\/wp\/v2\/posts\/131504","targetHints":{"allow":["GET"]}}],"collection":[{"href":"https:\/\/www.europesays.com\/fi\/wp-json\/wp\/v2\/posts"}],"about":[{"href":"https:\/\/www.europesays.com\/fi\/wp-json\/wp\/v2\/types\/post"}],"author":[{"embeddable":true,"href":"https:\/\/www.europesays.com\/fi\/wp-json\/wp\/v2\/users\/2"}],"replies":[{"embeddable":true,"href":"https:\/\/www.europesays.com\/fi\/wp-json\/wp\/v2\/comments?post=131504"}],"version-history":[{"count":0,"href":"https:\/\/www.europesays.com\/fi\/wp-json\/wp\/v2\/posts\/131504\/revisions"}],"wp:featuredmedia":[{"embeddable":true,"href":"https:\/\/www.europesays.com\/fi\/wp-json\/wp\/v2\/media\/131505"}],"wp:attachment":[{"href":"https:\/\/www.europesays.com\/fi\/wp-json\/wp\/v2\/media?parent=131504"}],"wp:term":[{"taxonomy":"category","embeddable":true,"href":"https:\/\/www.europesays.com\/fi\/wp-json\/wp\/v2\/categories?post=131504"},{"taxonomy":"post_tag","embeddable":true,"href":"https:\/\/www.europesays.com\/fi\/wp-json\/wp\/v2\/tags?post=131504"}],"curies":[{"name":"wp","href":"https:\/\/api.w.org\/{rel}","templated":true}]}}