{"id":131509,"date":"2026-01-02T11:23:09","date_gmt":"2026-01-02T11:23:09","guid":{"rendered":"https:\/\/www.europesays.com\/fi\/131509\/"},"modified":"2026-01-02T11:23:09","modified_gmt":"2026-01-02T11:23:09","slug":"mikko-rantanen-kertoo-olympiahetkesta-jota-ei-haluaisi-muistaa-miro-heiskaselta-tiukka-viesti-antti-pennaselle-urheilu","status":"publish","type":"post","link":"https:\/\/www.europesays.com\/fi\/131509\/","title":{"rendered":"Mikko Rantanen kertoo olympia\u00adhetkest\u00e4, jota ei haluaisi muistaa \u2013 Miro Heiskaselta tiukka viesti Antti Pennaselle | Urheilu"},"content":{"rendered":"<p class=\"aw-1gybjub aw-1p7kakr kEtdKx cEmitX yle__article__paragraph\">Leijonien ja Naisleijonien olympiajoukkueet julkaistaan perjantaina. <a class=\"aw-iao6s4 iHOxEa yle__article__link\" href=\"https:\/\/areena.yle.fi\/1-76959270\" role=\"link\" rel=\"nofollow noopener\" target=\"_blank\">Ylen suora l\u00e4hetys J\u00e4\u00e4kiekkoliiton tilaisuudesta Yle Areenassa, Yle-sovelluksessa ja Ylen verkkosivuilla kello 15.45 alkaen<\/a>.<\/p>\n<p class=\"aw-1gybjub aw-1p7kakr kEtdKx cEmitX yle__article__paragraph\">On en\u00e4\u00e4 alle kuusi viikkoa siihen, kun miesten olympiaj\u00e4\u00e4kiekko py\u00f6r\u00e4ht\u00e4\u00e4 k\u00e4yntiin ja mukana ovat maailman parhaista parhaat.<\/p>\n<p class=\"aw-1gybjub aw-1p7kakr kEtdKx cEmitX yle__article__paragraph\">NHL-kiekkoilijat olivat sivussa vuosien 2018 ja 2022 olympialaisista. Syyt olivat NHL:n ja Kansainv\u00e4lisen olympiakomitean vakuutuserimielisyyksiss\u00e4 sek\u00e4 koronapandemiassa.<\/p>\n<p class=\"aw-1gybjub aw-1p7kakr kEtdKx cEmitX yle__article__paragraph\">Nyt vihdoin Suomen tuorein supert\u00e4htisukupolvi p\u00e4\u00e4see irti kansainv\u00e4lisen urheilun kruununjalokivitapahtumassa.<\/p>\n<p class=\"aw-1gybjub aw-1p7kakr kEtdKx cEmitX yle__article__paragraph\">Yle Urheilu seurasi aiemmin Leijonien johtokaksikon, p\u00e4\u00e4valmentaja <strong class=\"aw-ak79eh KyCXm yle__article__strong\">Antti Pennasen<\/strong> ja GM <strong class=\"aw-ak79eh KyCXm yle__article__strong\">Jere Lehtisen<\/strong> pelaajatarkkailumatkaa Pohjois-Amerikassa.<\/p>\n<p><img decoding=\"async\" alt=\"Jere Lehtinen ja Antti Pennanen Chicago Blackhawksin peliss\u00e4.\" src=\"https:\/\/www.europesays.com\/fi\/wp-content\/uploads\/2026\/01\/39-15713106942a1c727580.jpeg\" class=\"aw-1l9m598 hKVVvP\"\/><\/p>\n<p class=\"aw-1gybjub aw-1p7kakr kEtdKx cEmitX yle__article__paragraph\">Samalla oli toki mahdollisuus jututtaa Suomen kovimpia NHL-t\u00e4hti\u00e4, varmoja olympiavalintoja.<\/p>\n<p class=\"aw-1gybjub aw-1p7kakr kEtdKx cEmitX yle__article__paragraph\">Dallas Starsin hy\u00f6kk\u00e4\u00e4j\u00e4j\u00e4rk\u00e4le <strong class=\"aw-ak79eh KyCXm yle__article__strong\">Mikko Rantanen<\/strong> pit\u00e4\u00e4 olympialaisia k\u00e4\u00e4nteentekev\u00e4n\u00e4 merkkipaaluna ja yhten\u00e4 el\u00e4m\u00e4ns\u00e4 huippukohdista.<\/p>\n<p class=\"aw-1gybjub aw-1p7kakr kEtdKx cEmitX yle__article__paragraph\">\u2013 Stanley Cupin voittaminen ja olympialaisissa pelaaminen ovat olleet top 2-unelmani j\u00e4\u00e4kiekkoilijana. Silloin nuorempana olympiaj\u00e4\u00e4kiekko oli ykk\u00f6sjuttu.<\/p>\n<p>Mikko Rantanen on NHL:n pistep\u00f6rssiss\u00e4 viidenten\u00e4. Joulukuussa h\u00e4n ohitti n\u00e4ill\u00e4 maalisy\u00f6t\u00f6ill\u00e4\u00e4n Olli Jokisen (750 tehopistett\u00e4) ja nousi NHL:n kaikkien aikojen pistep\u00f6rssiss\u00e4 viidenneksi tehokkaimmaksi suomalaiseksi.<\/p>\n<p class=\"aw-1gybjub aw-1p7kakr kEtdKx cEmitX yle__article__paragraph\">Vuoden 2002 Salt Lake Cityn kisoja Rantanen, nyt 29, ei muista tarkasti, koska h\u00e4n oli vasta 5-vuotias. Vuoden 2006 Torinon kisat h\u00e4n muistaa jo hyvin.<\/p>\n<p class=\"aw-1gybjub aw-1p7kakr kEtdKx cEmitX yle__article__paragraph\">\u2013 Suomi pelasi hienosti ja oli maalin p\u00e4\u00e4ss\u00e4, ett\u00e4 olisi tullut olympiakultaa. Ne ovat parhaita muistoja maajoukkueesta ja j\u00e4\u00e4kiekosta.<\/p>\n<p class=\"aw-1gybjub aw-1p7kakr kEtdKx cEmitX yle__article__paragraph\">Yksitt\u00e4isist\u00e4 peleist\u00e4 Rantanen muistaa etenkin Torinon v\u00e4lier\u00e4n.<\/p>\n<p class=\"aw-1gybjub aw-1p7kakr kEtdKx cEmitX yle__article__paragraph\">\u2013 Suomi\u2013Ven\u00e4j\u00e4 4\u20130, ylivoimainen esitys kovaa maata vastaan. Toki Ruotsi-pelin muistan my\u00f6s, mutta sit\u00e4 ei halua muistella.<\/p>\n<p class=\"aw-1gybjub aw-1p7kakr kEtdKx cEmitX yle__article__paragraph\">Ruotsi voitti Suomen olympiafinaalissa 3\u20132.<\/p>\n<p><img decoding=\"async\" alt=\"Olli Jokinen juhlii v\u00e4lier\u00e4n maaliaan. Niko Kapanen, Ville Peltonen ja Toni Lydman onnittelevat.\" src=\"https:\/\/www.europesays.com\/fi\/wp-content\/uploads\/2026\/01\/39-15764006957909ac0664.jpeg\" loading=\"lazy\" class=\"aw-1l9m598 hKVVvP\"\/><\/p>\n<p>Avaa kuvien katselu<\/p>\n<p>Olli Jokinen viimeisteli 4\u20130-loppulukemat Leijonien huikeassa v\u00e4lier\u00e4voitossa 2006. Niko Kapanen, Ville Peltonen ja Toni Lydman onnittelevat. Kuva: Getty Images<img decoding=\"async\" alt=\"Kimmo Timonen, Teppo Numminen, Saku Koivu ja Teemu Sel\u00e4nne murtuneina, kun Ruotsi vei olympiakultaa 2006.\" src=\"https:\/\/www.europesays.com\/fi\/wp-content\/uploads\/2026\/01\/39-157640169579152aab20.jpeg\" loading=\"lazy\" class=\"aw-1l9m598 hKVVvP\"\/><\/p>\n<p>Avaa kuvien katselu<\/p>\n<p>T\u00e4t\u00e4 Mikko Rantanen ei niin mielell\u00e4\u00e4n muistele. Kimmo Timonen, Teppo Numminen, Saku Koivu ja Teemu Sel\u00e4nne murtuneina, kun Ruotsi vei olympiakultaa. Kuva: Getty Images<\/p>\n<p class=\"aw-1gybjub aw-1p7kakr kEtdKx cEmitX yle__article__paragraph\">Loistokautta pelaavalle Dallas-puolustajalle <strong class=\"aw-ak79eh KyCXm yle__article__strong\">Miro Heiskaselle<\/strong> olympialaiset olivat niin ik\u00e4\u00e4n lapsuuden ikimuistoisia hetki\u00e4, kun parhaista parhaat kohtasivat.<\/p>\n<p class=\"aw-1gybjub aw-1p7kakr kEtdKx cEmitX yle__article__paragraph\">\u2013 Totta kai aina, kun p\u00e4\u00e4see pelaamaan johonkin, jossa parhaat pelaavat parhaita vastaan, se on siisti homma.<\/p>\n<p class=\"aw-1gybjub aw-1p7kakr kEtdKx cEmitX yle__article__paragraph\">Rantasta kolme vuotta nuoremmalle Heiskaselle olympialaisista on j\u00e4\u00e4nyt mieleen etenkin Sot\u0161in pronssiottelu 2014.<\/p>\n<p class=\"aw-1gybjub aw-1p7kakr kEtdKx cEmitX yle__article__paragraph\">\u2013 Onhan niit\u00e4 muistoja varmasti monia, mutta ehk\u00e4 parhaiten muistan Sot\u0161ista <strong class=\"aw-ak79eh KyCXm yle__article__strong\">Teemu Sel\u00e4nteen<\/strong> viimeisen matsin. Se oli aika siisti lopetus h\u00e4nenkin uralleen ja viel\u00e4 mitali sielt\u00e4.<\/p>\n<p><img decoding=\"async\" alt=\"Suomi juhlii olympiapronssia 2014.\" src=\"https:\/\/www.europesays.com\/fi\/wp-content\/uploads\/2026\/01\/39-15764076957920d1e9e9.jpeg\" loading=\"lazy\" class=\"aw-1l9m598 hKVVvP\"\/><\/p>\n<p>Avaa kuvien katselu<\/p>\n<p>43-vuotias Teemu Sel\u00e4nne oli Kansainv\u00e4lisen j\u00e4\u00e4kiekkoliiton valinta turnauksen arvokkaimmaksi pelaajaksi, kun Suomi voitti 2014 olympiapronssia. Kuva: Getty Images<\/p>\n<p class=\"aw-1gybjub aw-1p7kakr kEtdKx cEmitX yle__article__paragraph\">Carolina Hurricanesin ykk\u00f6ssentteri <strong class=\"aw-ak79eh KyCXm yle__article__strong\">Sebastian Aho<\/strong> kuvailee olympiakiekkoa tapahtumaksi, joka on ollut unelmissa pikkupojasta l\u00e4htien.<\/p>\n<p class=\"aw-1gybjub aw-1p7kakr kEtdKx cEmitX yle__article__paragraph\">Aho muistuttaa, ett\u00e4 olympiamahdollisuus on mennyt h\u00e4nen ik\u00e4luokaltaan aiemmin sivu suun.<\/p>\n<p class=\"aw-1gybjub aw-1p7kakr kEtdKx cEmitX yle__article__paragraph\">\u2013 Ei sit\u00e4 p\u00e4ivitt\u00e4in arjessa mieti, mutta joka kerta, kun joku siit\u00e4 kysyy tai n\u00e4kee muita suomalaisia, tulee hyv\u00e4 fiilis. Kun pikkupoikana katsoin Suomen pelej\u00e4 olympialaisissa, se oli fanina melkeinp\u00e4 parasta l\u00e4tk\u00e4\u00e4.<\/p>\n<p><img decoding=\"async\" alt=\"Sebastian Aho NHL:n nelj\u00e4n maan turnauksessa.\" src=\"https:\/\/www.europesays.com\/fi\/wp-content\/uploads\/2026\/01\/39-142044467abad7b6839f.jpeg\" loading=\"lazy\" class=\"aw-1l9m598 hKVVvP\"\/><\/p>\n<p>Avaa kuvien katselu<\/p>\n<p>Sebastian Aho, 28, p\u00e4\u00e4see vihdoin olympiakokemuksen makuun. Kuva: David Kirouac \/ AOPViime talven taso ei riit\u00e4<\/p>\n<p class=\"aw-1gybjub aw-1p7kakr kEtdKx cEmitX yle__article__paragraph\">Esimakua parhaiden maajoukkuekohtaamisista saatiin viime talvena NHL:n nelj\u00e4n maan turnauksessa.<\/p>\n<p class=\"aw-1gybjub aw-1p7kakr kEtdKx cEmitX yle__article__paragraph\">Se ei ollut Suomelta onnistunut suoritus. Suomi voitti Ruotsin jatkoajalla, mutta j\u00e4i USA:n ja Kanadan jalkoihin.<\/p>\n<p class=\"aw-1gybjub aw-1p7kakr kEtdKx cEmitX yle__article__paragraph\">Olympialaisissa Suomen puolustuspelaamisen t\u00e4ytyy olla aivan toisella tasolla. Rantanen korostaa, ett\u00e4 se on ollut Leijonien kivijalka aina, kun menestyst\u00e4 on haalittu paperilla vahvempia vastaan.<\/p>\n<p class=\"aw-1gybjub aw-1p7kakr kEtdKx cEmitX yle__article__paragraph\">\u2013 Joukkuepelaamisen ja puolustamisen pit\u00e4\u00e4 olla sellaista, ett\u00e4 emme anna helppoja maaleja. Four Nations -turnauksessa annoimme liikaa.<\/p>\n<p class=\"aw-1gybjub aw-1p7kakr kEtdKx cEmitX yle__article__paragraph\">\u2013 Jos joku <strong class=\"aw-ak79eh KyCXm yle__article__strong\">Connor McDavid<\/strong> ottaa kiekon ja vet\u00e4\u00e4 coast-to-coast, sitten vaan hattua p\u00e4\u00e4st\u00e4. Mutta liikaa omista virheist\u00e4 maaleja ei anneta.<\/p>\n<p><img decoding=\"async\" alt=\"Mikko Rantanen ja Connor McDavid NHL:n nelj\u00e4n maan turnauksessa.\" src=\"https:\/\/www.europesays.com\/fi\/wp-content\/uploads\/2026\/01\/39-157639969578e754e034.jpeg\" loading=\"lazy\" class=\"aw-1l9m598 hKVVvP\"\/><\/p>\n<p>Avaa kuvien katselu<\/p>\n<p>Mikko Rantanen ja Connor McDavid NHL:n nelj\u00e4n maan turnauksessa. Kuva: Getty Images<\/p>\n<p class=\"aw-1gybjub aw-1p7kakr kEtdKx cEmitX yle__article__paragraph\">Heiskanen ei p\u00e4\u00e4ssyt nelj\u00e4n maan turnaukseen loukkaantumisen takia.<\/p>\n<p class=\"aw-1gybjub aw-1p7kakr kEtdKx cEmitX yle__article__paragraph\">H\u00e4nell\u00e4 on kuitenkin n\u00e4kemyksens\u00e4, miten Leijonat voi saada olympialaisissa maksimaalisen tuloksen. Se kuulostaa my\u00f6s toiveelta Leijonien valmennuksen suuntaan.<\/p>\n<p class=\"aw-1gybjub aw-1p7kakr kEtdKx cEmitX yle__article__paragraph\">\u2013 Pelataan yhten\u00e4isesti, mutta kuitenkin sellainen vapaus ja vaistoilla pelaaminen, ettei ole vain liian taktista. On etu meille, ett\u00e4 kaikki tuntevat hyvin toisensa ja ovat pelanneet aiemminkin yhdess\u00e4.<\/p>\n<p class=\"aw-1gybjub aw-1p7kakr kEtdKx cEmitX yle__article__paragraph\">\u2013 Yhten\u00e4ist\u00e4, vapautunutta peli\u00e4. Totta kai ovat systeemit, joita pit\u00e4\u00e4 toteuttaa, mutta pit\u00e4\u00e4 my\u00f6s pelata vaistojen kautta.<\/p>\n<p>Leijonat-pomot Antti Pennanen ja Jere Lehtinen tapasivat tarkkailumatkallaan muun muassa Dallasin suomalaispelaajia.<\/p>\n<p class=\"aw-1gybjub aw-1p7kakr kEtdKx cEmitX yle__article__paragraph\">Dallas-hy\u00f6kk\u00e4\u00e4j\u00e4 <strong class=\"aw-ak79eh KyCXm yle__article__strong\">Roope Hintz<\/strong> ja Sebastian Aho pit\u00e4v\u00e4t nelj\u00e4n maan turnausta t\u00e4rke\u00e4n\u00e4 kokemuksena, vaikka Suomelle j\u00e4ikin kovasti parannettavaa.<\/p>\n<p class=\"aw-1gybjub aw-1p7kakr kEtdKx cEmitX yle__article__paragraph\">\u2013 Otetaan sielt\u00e4 hyv\u00e4t jutut, joita oli, ja l\u00e4hdet\u00e4\u00e4n parantamaan juttuja, jotka eiv\u00e4t menneet putkeen. Katsotaan videoita ja yritet\u00e4\u00e4n saada joukkue pelaamaan yhdess\u00e4. Jos katsoo viime vuosien kisoja, Suomi on ollut aina hyvin mukana. Ei muuta kuin hyv\u00e4ll\u00e4 fiiliksell\u00e4 vaan, Hintz juttelee.<\/p>\n<p class=\"aw-1gybjub aw-1p7kakr kEtdKx cEmitX yle__article__paragraph\">\u2013 On hyv\u00e4, ett\u00e4 on tuo yhteinen kokemus. Emme voi menn\u00e4 sen taakse, ett\u00e4 on lyhyt valmistautuminen. Kaikilla muillakin on lyhyt valmistautuminen, Aho linjaa.<\/p>\n<p class=\"aw-1gybjub aw-1p7kakr kEtdKx cEmitX yle__article__paragraph\">NHL:ss\u00e4 viimeiset runkosarjaottelut ennen olympialaisia pelataan 6. helmikuuta. Miesten olympiakiekko k\u00e4ynnistyy 11. p\u00e4iv\u00e4.<\/p>\n<p class=\"aw-1gybjub aw-1p7kakr kEtdKx cEmitX yle__article__paragraph\">Pelaajat ovat luonnollisesti sit\u00e4 mielt\u00e4, ett\u00e4 olympiakulta on realismia.<\/p>\n<p class=\"aw-1gybjub aw-1p7kakr kEtdKx cEmitX yle__article__paragraph\">\u2013 Tietysti on. Varsinkin olympialaisissa, koska se on yhdest\u00e4 ottelusta poikki pudotuspeleiss\u00e4 eik\u00e4 paras seitsem\u00e4st\u00e4. Siin\u00e4 on kaikki mahdollisuudet ja luotto on kova, Rantanen paaluttaa.<\/p>\n<p>Parempaa pastaa?<\/p>\n<p class=\"aw-1gybjub aw-1p7kakr kEtdKx cEmitX yle__article__paragraph\">Italialla on varmasti Heiskaselle erityinen merkitys, sill\u00e4 h\u00e4n meni viime kes\u00e4n\u00e4 naimisiin Roomassa puolisonsa <strong class=\"aw-ak79eh KyCXm yle__article__strong\">Julia Taka-ahon<\/strong> kanssa.<\/p>\n<p class=\"aw-1gybjub aw-1p7kakr kEtdKx cEmitX yle__article__paragraph\">H\u00e4ist\u00e4 Heiskanen ei haastattelussa mainitse, mutta sen h\u00e4n tiet\u00e4\u00e4, ett\u00e4 Italiassa on ainakin vahva ruokakulttuuri.<\/p>\n<p class=\"aw-1gybjub aw-1p7kakr kEtdKx cEmitX yle__article__paragraph\">\u2013 Pastaa tule sy\u00f6ty\u00e4 aika paljon t\u00e4\u00e4ll\u00e4kin, niin toivotaan, ett\u00e4 pasta on hyv\u00e4\u00e4 siell\u00e4, Heiskanen pohdiskeli Dallasin kotihallin uumenissa.<\/p>\n<p class=\"aw-1gybjub aw-1p7kakr kEtdKx cEmitX yle__article__paragraph\">Muutenkin kisat olympiakylineen ja lajikirjoineen ovat mieleenpainuva kokemus, Heiskanen luottaa.<\/p>\n<p class=\"aw-1gybjub aw-1p7kakr kEtdKx cEmitX yle__article__paragraph\">\u2013 Totta kai. Siell\u00e4 ovat kuitenkin kaikkien lajien parhaimmat mukana. Vaikkei tule hirve\u00e4sti seurattua muita lajeja, siell\u00e4 se on mahdollista. Ihan oikeastaan kaikkea odotan sielt\u00e4.<\/p>\n<p class=\"aw-1gybjub aw-1p7kakr kEtdKx cEmitX yle__article__paragraph\">Milanon ja Cortinan talviolympialaiset n\u00e4hd\u00e4\u00e4n ja kuullaan Ylen kanavilla 6.\u201322. helmikuuta 2026.<\/p>\n<p class=\"aw-1gybjub aw-1p7kakr kEtdKx cEmitX yle__article__paragraph\">Leijonien ensimm\u00e4inen olympiaottelu on Slovakiaa vastaan keskiviikkona 11.2. Naisleijonat avaa olympiaottelunsa torstaina 5. helmikuuta Kanadaa vastaan.<\/p>\n","protected":false},"excerpt":{"rendered":"Leijonien ja Naisleijonien olympiajoukkueet julkaistaan perjantaina. Ylen suora l\u00e4hetys J\u00e4\u00e4kiekkoliiton tilaisuudesta Yle Areenassa, Yle-sovelluksessa ja Ylen verkkosivuilla kello&hellip;\n","protected":false},"author":2,"featured_media":97991,"comment_status":"","ping_status":"","sticky":false,"template":"","format":"standard","meta":{"footnotes":""},"categories":[5],"tags":[22,23,26,27,33,31,30,17,1143,24,25,2780,28,29,5136,15,1697,18,21,1698,18338,32,13138,19,20,160,16],"class_list":{"0":"post-131509","1":"post","2":"type-post","3":"status-publish","4":"format-standard","5":"has-post-thumbnail","7":"category-otsikot","8":"tag-breaking-news","9":"tag-breakingnews","10":"tag-featured-news","11":"tag-featurednews","12":"tag-fi","13":"tag-finland","14":"tag-finnish","15":"tag-headlines","16":"tag-jaakiekko","17":"tag-latest-news","18":"tag-latestnews","19":"tag-leijonat","20":"tag-main-news","21":"tag-mainnews","22":"tag-mikko-rantanen","23":"tag-news","24":"tag-nhl","25":"tag-otsikot","26":"tag-paauutiset","27":"tag-roope-hintz","28":"tag-sebastian-aho","29":"tag-suomi","30":"tag-talviolympialaiset-milano-cortina-2026","31":"tag-top-stories","32":"tag-topstories","33":"tag-urheilu","34":"tag-uutiset"},"share_on_mastodon":{"url":"https:\/\/pubeurope.com\/@fi\/115825253008803966","error":""},"_links":{"self":[{"href":"https:\/\/www.europesays.com\/fi\/wp-json\/wp\/v2\/posts\/131509","targetHints":{"allow":["GET"]}}],"collection":[{"href":"https:\/\/www.europesays.com\/fi\/wp-json\/wp\/v2\/posts"}],"about":[{"href":"https:\/\/www.europesays.com\/fi\/wp-json\/wp\/v2\/types\/post"}],"author":[{"embeddable":true,"href":"https:\/\/www.europesays.com\/fi\/wp-json\/wp\/v2\/users\/2"}],"replies":[{"embeddable":true,"href":"https:\/\/www.europesays.com\/fi\/wp-json\/wp\/v2\/comments?post=131509"}],"version-history":[{"count":0,"href":"https:\/\/www.europesays.com\/fi\/wp-json\/wp\/v2\/posts\/131509\/revisions"}],"wp:featuredmedia":[{"embeddable":true,"href":"https:\/\/www.europesays.com\/fi\/wp-json\/wp\/v2\/media\/97991"}],"wp:attachment":[{"href":"https:\/\/www.europesays.com\/fi\/wp-json\/wp\/v2\/media?parent=131509"}],"wp:term":[{"taxonomy":"category","embeddable":true,"href":"https:\/\/www.europesays.com\/fi\/wp-json\/wp\/v2\/categories?post=131509"},{"taxonomy":"post_tag","embeddable":true,"href":"https:\/\/www.europesays.com\/fi\/wp-json\/wp\/v2\/tags?post=131509"}],"curies":[{"name":"wp","href":"https:\/\/api.w.org\/{rel}","templated":true}]}}