{"id":131510,"date":"2026-01-02T11:35:10","date_gmt":"2026-01-02T11:35:10","guid":{"rendered":"https:\/\/www.europesays.com\/fi\/131510\/"},"modified":"2026-01-02T11:35:10","modified_gmt":"2026-01-02T11:35:10","slug":"janne-lehtonen-ja-vaimo-selattivat-aviokriisin-hempeilya-haapaivana","status":"publish","type":"post","link":"https:\/\/www.europesays.com\/fi\/131510\/","title":{"rendered":"Janne Lehtonen ja vaimo sel\u00e4ttiv\u00e4t aviokriisin: Hempeily\u00e4 h\u00e4\u00e4p\u00e4iv\u00e4n\u00e4"},"content":{"rendered":"<p>            ATTE KAJOVA\n        <\/p>\n<p class=\"subtitle \">Jannen vaimo haki avioeroa syksyll\u00e4 2024.<\/p>\n<p class=\"article-content article-content-width !bg-background\">Ex-sotilas , 42, on tullut tv-katsoijille tutuksi yhten\u00e4 Erikoisjoukot-ohjelman tiukkasanaisista kouluttajista. Ty\u00f6ns\u00e4 lis\u00e4ksi Janne on p\u00e4\u00e4tynyt otsikoihin my\u00f6s yksityisel\u00e4m\u00e4ns\u00e4 myrskyjen my\u00f6t\u00e4.<\/p>\n<p class=\"font-weight-bold m-font-weight-bold article-content article-content-width !bg-background\">Video: Janne Lehtonen kertoo avioliittonsa tilasta:<\/p>\n<p class=\"article-content article-content-width !bg-background\">Seiska uutisoi reipas vuosi sitten, ett\u00e4 Jannen vaimo  <a href=\"https:\/\/www.seiska.fi\/kotimaa\/erikoisjoukot-janne-lehtosen-touhut-kesken-avioeron-hammentavat-paljonpuhuva-video-julki\/1538286\" target=\"_blank\" rel=\"nofollow noopener\">oli hakenut avioeroa<\/a>. Tieto pariskunnan erosta tuli shokkina, sill\u00e4 14-vuotiaista asti yhdess\u00e4 ollut kaksikko oli antanut rakkaushaastatteluja viel\u00e4 saman vuoden aikana.\u00a0<\/p>\n<p>Muuttunut el\u00e4m\u00e4 ajoi kriisiin<\/p>\n<p class=\"article-content article-content-width !bg-background\">Janne ja Mia-Riitta avasivat tilannetta Jannen toukokuussa 2025 julkaistussa el\u00e4m\u00e4kerrassa\u00a0Erikoisjoukoissa\u00a0\u2013\u00a0Janne Lehtosen tarina (WSOY). Janne kuvaili syyn kriisiin olleen h\u00e4ness\u00e4, Mia-Riitta taasen kuvaili parin kamppailleen tavallisen arjen kanssa.\u00a0<\/p>\n<p>                <img decoding=\"async\" src=\"https:\/\/www.europesays.com\/fi\/wp-content\/uploads\/2026\/01\/2035529.webp.jpeg\" width=\"576\" height=\"720\" alt=\"Mia-Riitta ja Janne ovat olleet yhdess\u00e4 kauan. El\u00e4m\u00e4\u00e4n onkin mahtunut monelaisia vaiheita. Arkistokuva 2022.\" loading=\"lazy\" \/>            <\/p>\n<p>\n            Mia-Riitta ja Janne ovat olleet yhdess\u00e4 kauan. El\u00e4m\u00e4\u00e4n onkin mahtunut monelaisia vaiheita. Arkistokuva 2022.<br \/>\n            KAI JORONEN\n        <\/p>\n<p class=\"article-content article-content-width !bg-background\">Syksyll\u00e4 Janne my\u00f6nsi Seiskalle, ett\u00e4 <a href=\"https:\/\/www.seiska.fi\/kotimaa\/erikoisjoukkojen-janne-lehtonen-ajautui-aviokriisiin-tama-on-tilanne-nyt\/1905670\" target=\"_blank\" rel=\"nofollow noopener\">osansa soppaan toi Erikoisjoukkojen mukanaan tuoma julkisuus<\/a>.\u00a0<\/p>\n<p>        <a itemprop=\"url\" href=\"https:\/\/www.seiska.fi\/kotimaa\/janne-lehtonen-inhottaa-olla-seksikas\/1993724\" rel=\"nofollow noopener\" target=\"_blank\"><\/p>\n<p>\nJanne Lehtonen:\n<\/p>\n<p class=\"section-date\">\n        <strong class=\"article-section\" data-section=\"kotimaa\"><br \/>\n            kotimaa<br \/>\n        <\/strong><br \/>\n        17.11.2025 10:03\n    <\/p>\n<p>Janne Lehtonen: &#8221;Inhottaa olla seksik\u00e4s&#8221;\n    <\/p>\n<p itemprop=\"description\" class=\"subtitle \">\n    Erikoisjokot -ohjelman kouluttaja ei turhia kainostele.\n<\/p>\n<p>        <\/a><\/p>\n<p class=\"article-content article-content-width !bg-background\">\u2013\u00a0Olimme juuri saaneet kotona asioita selvitetty\u00e4 ja pian lehdess\u00e4 lukikin ihan muuta. Se aiheutti takapakkia, h\u00e4n kuvaili viime elokuussa.\u00a0<\/p>\n<p>Ero peruttu<\/p>\n<p class=\"article-content article-content-width !bg-background\">Lopulta eroa ei kuitenkaan tullut.\u00a0Taistelutahtonsa ansiosta pariskunta sai kriisin sel\u00e4tetty\u00e4.\u00a0<\/p>\n<p class=\"article-content article-content-width !bg-background\">Janne ja Mia-Riitta eiv\u00e4t koskaan toimittaneet toisen vaiheen hakemusta, ja 19.11. It\u00e4-Uudenmaan <a href=\"https:\/\/www.seiska.fi\/kotimaa\/erikoisjoukot-janne-lehtosen-aviokriisissa-lopullinen-kaanne\/1998204\" target=\"_blank\" rel=\"nofollow noopener\">k\u00e4r\u00e4j\u00e4oikeus antoi asiassa sillens\u00e4j\u00e4tt\u00e4misp\u00e4\u00e4t\u00f6ksen<\/a>.\u00a0<\/p>\n<p>Uusi alku<\/p>\n<p class=\"article-content article-content-width !bg-background\">Rankkojen aikojen j\u00e4lkeen kaksikko n\u00e4ytt\u00e4\u00e4 k\u00e4\u00e4nt\u00e4neen el\u00e4m\u00e4ss\u00e4\u00e4n uuden sivun. Janne julkaisi 1. tammikuuta Instagramissa rakkaudent\u00e4ytteisen tekstin parin 19. h\u00e4\u00e4p\u00e4iv\u00e4n kunniaksi. Kokonaisuudessaan yhteiseloa on kest\u00e4nyt jo 28 vuotta.\u00a0<\/p>\n<p class=\"article-content article-content-width !bg-background\">\u2013 P\u00e4iv\u00e4\u00e4k\u00e4\u00e4n ei vaihdettaisi pois, sill\u00e4 t\u00e4m\u00e4 on el\u00e4m\u00e4\u00e4, Janne kirjoittaa.<\/p>\n<p>                <img decoding=\"async\" src=\"https:\/\/www.europesays.com\/fi\/wp-content\/uploads\/2026\/01\/2035532.webp.jpeg\" width=\"576\" height=\"322\" alt=\"Pariskunnalla on kaksi lasta.\" loading=\"lazy\" \/>            <\/p>\n<p>\n            Pariskunnalla on kaksi lasta.<br \/>\n            Timo Korhonen\n        <\/p>\n<p class=\"article-content article-content-width !bg-background\">\u2013\u00a0Kulunut vuosi on ollut meille suhteen uusi alku \u2013 uudelleen rakastumista, syvemp\u00e4\u00e4 ymm\u00e4rryst\u00e4, yhteytt\u00e4 ja l\u00e4heisyytt\u00e4, uuden ja vanhan parhaan ajan takaisin oppimista itsest\u00e4 ja toisesta.<\/p>\n<p>Lis\u00e4\u00e4 luvassa<\/p>\n<p class=\"article-content article-content-width !bg-background\">Julkaisussa py\u00f6rii  ja  rakkausballadin siivitt\u00e4m\u00e4n\u00e4 kuvia ja videop\u00e4tki\u00e4 avioparin hempeist\u00e4 hetkist\u00e4. Suukkoja vaihdetaan niin veneilless\u00e4 kuin kuntosalillakin.\u00a0<\/p>\n<p>        <a itemprop=\"url\" href=\"https:\/\/www.seiska.fi\/kotimaa\/erikoisjoukkojen-janne-lehtoselta-erikoinen-paivitys-aviokriisin-jalkeen\/1957620\" rel=\"nofollow noopener\" target=\"_blank\"><\/p>\n<p>\nTakana aviokriisi\n<\/p>\n<p class=\"section-date\">\n        <strong class=\"article-section\" data-section=\"kotimaa\"><br \/>\n            kotimaa<br \/>\n        <\/strong><br \/>\n        10.10.2025 08:31\n    <\/p>\n<p>Erikoisjoukkojen Janne Lehtoselta erikoinen p\u00e4ivitys aviokriisin j\u00e4lkeen\n    <\/p>\n<p itemprop=\"description\" class=\"subtitle \">\n    Texas ja l\u00e4nkk\u00e4rimeno ovat saaneet Jannenkin tunnelmoimaan.\n<\/p>\n<p>        <\/a><\/p>\n<p class=\"article-content article-content-width !bg-background\">\u2013\u00a0T\u00e4st\u00e4 on hyv\u00e4 l\u00e4hte\u00e4 avioliiton uudelle vuosikymmenelle luomaan lis\u00e4\u00e4 muistoja, naurua, kasvua, sek\u00e4 ennen kaikkea vaalimaan sit\u00e4 rakkautta, jota meill\u00e4 aina on ollut, Janne toteaa julkaisun lopussa.<\/p>\n<p class=\"italic m-italic article-content article-content-width !bg-background\">Jos upotus ei toimi, <a href=\"https:\/\/www.instagram.com\/p\/DS-NgBTjNCp\/\" target=\"_blank\" rel=\"nofollow noopener\">voit katsoa julkaisun t\u00e4\u00e4lt\u00e4<\/a>.<\/p>\n<p><script async src=\"\/\/www.instagram.com\/embed.js\"><\/script><\/p>\n","protected":false},"excerpt":{"rendered":"ATTE KAJOVA Jannen vaimo haki avioeroa syksyll\u00e4 2024. Ex-sotilas , 42, on tullut tv-katsoijille tutuksi yhten\u00e4 Erikoisjoukot-ohjelman tiukkasanaisista&hellip;\n","protected":false},"author":2,"featured_media":131511,"comment_status":"","ping_status":"","sticky":false,"template":"","format":"standard","meta":{"footnotes":""},"categories":[136],"tags":[8127,407,137,2159,1664,33,31,30,2155,408,2636,5190,98,651,32,6137,109],"class_list":{"0":"post-131510","1":"post","2":"type-post","3":"status-publish","4":"format-standard","5":"has-post-thumbnail","7":"category-julkkikset","8":"tag-aviokriisi","9":"tag-celebrities","10":"tag-entertainment","11":"tag-erikoisjoukot","12":"tag-ero","13":"tag-fi","14":"tag-finland","15":"tag-finnish","16":"tag-janne-lehtonen","17":"tag-julkkikset","18":"tag-kirja","19":"tag-mia-riitta-lehtonen","20":"tag-perhe","21":"tag-suhteet","22":"tag-suomi","23":"tag-vaimo","24":"tag-viihde"},"share_on_mastodon":{"url":"https:\/\/pubeurope.com\/@fi\/115825300162742987","error":""},"_links":{"self":[{"href":"https:\/\/www.europesays.com\/fi\/wp-json\/wp\/v2\/posts\/131510","targetHints":{"allow":["GET"]}}],"collection":[{"href":"https:\/\/www.europesays.com\/fi\/wp-json\/wp\/v2\/posts"}],"about":[{"href":"https:\/\/www.europesays.com\/fi\/wp-json\/wp\/v2\/types\/post"}],"author":[{"embeddable":true,"href":"https:\/\/www.europesays.com\/fi\/wp-json\/wp\/v2\/users\/2"}],"replies":[{"embeddable":true,"href":"https:\/\/www.europesays.com\/fi\/wp-json\/wp\/v2\/comments?post=131510"}],"version-history":[{"count":0,"href":"https:\/\/www.europesays.com\/fi\/wp-json\/wp\/v2\/posts\/131510\/revisions"}],"wp:featuredmedia":[{"embeddable":true,"href":"https:\/\/www.europesays.com\/fi\/wp-json\/wp\/v2\/media\/131511"}],"wp:attachment":[{"href":"https:\/\/www.europesays.com\/fi\/wp-json\/wp\/v2\/media?parent=131510"}],"wp:term":[{"taxonomy":"category","embeddable":true,"href":"https:\/\/www.europesays.com\/fi\/wp-json\/wp\/v2\/categories?post=131510"},{"taxonomy":"post_tag","embeddable":true,"href":"https:\/\/www.europesays.com\/fi\/wp-json\/wp\/v2\/tags?post=131510"}],"curies":[{"name":"wp","href":"https:\/\/api.w.org\/{rel}","templated":true}]}}