{"id":131514,"date":"2026-01-02T11:42:07","date_gmt":"2026-01-02T11:42:07","guid":{"rendered":"https:\/\/www.europesays.com\/fi\/131514\/"},"modified":"2026-01-02T11:42:07","modified_gmt":"2026-01-02T11:42:07","slug":"jokereiden-vuoden-ensimmainen-pelipaiva-vie-iisalmeen","status":"publish","type":"post","link":"https:\/\/www.europesays.com\/fi\/131514\/","title":{"rendered":"Jokereiden vuoden ensimm\u00e4inen pelip\u00e4iv\u00e4 vie Iisalmeen"},"content":{"rendered":"<p class=\"\" style=\"white-space:pre-wrap;\">Jokerit kohtaa vuoden ensimm\u00e4isess\u00e4 ottelussaan t\u00e4n\u00e4\u00e4n Iisalmessa IPK:n. Joukkue on reissussa koko viikonlopun, sill\u00e4 huomenna se jatkaa matkaansa Joensuuhun.<\/p>\n<p class=\"\" style=\"white-space:pre-wrap;\">Jokerit ja IPK ovat kohdanneet t\u00e4ll\u00e4 kaudella kolmesti, ja jokainen ottelu on p\u00e4\u00e4ttynyt kotijoukkueen voittoon: Jokerit kahdesti Helsingiss\u00e4 ja IPK kerran Iisalmessa.<\/p>\n<p class=\"\" style=\"white-space:pre-wrap;\">Jokerit saa iltaa iloisia uutisia, kun <strong>Samuel Salonen<\/strong> ja <strong>Miro Nalli<\/strong> palaavat pelaavaan kokoonpanoon. <strong>Oliver Tuhkanen<\/strong> on sivussa flunssan vuoksi.<\/p>\n<p class=\"\" style=\"white-space:pre-wrap;\"><strong>Jokerit t\u00e4n\u00e4\u00e4n:<br \/><\/strong>#26 Kangasniemi &#8211; #22 Forslund &#8211; #40 Suni<br \/>#9 Salonen  &#8211; #92 Mustonen (A) &#8211; #29 Kallio<br \/>#80 Vainikainen &#8211; #19 Nalli &#8211; #77 Virtanen<br \/>#14 Liuksiala &#8211; #16 Henritius &#8211; #20 Lahnaviik<br \/>#46 Kaipinen<\/p>\n<p class=\"\" style=\"white-space:pre-wrap;\">#52 Tuomola &#8211; #1 Rantakari<br \/>#47 Forsblom (C) &#8211; #12 Tumanovs<br \/>#53 Elorinne (A) &#8211; #71 Rikkil\u00e4 <\/p>\n<p class=\"\" style=\"white-space:pre-wrap;\">#30 Vehvil\u00e4inen<br \/>#37 Heikkeri<\/p>\n","protected":false},"excerpt":{"rendered":"Jokerit kohtaa vuoden ensimm\u00e4isess\u00e4 ottelussaan t\u00e4n\u00e4\u00e4n Iisalmessa IPK:n. Joukkue on reissussa koko viikonlopun, sill\u00e4 huomenna se jatkaa matkaansa&hellip;\n","protected":false},"author":2,"featured_media":131515,"comment_status":"","ping_status":"","sticky":false,"template":"","format":"standard","meta":{"footnotes":""},"categories":[158],"tags":[33,31,30,159,32,160],"class_list":{"0":"post-131514","1":"post","2":"type-post","3":"status-publish","4":"format-standard","5":"has-post-thumbnail","7":"category-urheilu","8":"tag-fi","9":"tag-finland","10":"tag-finnish","11":"tag-sports","12":"tag-suomi","13":"tag-urheilu"},"share_on_mastodon":{"url":"https:\/\/pubeurope.com\/@fi\/115825327671482217","error":""},"_links":{"self":[{"href":"https:\/\/www.europesays.com\/fi\/wp-json\/wp\/v2\/posts\/131514","targetHints":{"allow":["GET"]}}],"collection":[{"href":"https:\/\/www.europesays.com\/fi\/wp-json\/wp\/v2\/posts"}],"about":[{"href":"https:\/\/www.europesays.com\/fi\/wp-json\/wp\/v2\/types\/post"}],"author":[{"embeddable":true,"href":"https:\/\/www.europesays.com\/fi\/wp-json\/wp\/v2\/users\/2"}],"replies":[{"embeddable":true,"href":"https:\/\/www.europesays.com\/fi\/wp-json\/wp\/v2\/comments?post=131514"}],"version-history":[{"count":0,"href":"https:\/\/www.europesays.com\/fi\/wp-json\/wp\/v2\/posts\/131514\/revisions"}],"wp:featuredmedia":[{"embeddable":true,"href":"https:\/\/www.europesays.com\/fi\/wp-json\/wp\/v2\/media\/131515"}],"wp:attachment":[{"href":"https:\/\/www.europesays.com\/fi\/wp-json\/wp\/v2\/media?parent=131514"}],"wp:term":[{"taxonomy":"category","embeddable":true,"href":"https:\/\/www.europesays.com\/fi\/wp-json\/wp\/v2\/categories?post=131514"},{"taxonomy":"post_tag","embeddable":true,"href":"https:\/\/www.europesays.com\/fi\/wp-json\/wp\/v2\/tags?post=131514"}],"curies":[{"name":"wp","href":"https:\/\/api.w.org\/{rel}","templated":true}]}}