{"id":131516,"date":"2026-01-02T11:43:11","date_gmt":"2026-01-02T11:43:11","guid":{"rendered":"https:\/\/www.europesays.com\/fi\/131516\/"},"modified":"2026-01-02T11:43:11","modified_gmt":"2026-01-02T11:43:11","slug":"kaisa-viitalan-historiallinen-romaani-on-tammikuun-aanikirja","status":"publish","type":"post","link":"https:\/\/www.europesays.com\/fi\/131516\/","title":{"rendered":"Kaisa Viitalan historiallinen romaani on tammikuun \u00e4\u00e4nikirja"},"content":{"rendered":"<p>Kuukauden \u00e4\u00e4nikirja|Kaisa Viitalan suosittu historiallinen romaani Klaanin vieraana on HS:n tilaajien kuunneltavissa tammikuussa.<\/p>\n<p class=\"article-body mb-nof-24 px-nof-16\">Alun perin Klaanin vieraasta (Karisto) ei pit\u00e4nyt tulla romaania, vaan pieni somessa jaettava joululahjatarina <a class=\"font-bold underline-offset-[0.12em] [text-decoration:var(--person-link-text-decoration)] ![text-decoration-color:var(--person-link-text-decoration-color)]\" href=\"https:\/\/www.hs.fi\/haku\/?query=Kaisa%20Viitalan\" rel=\"nofollow noopener\" target=\"_blank\">Kaisa Viitalan<\/a> edellisen kirjasarjan faneille.<\/p>\n<p class=\"article-body mb-nof-24 px-nof-16\">Onneksi tarina alkoi vet\u00e4\u00e4 niin, ett\u00e4 Viitala p\u00e4\u00e4tti l\u00e4hett\u00e4\u00e4 k\u00e4sikirjoituksen kustantamoon.<\/p>\n","protected":false},"excerpt":{"rendered":"Kuukauden \u00e4\u00e4nikirja|Kaisa Viitalan suosittu historiallinen romaani Klaanin vieraana on HS:n tilaajien kuunneltavissa tammikuussa. Alun perin Klaanin vieraasta (Karisto)&hellip;\n","protected":false},"author":2,"featured_media":131517,"comment_status":"","ping_status":"","sticky":false,"template":"","format":"standard","meta":{"footnotes":""},"categories":[130],"tags":[137,33,31,30,46,32,109],"class_list":{"0":"post-131516","1":"post","2":"type-post","3":"status-publish","4":"format-standard","5":"has-post-thumbnail","7":"category-viihde","8":"tag-entertainment","9":"tag-fi","10":"tag-finland","11":"tag-finnish","12":"tag-helsingin-sanomat","13":"tag-suomi","14":"tag-viihde"},"share_on_mastodon":{"url":"https:\/\/pubeurope.com\/@fi\/115825331590562031","error":""},"_links":{"self":[{"href":"https:\/\/www.europesays.com\/fi\/wp-json\/wp\/v2\/posts\/131516","targetHints":{"allow":["GET"]}}],"collection":[{"href":"https:\/\/www.europesays.com\/fi\/wp-json\/wp\/v2\/posts"}],"about":[{"href":"https:\/\/www.europesays.com\/fi\/wp-json\/wp\/v2\/types\/post"}],"author":[{"embeddable":true,"href":"https:\/\/www.europesays.com\/fi\/wp-json\/wp\/v2\/users\/2"}],"replies":[{"embeddable":true,"href":"https:\/\/www.europesays.com\/fi\/wp-json\/wp\/v2\/comments?post=131516"}],"version-history":[{"count":0,"href":"https:\/\/www.europesays.com\/fi\/wp-json\/wp\/v2\/posts\/131516\/revisions"}],"wp:featuredmedia":[{"embeddable":true,"href":"https:\/\/www.europesays.com\/fi\/wp-json\/wp\/v2\/media\/131517"}],"wp:attachment":[{"href":"https:\/\/www.europesays.com\/fi\/wp-json\/wp\/v2\/media?parent=131516"}],"wp:term":[{"taxonomy":"category","embeddable":true,"href":"https:\/\/www.europesays.com\/fi\/wp-json\/wp\/v2\/categories?post=131516"},{"taxonomy":"post_tag","embeddable":true,"href":"https:\/\/www.europesays.com\/fi\/wp-json\/wp\/v2\/tags?post=131516"}],"curies":[{"name":"wp","href":"https:\/\/api.w.org\/{rel}","templated":true}]}}