{"id":131520,"date":"2026-01-02T11:46:07","date_gmt":"2026-01-02T11:46:07","guid":{"rendered":"https:\/\/www.europesays.com\/fi\/131520\/"},"modified":"2026-01-02T11:46:07","modified_gmt":"2026-01-02T11:46:07","slug":"prisma-laune-uudistuu-entista-paremmaksi","status":"publish","type":"post","link":"https:\/\/www.europesays.com\/fi\/131520\/","title":{"rendered":"Prisma Laune uudistuu entist\u00e4 paremmaksi"},"content":{"rendered":"<p><strong><\/p>\n<p>Lahden Prisma Launetta uudistetaan alkuvuoden aikana. Uudistusty\u00f6t alkavat n\u00e4ky\u00e4 asiakkaille heti tammikuun alussa.<\/p>\n<p><\/strong><\/p>\n<p>Prisma Launeella p\u00e4ivitet\u00e4\u00e4n osastoja ja uudistetaan niiden ilmett\u00e4. Ruokatori uudistuu ja on uudistust\u00f6iden ajan suljettuna.<\/p>\n<p>\u201dLauneella on eritt\u00e4in laaja valikoima ruokatuotteita. Tuotteiden esillepanoja parannetaan, esimerkiksi juomaosaston koko ja valikoima kasvavat\u201d, kertoo ryhm\u00e4p\u00e4\u00e4llikk\u00f6 <strong>Ville Kivinen<\/strong>.<\/p>\n<p>Kassa-alueen sujuvuutta kehitet\u00e4\u00e4n asiakkaiden toiveiden mukaisesti, muun muassa suosittujen itsepalvelukassojen m\u00e4\u00e4r\u00e4\u00e4 lis\u00e4t\u00e4\u00e4n kuudella kassalla.<\/p>\n<p>Energiatehokas myym\u00e4l\u00e4<\/p>\n<p>Kaikki Prisma Launeen kylm\u00e4laitteet vaihdetaan moderneihin ja energiatehokkaisiin malleihin, ja kylm\u00e4laitos vaihdetaan hiilidioksidilaitokseksi. Kylm\u00e4laitosten tuottama lauhdel\u00e4mp\u00f6 hy\u00f6dynnet\u00e4\u00e4n rakennuksen l\u00e4mmitt\u00e4miseen.<\/p>\n<p>Prisma Launeen investoinnin suuruus on noin seitsem\u00e4n miljoonaa euroa.<\/p>\n<p>Prisma palvelee normaalisti<\/p>\n<p>Prisma Laune palvelee normaalisti uudistust\u00f6iden ajan, vain Ruokatori on osan ajasta suljettuna. Myym\u00e4l\u00e4n uudistus valmistuu maaliskuussa.<\/p>\n<p>\u201dMy\u00f6s ruoan verkkokauppa palvelee normaalisti myym\u00e4l\u00e4uudistuksen ajan, joten voit tilata ruokaostokset helposti kotiovelle tai noudettavaksi Prisma Launeen noutolokerikkoon\u201d, Kivinen vinkkaa.<\/p>\n<p>Prisma Launeella on verkkokaupan myym\u00e4l\u00e4nouto ja kotiinkuljetus. Tilaa ruokaostokset ruoan verkkokaupasta <a href=\"http:\/\/S-kaupat.fi\" rel=\"nofollow noopener\" target=\"_blank\">S-kaupat.fi<\/a>.<\/p>\n","protected":false},"excerpt":{"rendered":"Lahden Prisma Launetta uudistetaan alkuvuoden aikana. Uudistusty\u00f6t alkavat n\u00e4ky\u00e4 asiakkaille heti tammikuun alussa. Prisma Launeella p\u00e4ivitet\u00e4\u00e4n osastoja ja&hellip;\n","protected":false},"author":2,"featured_media":131521,"comment_status":"","ping_status":"","sticky":false,"template":"","format":"standard","meta":{"footnotes":""},"categories":[76],"tags":[79,77,33,31,30,32,78],"class_list":{"0":"post-131520","1":"post","2":"type-post","3":"status-publish","4":"format-standard","5":"has-post-thumbnail","7":"category-talous","8":"tag-business","9":"tag-economy","10":"tag-fi","11":"tag-finland","12":"tag-finnish","13":"tag-suomi","14":"tag-talous"},"share_on_mastodon":{"url":"https:\/\/pubeurope.com\/@fi\/115825343478545840","error":""},"_links":{"self":[{"href":"https:\/\/www.europesays.com\/fi\/wp-json\/wp\/v2\/posts\/131520","targetHints":{"allow":["GET"]}}],"collection":[{"href":"https:\/\/www.europesays.com\/fi\/wp-json\/wp\/v2\/posts"}],"about":[{"href":"https:\/\/www.europesays.com\/fi\/wp-json\/wp\/v2\/types\/post"}],"author":[{"embeddable":true,"href":"https:\/\/www.europesays.com\/fi\/wp-json\/wp\/v2\/users\/2"}],"replies":[{"embeddable":true,"href":"https:\/\/www.europesays.com\/fi\/wp-json\/wp\/v2\/comments?post=131520"}],"version-history":[{"count":0,"href":"https:\/\/www.europesays.com\/fi\/wp-json\/wp\/v2\/posts\/131520\/revisions"}],"wp:featuredmedia":[{"embeddable":true,"href":"https:\/\/www.europesays.com\/fi\/wp-json\/wp\/v2\/media\/131521"}],"wp:attachment":[{"href":"https:\/\/www.europesays.com\/fi\/wp-json\/wp\/v2\/media?parent=131520"}],"wp:term":[{"taxonomy":"category","embeddable":true,"href":"https:\/\/www.europesays.com\/fi\/wp-json\/wp\/v2\/categories?post=131520"},{"taxonomy":"post_tag","embeddable":true,"href":"https:\/\/www.europesays.com\/fi\/wp-json\/wp\/v2\/tags?post=131520"}],"curies":[{"name":"wp","href":"https:\/\/api.w.org\/{rel}","templated":true}]}}