{"id":131526,"date":"2026-01-02T11:49:07","date_gmt":"2026-01-02T11:49:07","guid":{"rendered":"https:\/\/www.europesays.com\/fi\/131526\/"},"modified":"2026-01-02T11:49:07","modified_gmt":"2026-01-02T11:49:07","slug":"tellervo-koivisto-97-vuotta-ilta-sanomat","status":"publish","type":"post","link":"https:\/\/www.europesays.com\/fi\/131526\/","title":{"rendered":"Tellervo koivisto 97 vuotta &#8211; Ilta-Sanomat"},"content":{"rendered":"<p>Tellervo Koivisto ei juuri juhli merkkip\u00e4iv\u00e4\u00e4ns\u00e4.<\/p>\n<p class=\"article-body mb-nof-24 px-nof-16\">Rouva <a class=\"font-bold underline-offset-[0.12em] [text-decoration:var(--person-link-text-decoration)] ![text-decoration-color:var(--person-link-text-decoration-color)]\" href=\"https:\/\/www.is.fi\/haku\/?query=Tellervo%20Koivisto\" rel=\"nofollow noopener\" target=\"_blank\">Tellervo Koivisto<\/a> t\u00e4ytt\u00e4\u00e4 97 vuotta t\u00e4n\u00e4\u00e4n perjantaina 2. tammikuuta.<\/p>\n<p class=\"article-body mb-nof-24 px-nof-16\">Syntym\u00e4p\u00e4ivi\u00e4\u00e4n Koivisto ei juurikaan viet\u00e4, mutta kertoo kuulumisistaan ja voinnistaan Ilta-Sanomille pirte\u00e4n kuuloisesti.<\/p>\n<p class=\"article-body mb-nof-24 px-nof-16\">\u2013 Tammikuun toinen p\u00e4iv\u00e4 on aika huono p\u00e4iv\u00e4 yleisesti, joten en yleens\u00e4 oikein viet\u00e4 syntym\u00e4p\u00e4ivi\u00e4ni. Ehk\u00e4 viett\u00e4isin, jos syntym\u00e4p\u00e4iv\u00e4ni olisi jonakin muuna p\u00e4iv\u00e4n\u00e4, Koivisto kertoo kevyesti naurahtaen.<\/p>\n<p class=\"article-body mb-nof-24 px-nof-16\">Juhlissa olisi my\u00f6s kova j\u00e4rjest\u00e4minen, joten h\u00e4n viett\u00e4\u00e4 merkkip\u00e4iv\u00e4\u00e4ns\u00e4 kuten mit\u00e4 tahansa p\u00e4iv\u00e4\u00e4 kotonaan Helsingin Katajanokalla.<\/p>\n<p class=\"article-body mb-nof-24 px-nof-16\">Tosin joulun Koivisto vietti asumispalvelukeskus Wilhelmiinassa. Siell\u00e4 h\u00e4n on yleens\u00e4 kotihoitajiensa loma-aikoina, kuten jouluna.<\/p>\n<p class=\"article-body mb-nof-24 px-nof-16\">\u2013 Tulin Wilhelmiinasta aamulla. Join siell\u00e4 kahvit ja sitten saavuin kotiin. Nyt olen t\u00e4\u00e4ll\u00e4 taas hoitajien seuraavaan loma-aikaan. Kes\u00e4lomat, p\u00e4\u00e4si\u00e4iset ja vastaavat olen Wilhelmiinassa, joten se on tuttu paikka, Koivisto kertoo.<\/p>\n<p class=\"article-body mb-nof-24 px-nof-16\">Samaisessa palvelutalossa asui viimeisin\u00e4 aikoinaan my\u00f6s h\u00e4nen miehens\u00e4 presidentti <a class=\"font-bold underline-offset-[0.12em] [text-decoration:var(--person-link-text-decoration)] ![text-decoration-color:var(--person-link-text-decoration-color)]\" href=\"https:\/\/www.is.fi\/haku\/?query=Mauno%20Koivisto\" rel=\"nofollow noopener\" target=\"_blank\">Mauno Koivisto<\/a>, joka kuoli 93-vuotiaana vuonna 2017.<\/p>\n<p><img decoding=\"async\" src=\"https:\/\/www.europesays.com\/fi\/wp-content\/uploads\/2026\/01\/1767354547_798_468.jpg\" alt=\"Tellervo Koivisto uskoo, ett\u00e4 h\u00e4nen pitk\u00e4n ik\u00e4ns\u00e4 taustalla ovat geenit.\" class=\"_Img_1rerz_1\" style=\"aspect-ratio:1.5\" loading=\"eager\"\/><\/p>\n<p class=\"article-picture-caption\">Tellervo Koivisto uskoo, ett\u00e4 h\u00e4nen pitk\u00e4n ik\u00e4ns\u00e4 taustalla ovat geenit. Kuva:\u00a0Lassi Rinne<\/p>\n<p class=\"article-body mb-nof-24 px-nof-16\">Vointiaan Tellervo Koivisto kuvailee ik\u00e4\u00e4ns\u00e4 n\u00e4hden hyv\u00e4ksi.<\/p>\n<p class=\"article-body mb-nof-24 px-nof-16\">\u2013 Sairauksia olen aikalailla v\u00e4ltellyt, mutta itseni vahingoittamisessa olen viime vuosina ansioitunut. On ollut murtumia ja sen sellaista, Koivisto kertoo.<\/p>\n<p class=\"article-body mb-nof-24 px-nof-16\">Vuonna 2020 h\u00e4n joutui sairaalaan murrettuaan lonkkansa kaatumisen seurauksena. Nyt liikkuminen sujuu kuitenkin apuv\u00e4lineen turvin.<\/p>\n<p class=\"article-body mb-nof-24 px-nof-16\">\u2013 Rollaattorin avulla liikun, h\u00e4n kertoo.<\/p>\n<p class=\"article-body mb-nof-24 px-nof-16\">Aikaansa rouva Koivisto viett\u00e4\u00e4 mielell\u00e4\u00e4n lehti\u00e4 lukemalla.<\/p>\n<p class=\"article-body mb-nof-24 px-nof-16\">\u2013 Sen verran, mit\u00e4 heikentyneelt\u00e4 n\u00e4\u00f6lt\u00e4ni pystyn. Kirjojen lukeminen on oikeastaan j\u00e4\u00e4nyt, mutta sanomalehti\u00e4 luen mielell\u00e4ni.<\/p>\n<p class=\"article-body mb-nof-24 px-nof-16\">Pitk\u00e4n i\u00e4n salaisuutta Koivistolla ei kertomansa mukaan ole jakaa. H\u00e4n uskoo, ett\u00e4 on el\u00e4nyt pitk\u00e4n el\u00e4m\u00e4n geeniens\u00e4 ansiosta.<\/p>\n<p class=\"article-body mb-nof-24 px-nof-16\">\u2013 \u00c4idin puolella on sellaista pitk\u00e4ik\u00e4ist\u00e4 sukulinjaa. Minulla ei ole mit\u00e4\u00e4n sellaista ohjetta tai neuvoa, ett\u00e4 n\u00e4in el\u00e4m\u00e4ll\u00e4 voi el\u00e4\u00e4 pitk\u00e4\u00e4n.<\/p>\n<p class=\"article-body mb-nof-24 px-nof-16\">Koivisto kokee, ett\u00e4 el\u00e4m\u00e4 on viime vuosiin asti ollut mielek\u00e4st\u00e4.<\/p>\n<p class=\"article-body mb-nof-24 px-nof-16\">\u2013 On ollut paljon nautittavaa el\u00e4m\u00e4ss\u00e4, h\u00e4n toteaa.<\/p>\n","protected":false},"excerpt":{"rendered":"Tellervo Koivisto ei juuri juhli merkkip\u00e4iv\u00e4\u00e4ns\u00e4. Rouva Tellervo Koivisto t\u00e4ytt\u00e4\u00e4 97 vuotta t\u00e4n\u00e4\u00e4n perjantaina 2. tammikuuta. Syntym\u00e4p\u00e4ivi\u00e4\u00e4n Koivisto&hellip;\n","protected":false},"author":2,"featured_media":131527,"comment_status":"","ping_status":"","sticky":false,"template":"","format":"standard","meta":{"footnotes":""},"categories":[5],"tags":[22,23,26,27,33,31,30,17,34,24,25,28,29,15,18,21,32,19,20,16],"class_list":{"0":"post-131526","1":"post","2":"type-post","3":"status-publish","4":"format-standard","5":"has-post-thumbnail","7":"category-otsikot","8":"tag-breaking-news","9":"tag-breakingnews","10":"tag-featured-news","11":"tag-featurednews","12":"tag-fi","13":"tag-finland","14":"tag-finnish","15":"tag-headlines","16":"tag-ilta-sanomat","17":"tag-latest-news","18":"tag-latestnews","19":"tag-main-news","20":"tag-mainnews","21":"tag-news","22":"tag-otsikot","23":"tag-paauutiset","24":"tag-suomi","25":"tag-top-stories","26":"tag-topstories","27":"tag-uutiset"},"share_on_mastodon":{"url":"https:\/\/pubeurope.com\/@fi\/115825355198540638","error":""},"_links":{"self":[{"href":"https:\/\/www.europesays.com\/fi\/wp-json\/wp\/v2\/posts\/131526","targetHints":{"allow":["GET"]}}],"collection":[{"href":"https:\/\/www.europesays.com\/fi\/wp-json\/wp\/v2\/posts"}],"about":[{"href":"https:\/\/www.europesays.com\/fi\/wp-json\/wp\/v2\/types\/post"}],"author":[{"embeddable":true,"href":"https:\/\/www.europesays.com\/fi\/wp-json\/wp\/v2\/users\/2"}],"replies":[{"embeddable":true,"href":"https:\/\/www.europesays.com\/fi\/wp-json\/wp\/v2\/comments?post=131526"}],"version-history":[{"count":0,"href":"https:\/\/www.europesays.com\/fi\/wp-json\/wp\/v2\/posts\/131526\/revisions"}],"wp:featuredmedia":[{"embeddable":true,"href":"https:\/\/www.europesays.com\/fi\/wp-json\/wp\/v2\/media\/131527"}],"wp:attachment":[{"href":"https:\/\/www.europesays.com\/fi\/wp-json\/wp\/v2\/media?parent=131526"}],"wp:term":[{"taxonomy":"category","embeddable":true,"href":"https:\/\/www.europesays.com\/fi\/wp-json\/wp\/v2\/categories?post=131526"},{"taxonomy":"post_tag","embeddable":true,"href":"https:\/\/www.europesays.com\/fi\/wp-json\/wp\/v2\/tags?post=131526"}],"curies":[{"name":"wp","href":"https:\/\/api.w.org\/{rel}","templated":true}]}}