{"id":131528,"date":"2026-01-02T12:01:07","date_gmt":"2026-01-02T12:01:07","guid":{"rendered":"https:\/\/www.europesays.com\/fi\/131528\/"},"modified":"2026-01-02T12:01:07","modified_gmt":"2026-01-02T12:01:07","slug":"il-pia-penttalalla-todettiin-flimmeri","status":"publish","type":"post","link":"https:\/\/www.europesays.com\/fi\/131528\/","title":{"rendered":"IL: Pia Penttalalla todettiin flimmeri"},"content":{"rendered":"<p>Penttala kertoo IL:lle, ett\u00e4 on joutunut totuttelemaan sairauksiinsa.<\/p>\n<p class=\"article-body mb-nof-24 px-nof-16\">Supernanny <a class=\"font-bold underline-offset-[0.12em] [text-decoration:var(--person-link-text-decoration)] ![text-decoration-color:var(--person-link-text-decoration-color)]\" href=\"https:\/\/www.is.fi\/haku\/?query=Pia%20Penttalalla\" rel=\"nofollow noopener\" target=\"_blank\">Pia Penttalalla<\/a>, 55, todettiin reilu vuosi sitten syd\u00e4men eteiskammion v\u00e4rin\u00e4.<\/p>\n<p class=\"article-body mb-nof-24 px-nof-16\">H\u00e4n kertoo asiasta<a class=\"underline underline-offset-[0.12em] [text-decoration-thickness:var(--generic-link-underline-thickness)] [text-decoration-color:var(--generic-link-underline-color)] [text-decoration-skip-ink:var(--generic-link-underline-skip-ink)] break-words\" href=\"https:\/\/www.iltalehti.fi\/viihdeuutiset\/a\/6051d449-b782-4496-ae84-ad3fdb1b9476\" rel=\"nofollow noopener\" target=\"_blank\"> Iltalehden <\/a>Hyv\u00e4 olo -lehdess\u00e4.<\/p>\n<p class=\"article-body mb-nof-24 px-nof-16\">\u2013 L\u00e4\u00e4k\u00e4ri kuuli syd\u00e4mest\u00e4ni oudon \u00e4\u00e4nen, h\u00e4n sanoo lehdess\u00e4.<\/p>\n<p class=\"article-body mb-nof-24 px-nof-16\"><a class=\"underline underline-offset-[0.12em] [text-decoration-thickness:var(--generic-link-underline-thickness)] [text-decoration-color:var(--generic-link-underline-color)] [text-decoration-skip-ink:var(--generic-link-underline-skip-ink)] break-words\" href=\"https:\/\/www.terveyskirjasto.fi\/khp00103\" rel=\"nofollow noopener\" target=\"_blank\">Eteisv\u00e4rin\u00e4 eli flimmeri<\/a> on syd\u00e4men rytmih\u00e4iri\u00f6, jossa syd\u00e4men rytmi muuttuu nopeaksi ja ep\u00e4s\u00e4\u00e4nn\u00f6lliseksi. Oireita voivat olla esimerkiksi v\u00e4symys, ahdistava olo ja huimaus. Penttala kertoo IL:ss\u00e4 tunteneensa olonsa kuukausien ajan \u201dhirve\u00e4n v\u00e4syneeksi\u201d ennen diagnoosia.<\/p>\n<p class=\"article-body mb-nof-24 px-nof-16\">T\u00e4t\u00e4 aiemmin Penttalalla oli todettu my\u00f6s verenpainetauti.<\/p>\n<p class=\"article-body mb-nof-24 px-nof-16\">\u2013 Luulin olevani t\u00e4ysin terve ihminen. Tajusin olleeni k\u00e4velev\u00e4 aikapommi, h\u00e4n toteaa diagnooseistaan lehdess\u00e4.<\/p>\n<p class=\"article-body mb-nof-24 px-nof-16\">\u2013 Totuttelen el\u00e4m\u00e4\u00e4n n\u00e4iden sairauksien kanssa. Olen eritt\u00e4in s\u00e4ntillinen l\u00e4\u00e4kityksen kanssa ja k\u00e4yn puolen vuoden v\u00e4lein terveystarkastuksessa, Penttala summaa el\u00e4m\u00e4ns\u00e4 diagnoosien kanssa IL:ss\u00e4.<\/p>\n<p class=\"article-body mb-nof-24 px-nof-16\">Eteisv\u00e4rin\u00e4 on <a class=\"underline underline-offset-[0.12em] [text-decoration-thickness:var(--generic-link-underline-thickness)] [text-decoration-color:var(--generic-link-underline-color)] [text-decoration-skip-ink:var(--generic-link-underline-skip-ink)] break-words\" href=\"https:\/\/www.terveyskirjasto.fi\/dlk00015\" rel=\"nofollow noopener\" target=\"_blank\">Terveyskirjaston<\/a> mukaan yleisin leisin hoitoa vaativa rytmih\u00e4iri\u00f6, ja sen esiintyvyys aikuisilla on 2\u20134 %.<\/p>\n<p class=\"article-body mb-nof-24 px-nof-16\">Eteisv\u00e4rin\u00e4 yleistyy ik\u00e4\u00e4ntyess\u00e4.<\/p>\n<p class=\"article-body mb-nof-24 px-nof-16\"><a class=\"underline underline-offset-[0.12em] [text-decoration-thickness:var(--generic-link-underline-thickness)] [text-decoration-color:var(--generic-link-underline-color)] [text-decoration-skip-ink:var(--generic-link-underline-skip-ink)] break-words\" href=\"https:\/\/sydan.fi\/fakta\/eteisvarina\/\" rel=\"nofollow noopener\" target=\"_blank\">Syd\u00e4nliiton<\/a> mukaan jopa joka nelj\u00e4s yli 40-vuotiaista suomalaisista kokee eteisv\u00e4rin\u00e4n el\u00e4m\u00e4ns\u00e4 aikana.<\/p>\n<p class=\"article-body mb-nof-24 px-nof-16\">Pia Penttala kertoi verenpainetaudistaan my\u00f6s IS:lle kev\u00e4\u00e4ll\u00e4 2024.<\/p>\n<p class=\"article-body mb-nof-24 px-nof-16\">Se todettiin vuonna 2019. Sen seurauksena h\u00e4n hakeutui lihavuusleikkaukseen.<\/p>\n<p class=\"article-body mb-nof-24 px-nof-16\">\u2013 Olen ollut aina kova liikkumaan ja sy\u00f6nyt hyvin. Mutta se oli vahvasti perinn\u00f6llist\u00e4. Olin ollut jo vuosia aikuisi\u00e4ll\u00e4 isokokoinen. Mietin, ett\u00e4 viisikymppisen\u00e4 on teht\u00e4v\u00e4 jotain, h\u00e4n sanoi IS:lle.<\/p>\n<p class=\"article-body mb-nof-24 px-nof-16\">Leikkaus sujui hyvin ja h\u00e4n toipui siit\u00e4 ripe\u00e4sti.<\/p>\n<p class=\"article-body mb-nof-24 px-nof-16\">Silti el\u00e4m\u00e4ntavat meniv\u00e4t remonttiin.<\/p>\n<p class=\"article-body mb-nof-24 px-nof-16\">\u2013 Paha tapani on ollut sy\u00f6d\u00e4 liian nopeasti. Ruokavalio on v\u00e4lill\u00e4 lipsahtanut yksipuoliseksi. Niin k\u00e4vi leikkauksen j\u00e4lkeenkin. Viimeksi viime viikolla mietin, ett\u00e4 nyt on taas eletty pelk\u00e4ll\u00e4 leiv\u00e4ll\u00e4.<\/p>\n<p class=\"article-body mb-nof-24 px-nof-16\">\u2013 Pit\u00e4\u00e4 aktiivisesti muistuttaa itse\u00e4\u00e4n. Ei leikkaus ole mik\u00e4\u00e4n taikatemppu, Penttala kertoi IS:lle kev\u00e4\u00e4ll\u00e4 2024.<\/p>\n","protected":false},"excerpt":{"rendered":"Penttala kertoo IL:lle, ett\u00e4 on joutunut totuttelemaan sairauksiinsa. Supernanny Pia Penttalalla, 55, todettiin reilu vuosi sitten syd\u00e4men eteiskammion&hellip;\n","protected":false},"author":2,"featured_media":131529,"comment_status":"","ping_status":"","sticky":false,"template":"","format":"standard","meta":{"footnotes":""},"categories":[136],"tags":[407,137,33,31,30,34,408,32,109],"class_list":{"0":"post-131528","1":"post","2":"type-post","3":"status-publish","4":"format-standard","5":"has-post-thumbnail","7":"category-julkkikset","8":"tag-celebrities","9":"tag-entertainment","10":"tag-fi","11":"tag-finland","12":"tag-finnish","13":"tag-ilta-sanomat","14":"tag-julkkikset","15":"tag-suomi","16":"tag-viihde"},"share_on_mastodon":{"url":"https:\/\/pubeurope.com\/@fi\/115825402347202833","error":""},"_links":{"self":[{"href":"https:\/\/www.europesays.com\/fi\/wp-json\/wp\/v2\/posts\/131528","targetHints":{"allow":["GET"]}}],"collection":[{"href":"https:\/\/www.europesays.com\/fi\/wp-json\/wp\/v2\/posts"}],"about":[{"href":"https:\/\/www.europesays.com\/fi\/wp-json\/wp\/v2\/types\/post"}],"author":[{"embeddable":true,"href":"https:\/\/www.europesays.com\/fi\/wp-json\/wp\/v2\/users\/2"}],"replies":[{"embeddable":true,"href":"https:\/\/www.europesays.com\/fi\/wp-json\/wp\/v2\/comments?post=131528"}],"version-history":[{"count":0,"href":"https:\/\/www.europesays.com\/fi\/wp-json\/wp\/v2\/posts\/131528\/revisions"}],"wp:featuredmedia":[{"embeddable":true,"href":"https:\/\/www.europesays.com\/fi\/wp-json\/wp\/v2\/media\/131529"}],"wp:attachment":[{"href":"https:\/\/www.europesays.com\/fi\/wp-json\/wp\/v2\/media?parent=131528"}],"wp:term":[{"taxonomy":"category","embeddable":true,"href":"https:\/\/www.europesays.com\/fi\/wp-json\/wp\/v2\/categories?post=131528"},{"taxonomy":"post_tag","embeddable":true,"href":"https:\/\/www.europesays.com\/fi\/wp-json\/wp\/v2\/tags?post=131528"}],"curies":[{"name":"wp","href":"https:\/\/api.w.org\/{rel}","templated":true}]}}