{"id":131530,"date":"2026-01-02T12:04:07","date_gmt":"2026-01-02T12:04:07","guid":{"rendered":"https:\/\/www.europesays.com\/fi\/131530\/"},"modified":"2026-01-02T12:04:07","modified_gmt":"2026-01-02T12:04:07","slug":"suosikkisarja-paattyi-fanit-pettyneita-viimeiseen-jaksoon-iltalehti","status":"publish","type":"post","link":"https:\/\/www.europesays.com\/fi\/131530\/","title":{"rendered":"Suosikkisarja p\u00e4\u00e4ttyi \u2013 Fanit pettyneit\u00e4 viimeiseen jaksoon &#8211; Iltalehti"},"content":{"rendered":"<ol>\n<li><a href=\"https:\/\/news.google.com\/rss\/articles\/CBMiggFBVV95cUxONkpRWDMxQ2pCTUE3ZmRHWDJyYWhpWnR2dFVCRG1IaGFsSTZEakpUX0ZyVDdTZE9pT1l3ZHNsYzc2VUxoLUZqTjJyX3h6UVA0SHdpNy10WWVzbmdNenVtNm1EZjhiZjJJVkp3Z29IZ2ltbVZuaDgxX0ZEdlRSdUtxdzVR?oc=5\" target=\"_blank\" rel=\"nofollow noopener\">Suosikkisarja p\u00e4\u00e4ttyi \u2013 Fanit pettyneit\u00e4 viimeiseen jaksoon<\/a>&nbsp;&nbsp;Iltalehti<\/li>\n<li><a href=\"https:\/\/news.google.com\/rss\/articles\/CBMi2wFBVV95cUxNT1pvOHNZZHE3dDVUNzdzWWloY0hMb3pMeVlfU3FKZlgzUFRkMGN4MFd3UHJQZHNmZXVBdmlQZFktY09wOFl2emswSlFQUTJpNHgyUlRYTlZFd2IwaU5Ia2R2VnZUdzlRMGxJeC03ZG51cVZFQUhFaUNMQkVicV9DLUZDTGlRekJGX1hHMzdMUDM3emlIZTRvaTlvRkh5bW1JbmF5V0NXMm5PSDRra0haNEpyYnp0dWFHZnBzRjNoX1pCUFB5blBXd05BVVNobHFoc0VhMXJyNEdZcVU?oc=5\" target=\"_blank\" rel=\"nofollow noopener\">Arvostelupommituksen kohteeksi joutunut Stranger Things myy n\u00e4yt\u00f6kset loppuun \u2013 finaalijakso n\u00e4hd\u00e4\u00e4n teattereissa<\/a>&nbsp;&nbsp;Episodi.fi<\/li>\n<li><a href=\"https:\/\/news.google.com\/rss\/articles\/CBMiVkFVX3lxTFB2Q0stcDZ3dEZEcHRBUWFHcUc3c1RuTGtQU3M2elM2WEFtY1VVc0VySHFBZ2s1U0lJTkVVMVVUREM1cktPbkcxUFRrZ2M3UFpjcEpsQThR?oc=5\" target=\"_blank\" rel=\"nofollow noopener\">Luka Lipposen n\u00e4k\u00f6kulma | Yhdeks\u00e4ss\u00e4 vuodessa Stranger Things kasvoi ilmi\u00f6ksi \u2013 kaikki p\u00e4\u00e4ttyy uudenvuodenp\u00e4iv\u00e4n viimeiseen jaksoon<\/a>&nbsp;&nbsp;Etel\u00e4-Suomen Sanomat<\/li>\n<li><a href=\"https:\/\/news.google.com\/rss\/articles\/CBMi5gFBVV95cUxQNUYzOGhrbGJ1SGlTcmxvU3k0cWRRM05YVndhZHlwMFFiQmpYOUp1bkFQWkx3VmZISlVPdExvd3JnU3VBTFZURmZLSXpTQU1XTDRqMnJSQ0tETUR3MVVCd0tJNm9TZy1OUzQ5VnFLcVpxbGpXRzJmUU03WnR6emYwZjVJSkNOMUpIYlRBcGZCZzI1NFFYTEpxWURQNVc3ZDFrLUNESUszZnMxUXdfaW9NdTdKY0M0dGV5ejFXbG5JNWxxa1dEUU53enVsVlFFUWJ2eU1uZWtjVEMzQkxQdlhrNVV5Vy1Odw?oc=5\" target=\"_blank\" rel=\"nofollow noopener\">Stranger Things on nyt katsottavissa kokonaisuutena \u2013 Viimeinen jakso julkaistiin Netflixiss\u00e4 viime y\u00f6n\u00e4<\/a>&nbsp;&nbsp;Muropaketti.com<\/li>\n<li><a href=\"https:\/\/news.google.com\/rss\/articles\/CBMijwFBVV95cUxQR3FQNDBBZTkyaGlpQzRHZVlpMWJsSUxQYWlISlJ6V0JVcWpQc2pBbnNleFd2SXhIT0ctVm5Wb0VRdFNUbG1ya3o4TmxGdjZqR3ZHUVBYSG5qS1hOZmdoajdPZEdjeGZxM2d3Y3k4aXEzTk1QR0dVejl2V2UyWUh4NHhuSXJVa0V2WmpGbjRCUQ?oc=5\" target=\"_blank\" rel=\"nofollow noopener\">Stranger Thingsin p\u00e4\u00e4t\u00f6s sai katsojat j\u00e4rkyttym\u00e4\u00e4n<\/a>&nbsp;&nbsp;Seiska.fi<\/li>\n<\/ol>\n","protected":false},"excerpt":{"rendered":"Suosikkisarja p\u00e4\u00e4ttyi \u2013 Fanit pettyneit\u00e4 viimeiseen jaksoon&nbsp;&nbsp;Iltalehti Arvostelupommituksen kohteeksi joutunut Stranger Things myy n\u00e4yt\u00f6kset loppuun \u2013 finaalijakso n\u00e4hd\u00e4\u00e4n&hellip;\n","protected":false},"author":2,"featured_media":126557,"comment_status":"","ping_status":"","sticky":false,"template":"","format":"standard","meta":{"footnotes":""},"categories":[133],"tags":[35,137,33,31,30,2118,2121,32,206,2120,156,2119,2117,109],"class_list":{"0":"post-131530","1":"post","2":"type-post","3":"status-publish","4":"format-standard","5":"has-post-thumbnail","7":"category-televisiot","8":"tag-24h","9":"tag-entertainment","10":"tag-fi","11":"tag-finland","12":"tag-finnish","13":"tag-internetvideopalvelut","14":"tag-median-suoratoisto","15":"tag-suomi","16":"tag-televisiot","17":"tag-tilausvideo-video-on-demand","18":"tag-tv","19":"tag-videokuvaus","20":"tag-videon-suoratoisto","21":"tag-viihde"},"share_on_mastodon":{"url":"https:\/\/pubeurope.com\/@fi\/115825414170363611","error":""},"_links":{"self":[{"href":"https:\/\/www.europesays.com\/fi\/wp-json\/wp\/v2\/posts\/131530","targetHints":{"allow":["GET"]}}],"collection":[{"href":"https:\/\/www.europesays.com\/fi\/wp-json\/wp\/v2\/posts"}],"about":[{"href":"https:\/\/www.europesays.com\/fi\/wp-json\/wp\/v2\/types\/post"}],"author":[{"embeddable":true,"href":"https:\/\/www.europesays.com\/fi\/wp-json\/wp\/v2\/users\/2"}],"replies":[{"embeddable":true,"href":"https:\/\/www.europesays.com\/fi\/wp-json\/wp\/v2\/comments?post=131530"}],"version-history":[{"count":0,"href":"https:\/\/www.europesays.com\/fi\/wp-json\/wp\/v2\/posts\/131530\/revisions"}],"wp:featuredmedia":[{"embeddable":true,"href":"https:\/\/www.europesays.com\/fi\/wp-json\/wp\/v2\/media\/126557"}],"wp:attachment":[{"href":"https:\/\/www.europesays.com\/fi\/wp-json\/wp\/v2\/media?parent=131530"}],"wp:term":[{"taxonomy":"category","embeddable":true,"href":"https:\/\/www.europesays.com\/fi\/wp-json\/wp\/v2\/categories?post=131530"},{"taxonomy":"post_tag","embeddable":true,"href":"https:\/\/www.europesays.com\/fi\/wp-json\/wp\/v2\/tags?post=131530"}],"curies":[{"name":"wp","href":"https:\/\/api.w.org\/{rel}","templated":true}]}}