{"id":131531,"date":"2026-01-02T12:06:08","date_gmt":"2026-01-02T12:06:08","guid":{"rendered":"https:\/\/www.europesays.com\/fi\/131531\/"},"modified":"2026-01-02T12:06:08","modified_gmt":"2026-01-02T12:06:08","slug":"silminnakijat-kertovat-sadesuihkuista-samppanjapulloissa-ja-kapeasta-reitista-ulos","status":"publish","type":"post","link":"https:\/\/www.europesays.com\/fi\/131531\/","title":{"rendered":"Silminn\u00e4kij\u00e4t kertovat s\u00e4desuihkuista samppanjapulloissa ja kapeasta reitist\u00e4 ulos"},"content":{"rendered":"<p>Sveitsin ravintolapalo|Koko y\u00f6kerho oli tulessa kymmeness\u00e4 sekunnissa, silminn\u00e4kij\u00e4 kertoo. Kokosimme yhteen, mit\u00e4 tuhoisan tulipalon etenemisest\u00e4 tiedet\u00e4\u00e4n.<\/p>\n<p>Lue tiivistelm\u00e4<\/p>\n<p class=\"article-body mb-nof-24 px-nof-16 sndp-summary-bullet-point-font\">Sveitsin Crans-Montanan y\u00f6kerhossa sattuneessa tulipalossa on kuollut ainakin 40 ihmist\u00e4 ja yli 100 on loukkaantunut.<\/p>\n<p class=\"article-body mb-nof-24 px-nof-16 sndp-summary-bullet-point-font\">Tulipalo sai alkunsa uudenvuodeny\u00f6n\u00e4 puoli kahdelta.<\/p>\n<p class=\"article-body mb-nof-24 px-nof-16 sndp-summary-bullet-point-font\">Viranomaiset selvitt\u00e4v\u00e4t oliko taustalla niin sanottu flashover-ilmi\u00f6, jossa kaikki huoneessa oleva materiaali syttyy palamaan l\u00e4hes yht\u00e4 aikaa.<\/p>\n<p class=\"article-body mb-nof-24 px-nof-16 sndp-summary-bullet-point-font\">Silminn\u00e4kij\u00e4n mukaan koko y\u00f6kerho oli tulessa kymmeness\u00e4 sekunnissa. Kapeiden rappusten kerrottiin vaikeuttaneen ihmisten pakoa.<\/p>\n<p class=\"article-body mb-nof-24 px-nof-16\">Sveitsil\u00e4is- ja ranskalaismedioissa levinnyt kuva n\u00e4ytt\u00e4\u00e4 juhlijoita k\u00e4siss\u00e4\u00e4n s\u00e4desuihkuilla varustettuja samppanja- tai kuohuviinipulloja. He nostavat kipin\u00f6ivi\u00e4 pulloja yl\u00f6s. Katossa oleva materiaali n\u00e4ytt\u00e4\u00e4 syttyneen tuleen.<\/p>\n<p class=\"article-body mb-nof-24 px-nof-16\">Tilanne on v\u00e4itetysti hetki, jolloin tulipalo sai alkunsa sveitsil\u00e4isess\u00e4 y\u00f6kerhossa torstain vastaisena y\u00f6n\u00e4. HS ei ole pystynyt varmistamaan kuvan aitoutta ja alkuper\u00e4\u00e4.<\/p>\n<p class=\"article-body mb-nof-24 px-nof-16\">Y\u00f6kerhon tulipalossa kuoli ainakin 40 ihmist\u00e4 ja yli 100 loukkaantui. Monet uhreista ovat nuoria. Vakavien palovammojen takia heid\u00e4n tunnistamisensa voi kest\u00e4\u00e4 p\u00e4ivi\u00e4. Tragediaa on luonnehdittu yhdeksi Sveitsin historian pahimmaksi.<\/p>\n<p class=\"article-body mb-nof-24 px-nof-16\">Viranomaiset eiv\u00e4t ole viel\u00e4 vahvistaneet syyt\u00e4 onnettomuudelle.<\/p>\n<p class=\"article-body mb-nof-24 px-nof-16\">Kokosimme yhteen, mit\u00e4 tapahtumien kulusta tiedet\u00e4\u00e4n. Ep\u00e4varmuuksia on viel\u00e4 paljon.<\/p>\n<p><img decoding=\"async\" src=\"https:\/\/www.europesays.com\/fi\/wp-content\/uploads\/2026\/01\/1767355568_846_468.jpg\" alt=\"Le Constellation -y\u00f6kerhon Youtubessa julkaistussa mainosvideossa n\u00e4kyy s\u00e4desuihkulla varustettuja pulloja.\" class=\"_Img_1rerz_1\" style=\"aspect-ratio:1\" loading=\"eager\"\/><\/p>\n<p class=\"article-picture-caption\">Le Constellation -y\u00f6kerhon Youtubessa julkaistussa mainosvideossa n\u00e4kyy s\u00e4desuihkulla varustettuja pulloja. Kuva:\u00a0Kuvakaappaus Constellationcransmontana-Youtube-kanavalta<\/p>\n<p class=\"article-body mb-nof-24 px-nof-16\">Vuosi oli jo vaihtunut ja tunnelma Le Constellation -y\u00f6kerhossa oli riehakas.<\/p>\n<p class=\"article-body mb-nof-24 px-nof-16\">Y\u00f6kerho sijaitsee ylelliseksi alppilomakohteeksi kutsutussa Crans-Montanan kunnassa Sveitsin ranskankielisell\u00e4 alueella.<\/p>\n<p class=\"article-body mb-nof-24 px-nof-16\">Ihmiset tanssivat ja joivat samppanjaa. Riehakkaimmat olivat kiivenneet toistensa hartioille, mahdollisesti my\u00f6s tarjoilijat, joiden kerrottiin kantaneen s\u00e4desuihkuilla varustettuja samppanjapulloja.<\/p>\n<p class=\"article-body mb-nof-24 px-nof-16\">Yht\u00e4kki\u00e4 noin puoli kahdelta aamuy\u00f6ll\u00e4 tulipalo sai alkunsa. Se mahdollisesti syttyi kaksikerroksisen y\u00f6kerhon alakerrassa sijaitsevan baarin l\u00e4heisyydess\u00e4. Tulen kerrottiin levinneen eritt\u00e4in nopeasti. Silminn\u00e4kij\u00e4 kertoi kuulleensa suuren r\u00e4j\u00e4hdyksen, jota seurasi paljon savua.<\/p>\n<p class=\"article-body mb-nof-24 px-nof-16\">Pelastusviranomaiset kutsuttiin paikalle.<\/p>\n<p class=\"article-body mb-nof-24 px-nof-16\">Viranomaiset selvitt\u00e4v\u00e4t, vaikuttiko tuhoisan onnettomuuden taustalla \u201dflashover\u201d-niminen ilmi\u00f6. Flashoverissa eli suomeksi lieskahduksessa kaikki huoneessa oleva materiaali syttyy palamaan l\u00e4hes yht\u00e4 aikaa.<\/p>\n<p class=\"article-body mb-nof-24 px-nof-16\">Silminn\u00e4kij\u00f6iden mukaan tilanne y\u00f6kerhossa muuttui hetkess\u00e4 kaaokseksi ja paniikiksi. Jotkut yrittiv\u00e4t aluksi tukahduttaa liekkej\u00e4 paidoillaan. Kymmeness\u00e4 sekunnissa koko y\u00f6kerho oli tulessa, yksi silminn\u00e4kij\u00e4 totesi.<\/p>\n<p class=\"article-body mb-nof-24 px-nof-16\">Ihmiset huusivat ja pyrkiv\u00e4t pois paikalta. Ikkunoita ja pleksilaseja rikottiin. Savua tuli silmiin ja ihmisill\u00e4 oli vaikea hengitt\u00e4\u00e4. N\u00e4kyi vain keltaista, oranssia ja punaista.<\/p>\n<p class=\"article-body mb-nof-24 px-nof-16\">\u201dN\u00e4in ihmisten palavan p\u00e4\u00e4st\u00e4 jalkoihin, heill\u00e4 ei ollut en\u00e4\u00e4 vaatteita\u201d, yksi silminn\u00e4kij\u00e4 <a class=\"underline underline-offset-[0.12em] [text-decoration-thickness:var(--generic-link-underline-thickness)] [text-decoration-color:var(--generic-link-underline-color)] [text-decoration-skip-ink:var(--generic-link-underline-skip-ink)] break-words\" href=\"https:\/\/www.bbc.com\/news\/articles\/clyml77ml7jo\" rel=\"nofollow noopener\" target=\"_blank\">kertoi.<\/a><\/p>\n<p class=\"article-body mb-nof-24 px-nof-16\">Useita ihmisi\u00e4 makasi maassa, mahdollisesti kuolleena. N\u00e4kym\u00e4n kerrottiin olleen kuin kauhuelokuvasta.<\/p>\n<p><img decoding=\"async\" src=\"https:\/\/images.sanoma-sndp.fi\/d22a581435f85f1208ac8c81e2c5b53f.svg\" alt=\"\" class=\"_Img_1rerz_1\" style=\"aspect-ratio:0.8866666666666667\" loading=\"eager\"\/><\/p>\n<p class=\"article-body mb-nof-24 px-nof-16\">Useat silminn\u00e4kij\u00e4t mainitsevat baarin alakerrasta yl\u00f6s vievien rappusten olleen kapeat, mik\u00e4 hidasti pakenemista. Ihmisten kerrotaan tallautuneen toistensa alle.<\/p>\n<p class=\"article-body mb-nof-24 px-nof-16\">Ohikulkijat ja pelastusty\u00f6ntekij\u00e4t vetiv\u00e4t ihmisi\u00e4 pois y\u00f6kerhosta. Paikalle kutsuttiin 40 ambulanssia ja 10 helikopteria.<\/p>\n<p class=\"article-body mb-nof-24 px-nof-16\">Loukkaantuneita vietiin sairaalahoitoon ymp\u00e4ri Sveitsi\u00e4 ja naapurimaita.<\/p>\n<p class=\"article-body mb-nof-24 px-nof-16\">Tunnelma Crans-Montanassa oli torstai-iltana mykistynyt, kun ihmiset kunnioittivat uhrien muistoa ja laskivat kynttil\u00f6it\u00e4 y\u00f6kerhon edustalle.<\/p>\n<p><img decoding=\"async\" src=\"https:\/\/www.europesays.com\/fi\/wp-content\/uploads\/2026\/01\/1767355568_261_468.jpg\" alt=\"Tulipallo mahdollisesti syttyi kaksikerroksisen y\u00f6kerhon alakerrassa sijaitsevan baarin l\u00e4heisyydess\u00e4. Videon on alun perin julkaissut brittilehti The Guardian.\" class=\"_Img_1rerz_1\" style=\"aspect-ratio:1\" loading=\"eager\"\/><\/p>\n<p class=\"article-picture-caption\">Tulipallo mahdollisesti syttyi kaksikerroksisen y\u00f6kerhon alakerrassa sijaitsevan baarin l\u00e4heisyydess\u00e4. Videon on alun perin julkaissut brittilehti The Guardian. Kuva:\u00a0Kuvakaappaus sosiaalisen median videolta<\/p>\n<p><img decoding=\"async\" src=\"https:\/\/images.sanoma-sndp.fi\/1e499e1316e972ee859b3b386ab9f941.svg\" alt=\"\" class=\"_Img_1rerz_1\" style=\"aspect-ratio:1.32\" loading=\"eager\"\/><\/p>\n<p class=\"article-body nof-ui-body-medium mb-nof-24 px-nof-16\">Artikkelin l\u00e4hteet: BFM, Blick, CNN, BBC, The Guardian, Reuters<\/p>\n","protected":false},"excerpt":{"rendered":"Sveitsin ravintolapalo|Koko y\u00f6kerho oli tulessa kymmeness\u00e4 sekunnissa, silminn\u00e4kij\u00e4 kertoo. Kokosimme yhteen, mit\u00e4 tuhoisan tulipalon etenemisest\u00e4 tiedet\u00e4\u00e4n. Lue tiivistelm\u00e4&hellip;\n","protected":false},"author":2,"featured_media":131532,"comment_status":"","ping_status":"","sticky":false,"template":"","format":"standard","meta":{"footnotes":""},"categories":[131],"tags":[155,137,33,173,31,30,46,172,32,109],"class_list":{"0":"post-131531","1":"post","2":"type-post","3":"status-publish","4":"format-standard","5":"has-post-thumbnail","7":"category-elokuvat","8":"tag-elokuvat","9":"tag-entertainment","10":"tag-fi","11":"tag-film","12":"tag-finland","13":"tag-finnish","14":"tag-helsingin-sanomat","15":"tag-movies","16":"tag-suomi","17":"tag-viihde"},"share_on_mastodon":{"url":"https:\/\/pubeurope.com\/@fi\/115825422148815429","error":""},"_links":{"self":[{"href":"https:\/\/www.europesays.com\/fi\/wp-json\/wp\/v2\/posts\/131531","targetHints":{"allow":["GET"]}}],"collection":[{"href":"https:\/\/www.europesays.com\/fi\/wp-json\/wp\/v2\/posts"}],"about":[{"href":"https:\/\/www.europesays.com\/fi\/wp-json\/wp\/v2\/types\/post"}],"author":[{"embeddable":true,"href":"https:\/\/www.europesays.com\/fi\/wp-json\/wp\/v2\/users\/2"}],"replies":[{"embeddable":true,"href":"https:\/\/www.europesays.com\/fi\/wp-json\/wp\/v2\/comments?post=131531"}],"version-history":[{"count":0,"href":"https:\/\/www.europesays.com\/fi\/wp-json\/wp\/v2\/posts\/131531\/revisions"}],"wp:featuredmedia":[{"embeddable":true,"href":"https:\/\/www.europesays.com\/fi\/wp-json\/wp\/v2\/media\/131532"}],"wp:attachment":[{"href":"https:\/\/www.europesays.com\/fi\/wp-json\/wp\/v2\/media?parent=131531"}],"wp:term":[{"taxonomy":"category","embeddable":true,"href":"https:\/\/www.europesays.com\/fi\/wp-json\/wp\/v2\/categories?post=131531"},{"taxonomy":"post_tag","embeddable":true,"href":"https:\/\/www.europesays.com\/fi\/wp-json\/wp\/v2\/tags?post=131531"}],"curies":[{"name":"wp","href":"https:\/\/api.w.org\/{rel}","templated":true}]}}