{"id":131533,"date":"2026-01-02T12:07:07","date_gmt":"2026-01-02T12:07:07","guid":{"rendered":"https:\/\/www.europesays.com\/fi\/131533\/"},"modified":"2026-01-02T12:07:07","modified_gmt":"2026-01-02T12:07:07","slug":"tuore-tutkimus-valottaa-miten-elimisto-varastoi-rasvaa-ja-miten-lihavuutta-ja-diabetesta-voi-hoitaa","status":"publish","type":"post","link":"https:\/\/www.europesays.com\/fi\/131533\/","title":{"rendered":"Tuore tutkimus valottaa, miten elimist\u00f6 varastoi rasvaa \u2013 ja miten lihavuutta ja diabetesta voi hoitaa"},"content":{"rendered":"<p>P\u00e4\u00e4st\u00e4kseen jyv\u00e4lle adipogeniinin toiminnasta tutkijat tarkastelivat molekyylien toimintaa atomitasolla.<\/p>\n<p>K\u00e4vi ilmi, ett\u00e4 adipogeniini sitoutuu seipiiniin ja vahvistaa sen rakennetta niin, ett\u00e4 rasvapisarat voivat varastoitua rasvasoluihin.<\/p>\n<p>Tietyt geenit lis\u00e4\u00e4v\u00e4t adipogeniinin erittymist\u00e4. Niill\u00e4 hiirill\u00e4, joilla oli t\u00e4llaiset geenit, oli suurempia rasvapisaroita ja rasvasoluissaan enemm\u00e4n rasvaa kuin muilla. Vastaavasti niill\u00e4 hiirill\u00e4, joilla proteiini erittyi v\u00e4h\u00e4n, oli v\u00e4hemm\u00e4n rasvaa ja rasvapisarat olivat pienempi\u00e4, <a href=\"https:\/\/www.science.org\/doi\/10.1126\/science.adr9755\" class=\"hover:font-bold\" rel=\"nofollow noopener\" target=\"_blank\">tutkimuksessa<\/a> todetaan.<\/p>\n<p><strong>Tieteellinen ratkaisu painon alentamiseen \u2013 ja sy\u00f6v\u00e4n, diabeteksen ja verisuonitautien ehk\u00e4isyyn. Lue lis\u00e4\u00e4 t\u00e4\u00e4lt\u00e4:<\/strong><\/p>\n","protected":false},"excerpt":{"rendered":"P\u00e4\u00e4st\u00e4kseen jyv\u00e4lle adipogeniinin toiminnasta tutkijat tarkastelivat molekyylien toimintaa atomitasolla. K\u00e4vi ilmi, ett\u00e4 adipogeniini sitoutuu seipiiniin ja vahvistaa sen&hellip;\n","protected":false},"author":2,"featured_media":131534,"comment_status":"","ping_status":"","sticky":false,"template":"","format":"standard","meta":{"footnotes":""},"categories":[165],"tags":[33,31,30,166,32,167],"class_list":{"0":"post-131533","1":"post","2":"type-post","3":"status-publish","4":"format-standard","5":"has-post-thumbnail","7":"category-terveys","8":"tag-fi","9":"tag-finland","10":"tag-finnish","11":"tag-health","12":"tag-suomi","13":"tag-terveys"},"share_on_mastodon":{"url":"https:\/\/pubeurope.com\/@fi\/115825426007237967","error":""},"_links":{"self":[{"href":"https:\/\/www.europesays.com\/fi\/wp-json\/wp\/v2\/posts\/131533","targetHints":{"allow":["GET"]}}],"collection":[{"href":"https:\/\/www.europesays.com\/fi\/wp-json\/wp\/v2\/posts"}],"about":[{"href":"https:\/\/www.europesays.com\/fi\/wp-json\/wp\/v2\/types\/post"}],"author":[{"embeddable":true,"href":"https:\/\/www.europesays.com\/fi\/wp-json\/wp\/v2\/users\/2"}],"replies":[{"embeddable":true,"href":"https:\/\/www.europesays.com\/fi\/wp-json\/wp\/v2\/comments?post=131533"}],"version-history":[{"count":0,"href":"https:\/\/www.europesays.com\/fi\/wp-json\/wp\/v2\/posts\/131533\/revisions"}],"wp:featuredmedia":[{"embeddable":true,"href":"https:\/\/www.europesays.com\/fi\/wp-json\/wp\/v2\/media\/131534"}],"wp:attachment":[{"href":"https:\/\/www.europesays.com\/fi\/wp-json\/wp\/v2\/media?parent=131533"}],"wp:term":[{"taxonomy":"category","embeddable":true,"href":"https:\/\/www.europesays.com\/fi\/wp-json\/wp\/v2\/categories?post=131533"},{"taxonomy":"post_tag","embeddable":true,"href":"https:\/\/www.europesays.com\/fi\/wp-json\/wp\/v2\/tags?post=131533"}],"curies":[{"name":"wp","href":"https:\/\/api.w.org\/{rel}","templated":true}]}}