{"id":131535,"date":"2026-01-02T12:08:07","date_gmt":"2026-01-02T12:08:07","guid":{"rendered":"https:\/\/www.europesays.com\/fi\/131535\/"},"modified":"2026-01-02T12:08:07","modified_gmt":"2026-01-02T12:08:07","slug":"katso-tasta-uudet-tulokkaat-satasairaalassa-todellinen-vauvabuumi-joulukuussa","status":"publish","type":"post","link":"https:\/\/www.europesays.com\/fi\/131535\/","title":{"rendered":"Katso t\u00e4st\u00e4 uudet tulokkaat \u2013 Satasairaalassa todellinen vauvabuumi joulukuussa"},"content":{"rendered":"<p>Tuliko tytt\u00f6 vai poika? Katso, ketk\u00e4 satakuntalaiset vanhemmat ovat saaneet perheenlis\u00e4yst\u00e4 viime aikoina.<\/p>\n<p class=\"article-body mb-nof-24 px-nof-16\">Kerromme Satasairaalassa Porissa perheenlis\u00e4yst\u00e4 saaneet, jotka ovat antaneet luvan tietojen julkaisemiselle. Lista uusista vauvoista tulee kerran viikossa, ja se julkaistaan yleens\u00e4 perjantaina.<\/p>\n<p class=\"article-body mb-nof-24 px-nof-16\">Kerromme vanhempien nimet, lapsen syntym\u00e4p\u00e4iv\u00e4n sek\u00e4 sen, onko tulokas tytt\u00f6 vai poika.<\/p>\n<p>Satasairaala<\/p>\n<p class=\"article-body mb-nof-24 px-nof-16\">Katso uudet tulokkaat:<\/p>\n","protected":false},"excerpt":{"rendered":"Tuliko tytt\u00f6 vai poika? Katso, ketk\u00e4 satakuntalaiset vanhemmat ovat saaneet perheenlis\u00e4yst\u00e4 viime aikoina. Kerromme Satasairaalassa Porissa perheenlis\u00e4yst\u00e4 saaneet,&hellip;\n","protected":false},"author":2,"featured_media":131536,"comment_status":"","ping_status":"","sticky":false,"template":"","format":"standard","meta":{"footnotes":""},"categories":[158],"tags":[33,31,30,80,159,32,160],"class_list":{"0":"post-131535","1":"post","2":"type-post","3":"status-publish","4":"format-standard","5":"has-post-thumbnail","7":"category-urheilu","8":"tag-fi","9":"tag-finland","10":"tag-finnish","11":"tag-satakunnan-kansa","12":"tag-sports","13":"tag-suomi","14":"tag-urheilu"},"share_on_mastodon":{"url":"https:\/\/pubeurope.com\/@fi\/115825430055728990","error":""},"_links":{"self":[{"href":"https:\/\/www.europesays.com\/fi\/wp-json\/wp\/v2\/posts\/131535","targetHints":{"allow":["GET"]}}],"collection":[{"href":"https:\/\/www.europesays.com\/fi\/wp-json\/wp\/v2\/posts"}],"about":[{"href":"https:\/\/www.europesays.com\/fi\/wp-json\/wp\/v2\/types\/post"}],"author":[{"embeddable":true,"href":"https:\/\/www.europesays.com\/fi\/wp-json\/wp\/v2\/users\/2"}],"replies":[{"embeddable":true,"href":"https:\/\/www.europesays.com\/fi\/wp-json\/wp\/v2\/comments?post=131535"}],"version-history":[{"count":0,"href":"https:\/\/www.europesays.com\/fi\/wp-json\/wp\/v2\/posts\/131535\/revisions"}],"wp:featuredmedia":[{"embeddable":true,"href":"https:\/\/www.europesays.com\/fi\/wp-json\/wp\/v2\/media\/131536"}],"wp:attachment":[{"href":"https:\/\/www.europesays.com\/fi\/wp-json\/wp\/v2\/media?parent=131535"}],"wp:term":[{"taxonomy":"category","embeddable":true,"href":"https:\/\/www.europesays.com\/fi\/wp-json\/wp\/v2\/categories?post=131535"},{"taxonomy":"post_tag","embeddable":true,"href":"https:\/\/www.europesays.com\/fi\/wp-json\/wp\/v2\/tags?post=131535"}],"curies":[{"name":"wp","href":"https:\/\/api.w.org\/{rel}","templated":true}]}}