{"id":131537,"date":"2026-01-02T12:09:08","date_gmt":"2026-01-02T12:09:08","guid":{"rendered":"https:\/\/www.europesays.com\/fi\/131537\/"},"modified":"2026-01-02T12:09:08","modified_gmt":"2026-01-02T12:09:08","slug":"jennifer-lopez-nappiroolissa-laulaa-ja-tanssii-upeasti-musikaaliin-elokuvaversiossa-2","status":"publish","type":"post","link":"https:\/\/www.europesays.com\/fi\/131537\/","title":{"rendered":"Jennifer Lopez nappiroolissa: laulaa ja tanssii upeasti musikaaliin elokuvaversiossa"},"content":{"rendered":"<p class=\"article-ingress--medium\">H\u00e4m\u00e4h\u00e4kkinaisen suudelmasta tehtiin taas elokuva. Uusi versio ei ole hullumpi, mutta sit\u00e4 rasittaa liika kesto.<\/p>\n<p><img decoding=\"async\" src=\"https:\/\/www.europesays.com\/fi\/wp-content\/uploads\/2026\/01\/1767269828_24_468.jpg\" alt=\"Diego Luna ja Jennifer Luna esitt\u00e4v\u00e4t p\u00e4\u00e4osia musikaalielokuvassa H\u00e4m\u00e4h\u00e4kkinaisen suudelma. \" class=\"_Img_1rerz_1\" style=\"aspect-ratio:1.5\" loading=\"eager\"\/><\/p>\n<p class=\"article-picture-caption\">Diego Luna ja Jennifer Luna esitt\u00e4v\u00e4t p\u00e4\u00e4osia musikaalielokuvassa H\u00e4m\u00e4h\u00e4kkinaisen suudelma.  Kuva:\u00a0Cinemanse<\/p>\n<p><a href=\"https:\/\/www.satakunnankansa.fi\/haku\/?query=Pertti+Avola\" rel=\"nofollow noopener\" target=\"_blank\"><\/p>\n<p>Pertti Avola<\/p>\n<p><\/a><\/p>\n<p>13:32<\/p>\n<p class=\"article-body mb-nof-24 px-nof-16\">H\u00e4m\u00e4h\u00e4kkinaisen suudelma (Kiss of the Spider Woman), ohjaus Bill Condon. 128 min. K12. \u2605\u2605\u2605<\/p>\n<p class=\"article-body mb-nof-24 px-nof-16\">Enemm\u00e4n kuin argentiinalaiskirjailija <a class=\"font-bold underline-offset-[0.12em] [text-decoration:var(--person-link-text-decoration)] ![text-decoration-color:var(--person-link-text-decoration-color)]\" href=\"https:\/\/www.satakunnankansa.fi\/haku\/?query=Manuel%20Puigin\" rel=\"nofollow noopener\" target=\"_blank\">Manuel Puigin<\/a> alkuper\u00e4isromaanista H\u00e4m\u00e4h\u00e4kkinaisen suudelma muistetaan brasilialaisen <a class=\"font-bold underline-offset-[0.12em] [text-decoration:var(--person-link-text-decoration)] ![text-decoration-color:var(--person-link-text-decoration-color)]\" href=\"https:\/\/www.satakunnankansa.fi\/haku\/?query=Hector%20Babencon\" rel=\"nofollow noopener\" target=\"_blank\">Hector Babencon<\/a> elokuvasta vuodelta 1985.<\/p>\n<p>KommentoiIlmoita asiavirheest\u00e4KommentoiIlmoita asiavirheest\u00e4<\/p>\n","protected":false},"excerpt":{"rendered":"H\u00e4m\u00e4h\u00e4kkinaisen suudelmasta tehtiin taas elokuva. Uusi versio ei ole hullumpi, mutta sit\u00e4 rasittaa liika kesto. Diego Luna ja&hellip;\n","protected":false},"author":2,"featured_media":131538,"comment_status":"","ping_status":"","sticky":false,"template":"","format":"standard","meta":{"footnotes":""},"categories":[130],"tags":[137,33,31,30,80,32,109],"class_list":{"0":"post-131537","1":"post","2":"type-post","3":"status-publish","4":"format-standard","5":"has-post-thumbnail","7":"category-viihde","8":"tag-entertainment","9":"tag-fi","10":"tag-finland","11":"tag-finnish","12":"tag-satakunnan-kansa","13":"tag-suomi","14":"tag-viihde"},"share_on_mastodon":{"url":"https:\/\/pubeurope.com\/@fi\/115825433804651496","error":""},"_links":{"self":[{"href":"https:\/\/www.europesays.com\/fi\/wp-json\/wp\/v2\/posts\/131537","targetHints":{"allow":["GET"]}}],"collection":[{"href":"https:\/\/www.europesays.com\/fi\/wp-json\/wp\/v2\/posts"}],"about":[{"href":"https:\/\/www.europesays.com\/fi\/wp-json\/wp\/v2\/types\/post"}],"author":[{"embeddable":true,"href":"https:\/\/www.europesays.com\/fi\/wp-json\/wp\/v2\/users\/2"}],"replies":[{"embeddable":true,"href":"https:\/\/www.europesays.com\/fi\/wp-json\/wp\/v2\/comments?post=131537"}],"version-history":[{"count":0,"href":"https:\/\/www.europesays.com\/fi\/wp-json\/wp\/v2\/posts\/131537\/revisions"}],"wp:featuredmedia":[{"embeddable":true,"href":"https:\/\/www.europesays.com\/fi\/wp-json\/wp\/v2\/media\/131538"}],"wp:attachment":[{"href":"https:\/\/www.europesays.com\/fi\/wp-json\/wp\/v2\/media?parent=131537"}],"wp:term":[{"taxonomy":"category","embeddable":true,"href":"https:\/\/www.europesays.com\/fi\/wp-json\/wp\/v2\/categories?post=131537"},{"taxonomy":"post_tag","embeddable":true,"href":"https:\/\/www.europesays.com\/fi\/wp-json\/wp\/v2\/tags?post=131537"}],"curies":[{"name":"wp","href":"https:\/\/api.w.org\/{rel}","templated":true}]}}