{"id":131546,"date":"2026-01-02T12:27:07","date_gmt":"2026-01-02T12:27:07","guid":{"rendered":"https:\/\/www.europesays.com\/fi\/131546\/"},"modified":"2026-01-02T12:27:07","modified_gmt":"2026-01-02T12:27:07","slug":"sabina-sarkan-ex-mies-ossi-kivimaki-ja-noora-aarnio-yllatyshaat","status":"publish","type":"post","link":"https:\/\/www.europesays.com\/fi\/131546\/","title":{"rendered":"Sabina S\u00e4rk\u00e4n ex-mies Ossi Kivim\u00e4ki ja Noora Aarnio: Yll\u00e4tysh\u00e4\u00e4t!"},"content":{"rendered":"<p class=\"article-content article-content-width !bg-background\">Ex-missi <a alt=\"Haku\" class=\"text-primary-red font-extrabold\" href=\"https:\/\/www.seiska.fi\/haku?q=Sabina S\u00e4rkk\u00e4\" rel=\"nofollow noopener\" target=\"_blank\">Sabina S\u00e4rkk\u00e4<\/a> avioitui vuonna 2019 liikemies <a alt=\"Haku\" class=\"text-primary-red font-extrabold\" href=\"https:\/\/www.seiska.fi\/haku?q=Ossi Kivim\u00e4en\" rel=\"nofollow noopener\" target=\"_blank\">Ossi Kivim\u00e4en<\/a> kanssa. Onni ei kuitenkaan ollut ikuinen, ja liitto p\u00e4\u00e4ttyi eroon jo pari vuotta my\u00f6hemmin.\u00a0<\/p>\n<p class=\"font-weight-bold m-font-weight-bold article-content article-content-width !bg-background\">Video: N\u00e4m\u00e4 julkimot meniv\u00e4t naimisiin vuonna 2025:<\/p>\n<p class=\"article-content article-content-width !bg-background\">Sittemmin kumpikin osapuoli on l\u00f6yt\u00e4nyt el\u00e4m\u00e4\u00e4ns\u00e4 uuden rakkauden. Sabina on viihtynyt jo usean vuoden valokuvaajarakkaansa kanssa, vaikka <a href=\"https:\/\/www.seiska.fi\/kotimaa\/anna-sabina-sarkan-suhteessa-erikoinen-jarjestely\/2008970\" target=\"_blank\" rel=\"nofollow noopener\">yhteisen katon alle he eiv\u00e4t viel\u00e4 haikailekaan<\/a>.\u00a0<\/p>\n<p>Vauvaonnea<\/p>\n<p class=\"article-content article-content-width !bg-background\">Ossi puolestaan jakaa arkensa nyky\u00e4\u00e4n Kaksoset-podcastista tutun <a alt=\"Haku\" class=\"text-primary-red font-extrabold\" href=\"https:\/\/www.seiska.fi\/haku?q=Noora Aarnion\" rel=\"nofollow noopener\" target=\"_blank\">Noora Aarnion<\/a> kanssa. Pariskunta sai esikoisensa kes\u00e4kuussa 2024. Marraskuussa Noora paljasti sosiaalisessa mediassa, ett\u00e4 perheeseen odotetaan toista lasta.\u00a0<\/p>\n<p class=\"article-content article-content-width !bg-background\">\u2013 Viime aikoina on tapahtunut paljon ihanaa, mutta suurin ilo on t\u00e4m\u00e4 pieni ihme \u2013 h\u00e4nest\u00e4 tulee isoveli kev\u00e4\u00e4ll\u00e4, Noora kirjoitti tuolloin.<\/p>\n<p>                <img decoding=\"async\" src=\"https:\/\/www.europesays.com\/fi\/wp-content\/uploads\/2026\/01\/2035803.webp.jpeg\" width=\"576\" height=\"720\" alt=\"Ossin ja Sabinan h\u00e4it\u00e4 juhlittiin aikoinaan Kreikassa.\" loading=\"lazy\" \/>            <\/p>\n<p>\n            Ossin ja Sabinan h\u00e4it\u00e4 juhlittiin aikoinaan Kreikassa.<br \/>\n            Matti Matikainen\n        <\/p>\n<p class=\"article-content article-content-width !bg-background\">Vauvauutinen ei ollut pariskunnan ainoa marraskuinen yll\u00e4tys. Pian lapsesta kertomisen j\u00e4lkeen Noora nimitt\u00e4in paljasti kaksikon menneen kihloihin.\u00a0<\/p>\n<p>Yll\u00e4tysh\u00e4\u00e4t<\/p>\n<p class=\"article-content article-content-width !bg-background\">H\u00e4it\u00e4 juhlittiin vuoden vaihteessa. Asia paljastuu tuttuun tapaan Nooran Instagramista, jossa <a href=\"https:\/\/www.instagram.com\/p\/DS9cLFkiqVm\/?igsh=bmZ6MHp5ZXM3ZGN0\" target=\"_blank\" rel=\"nofollow noopener\">kaunotar on julkaissut kuvan h\u00e4\u00e4parista<\/a>.\u00a0<\/p>\n<p class=\"article-content article-content-width !bg-background\">Pariskunta katsoo otoksessa toisiaan hell\u00e4sti silmiin. Ossilla on yll\u00e4\u00e4n tumma puku, kun taas Noora n\u00e4ytt\u00e4\u00e4 luottaneen perinteiseen vaaleaan morsiuspukuun. K\u00e4dess\u00e4\u00e4n morsiamella on hempe\u00e4n s\u00e4vyinen kukkakimppu.\u00a0<\/p>\n<p class=\"article-content article-content-width !bg-background\">\u2013 Hyv\u00e4\u00e4 uutta vuotta toivottaa Kivim\u00e4et, Noora kirjoittaa paljastaen samalla ottaneensa tuoreen aviomiehens\u00e4 sukunimen. P\u00e4iv\u00e4m\u00e4\u00e4r\u00e4ksi h\u00e4n on merkinnyt 31.12.2025.\u00a0<\/p>\n<p><script async src=\"\/\/www.instagram.com\/embed.js\"><\/script><\/p>\n","protected":false},"excerpt":{"rendered":"Ex-missi Sabina S\u00e4rkk\u00e4 avioitui vuonna 2019 liikemies Ossi Kivim\u00e4en kanssa. Onni ei kuitenkaan ollut ikuinen, ja liitto p\u00e4\u00e4ttyi&hellip;\n","protected":false},"author":2,"featured_media":131547,"comment_status":"","ping_status":"","sticky":false,"template":"","format":"standard","meta":{"footnotes":""},"categories":[136],"tags":[1075,407,137,1664,33,31,30,408,23265,23264,98,6691,651,32,6394,109,7911],"class_list":{"0":"post-131546","1":"post","2":"type-post","3":"status-publish","4":"format-standard","5":"has-post-thumbnail","7":"category-julkkikset","8":"tag-avioliitto","9":"tag-celebrities","10":"tag-entertainment","11":"tag-ero","12":"tag-fi","13":"tag-finland","14":"tag-finnish","15":"tag-julkkikset","16":"tag-noora-aarnio","17":"tag-ossi-kivimaki","18":"tag-perhe","19":"tag-sabina-sarkka","20":"tag-suhteet","21":"tag-suomi","22":"tag-vauvauutinen","23":"tag-viihde","24":"tag-yllatyshaat"},"share_on_mastodon":{"url":"https:\/\/pubeurope.com\/@fi\/115825504639730025","error":""},"_links":{"self":[{"href":"https:\/\/www.europesays.com\/fi\/wp-json\/wp\/v2\/posts\/131546","targetHints":{"allow":["GET"]}}],"collection":[{"href":"https:\/\/www.europesays.com\/fi\/wp-json\/wp\/v2\/posts"}],"about":[{"href":"https:\/\/www.europesays.com\/fi\/wp-json\/wp\/v2\/types\/post"}],"author":[{"embeddable":true,"href":"https:\/\/www.europesays.com\/fi\/wp-json\/wp\/v2\/users\/2"}],"replies":[{"embeddable":true,"href":"https:\/\/www.europesays.com\/fi\/wp-json\/wp\/v2\/comments?post=131546"}],"version-history":[{"count":0,"href":"https:\/\/www.europesays.com\/fi\/wp-json\/wp\/v2\/posts\/131546\/revisions"}],"wp:featuredmedia":[{"embeddable":true,"href":"https:\/\/www.europesays.com\/fi\/wp-json\/wp\/v2\/media\/131547"}],"wp:attachment":[{"href":"https:\/\/www.europesays.com\/fi\/wp-json\/wp\/v2\/media?parent=131546"}],"wp:term":[{"taxonomy":"category","embeddable":true,"href":"https:\/\/www.europesays.com\/fi\/wp-json\/wp\/v2\/categories?post=131546"},{"taxonomy":"post_tag","embeddable":true,"href":"https:\/\/www.europesays.com\/fi\/wp-json\/wp\/v2\/tags?post=131546"}],"curies":[{"name":"wp","href":"https:\/\/api.w.org\/{rel}","templated":true}]}}