{"id":131557,"date":"2026-01-02T12:41:09","date_gmt":"2026-01-02T12:41:09","guid":{"rendered":"https:\/\/www.europesays.com\/fi\/131557\/"},"modified":"2026-01-02T12:41:09","modified_gmt":"2026-01-02T12:41:09","slug":"luston-vanha-rautatieasema-suojeltiin-omistajat-onnellisia-nyt-kukaan-ei-pysty-tuhoamaan-tata-etela-savo","status":"publish","type":"post","link":"https:\/\/www.europesays.com\/fi\/131557\/","title":{"rendered":"Luston vanha rautatieasema suojeltiin, omistajat onnellisia: \u201dNyt kukaan ei pysty tuhoamaan t\u00e4t\u00e4\u201d | Etel\u00e4-Savo"},"content":{"rendered":"<p class=\"aw-1gybjub aw-5vja16 kEtdKx kmuxyA yle__article__paragraph\">Luston asema sijaitsee Savonlinnan Punkaharjulla. Suojelu koskee kaikkia asema-alueen rakennuksia sek\u00e4 asemapuistoa ja lehmuskujaa. <\/p>\n<p><img decoding=\"async\" alt=\"Vanha asemarakennus Luston asemalla Punkaharjulla.\" src=\"https:\/\/www.europesays.com\/fi\/wp-content\/uploads\/2026\/01\/39-157639769578a2b8828b.jpeg\" class=\"aw-1l9m598 hKVVvP\"\/><\/p>\n<p>Avaa kuvien katselu<\/p>\n<p>Luston asemarakennus valmistui vuonna 1908. Kuva: Huittien kuvakokoelma<\/p>\n<p class=\"aw-1gybjub aw-1p7kakr kEtdKx cEmitX yle__article__paragraph\">Etel\u00e4-Savon ely-keskus on suojellut Punkaharjulla sijaitseva Luston asema-alueen.<\/p>\n<p class=\"aw-1gybjub aw-1p7kakr kEtdKx cEmitX yle__article__paragraph\">Perusteluiden mukaan vuonna 1908 valmistunut kokonaisuus kuuluu maan korkealuokkaisimpiin rautatieymp\u00e4rist\u00f6ihin. Pihapiiriss\u00e4 on asemarakennus, piharakennuksia, asemapuisto ja lehmuskuja.<\/p>\n<p class=\"aw-1gybjub aw-1p7kakr kEtdKx cEmitX yle__article__paragraph\">Kaksi vahtitupaa sijaitsevat omilla tonteillaan.<\/p>\n<p class=\"aw-1gybjub aw-1p7kakr kEtdKx cEmitX yle__article__paragraph\">P\u00e4\u00e4rakennuksen ja asemapuiston omistavat <strong class=\"aw-ak79eh KyCXm yle__article__strong\">Hannu Huitti<\/strong> ja <strong class=\"aw-ak79eh KyCXm yle__article__strong\">Mikko Ranta-Huitti<\/strong>, jotka ovat j\u00e4rjest\u00e4neet siell\u00e4 taiden\u00e4yttelyit\u00e4 vuodesta 2016 l\u00e4htien. Ranta-Huitti on onnellinen, ett\u00e4 kokonaisuus on nyt suojeltu.<\/p>\n<p class=\"aw-1gybjub aw-1p7kakr kEtdKx cEmitX yle__article__paragraph\">\u2013 Halusimme, ett\u00e4 meid\u00e4n aikanamme tai j\u00e4lkeemme kukaan ei pysty tuhoamaan t\u00e4t\u00e4.<\/p>\n<p class=\"aw-1gybjub aw-1p7kakr kEtdKx cEmitX yle__article__paragraph\">Kaikki asemakokonaisuuteen kuuluvat rakennukset omisti aiemmin valtio, ja silloin ne olivat Museoviraston suojelemia.<\/p>\n<p>K\u00e4sintehtyj\u00e4 tapetteja<\/p>\n<p class=\"aw-1gybjub aw-1p7kakr kEtdKx cEmitX yle__article__paragraph\">VR:n p\u00e4\u00e4arkkitehti <strong class=\"aw-ak79eh KyCXm yle__article__strong\">Bruno Granholmin<\/strong> suunnittelema p\u00e4\u00e4rakennus edustaa kansallisromantiikkaa ja jugendia. My\u00f6s sen sis\u00e4tilat on nyt suojeltu.<\/p>\n<p class=\"aw-1gybjub aw-1p7kakr kEtdKx cEmitX yle__article__paragraph\">Mikko Ranta-Huitti kertoo, ett\u00e4 vajaan kymmenen vuoden aikana aseman sis\u00e4tilat on palautettu l\u00e4hes kokonaisuudessaan 1900-luvun alun asuun.<\/p>\n<p class=\"aw-1gybjub aw-1p7kakr kEtdKx cEmitX yle__article__paragraph\">Seuraavana vuorossa on pieni n\u00e4yttelyhuone, jonka sein\u00e4t ovat toistaiseksi paljasta hirtt\u00e4. Kev\u00e4\u00e4ll\u00e4 ne p\u00e4\u00e4llystet\u00e4\u00e4n pinkopahvilla ja tapetoidaan.<\/p>\n<p class=\"aw-1gybjub aw-1p7kakr kEtdKx cEmitX yle__article__paragraph\">\u2013 Olemme teett\u00e4neet Ruotsissa k\u00e4sintehtyj\u00e4 tapetteja.<\/p>\n<p class=\"aw-1gybjub aw-1p7kakr kEtdKx cEmitX yle__article__paragraph\">Remonteissa on kysytty neuvoa Museoviraston asiantuntijoilta. Vierailuillaan he ovat my\u00f6s tutkineet rakentamattomana s\u00e4ilyneen vintin hirsisalvoksia ja rakenteita.<\/p>\n<p><img decoding=\"async\" alt=\"Mikko Ranta-Huitti ja Hannu Huitti istuvat p\u00f6yd\u00e4n \u00e4\u00e4ress\u00e4. P\u00f6yd\u00e4ll\u00e4 on leivoksia.\" src=\"https:\/\/www.europesays.com\/fi\/wp-content\/uploads\/2026\/01\/39-153321968dff4d76e9f5.jpeg\" loading=\"lazy\" class=\"aw-1l9m598 hKVVvP\"\/><\/p>\n<p>Avaa kuvien katselu<\/p>\n<p>Mikko Ranta-Huitti ja Hannu Huitti ovat palauttaneet aseman sis\u00e4tilat 1900-luvun alun asuun.  Kuva: Huittien kuvakokoelmaRakastettu lehmuskuja<\/p>\n<p class=\"aw-1gybjub aw-1p7kakr kEtdKx cEmitX yle__article__paragraph\">Asemapuiston ennallistaminen toteutettiin yhdess\u00e4 L\u00e4nsi-Punkaharjun kyl\u00e4yhdistyksen kanssa.<\/p>\n<p class=\"aw-1gybjub aw-1p7kakr kEtdKx cEmitX yle__article__paragraph\">Ty\u00f6n pohjana oli 1950-luvun alun puistosuunnitelma, jonka Hannu Huitti l\u00f6ysi Rautatiemuseosta.<\/p>\n<p class=\"aw-1gybjub aw-1p7kakr kEtdKx cEmitX yle__article__paragraph\">Vanhassa valokuvassa n\u00e4kyi ruusu, jonka pariskunnan yst\u00e4v\u00e4 tyypitytti Suomen ruususeurassa. Ranta-Huitin mukaan kyseinen ruusu oli jo kuollut sukupuuttoon, mutta tilalle l\u00f6ydettiin toinen.<\/p>\n<p class=\"aw-1gybjub aw-1p7kakr kEtdKx cEmitX yle__article__paragraph\">\u2013 Laitoimme puistoon hevospuomia ja aurinkokelloa, l\u00f6ysimme puita ja pensaita ja kunnostimme lehmuskujaa. Siin\u00e4 oli yhteis\u00f6llist\u00e4 otetta.<\/p>\n<p class=\"aw-1gybjub aw-1p7kakr kEtdKx cEmitX yle__article__paragraph\">Ranta-Huitti on iloinen siit\u00e4, ett\u00e4 my\u00f6s lehmuskuja p\u00e4\u00e4si suojelun piiriin. Sen puut ovat yli satavuotiaita, ja kaatuneiden tilalle on istutettu uusia.<\/p>\n<p class=\"aw-1gybjub aw-1p7kakr kEtdKx cEmitX yle__article__paragraph\">Elokuussa lehmuskujalla j\u00e4rjestet\u00e4\u00e4n illallinen taivaan alla -tapahtumia. Puut ovat yksi tuhansien kes\u00e4vieraiden rakastamista kuvauskohteista.<\/p>\n<p class=\"aw-1gybjub aw-1p7kakr kEtdKx cEmitX yle__article__paragraph\">\u2013 Kuvatuimmat kohteet ovat meid\u00e4n Diiva-koira ja Diiva lehmuskujalla, Ranta-Huitti kertoo.<\/p>\n<p class=\"aw-1gybjub aw-1p7kakr kEtdKx cEmitX yle__article__paragraph\"><strong class=\"aw-ak79eh KyCXm yle__article__strong\">Huitti ja Ranta-Huitti kertoivat el\u00e4m\u00e4st\u00e4\u00e4n vuonna 2022 Tastula \u2013 toista maata -ohjelmassa:<\/strong><\/p>\n<p><img decoding=\"async\" alt=\"\" src=\"https:\/\/www.europesays.com\/fi\/wp-content\/uploads\/2026\/01\/13-1-50831234-1668762115958.jpeg\" class=\"aw-1l9m598 hKVVvP\"\/><\/p>\n","protected":false},"excerpt":{"rendered":"Luston asema sijaitsee Savonlinnan Punkaharjulla. Suojelu koskee kaikkia asema-alueen rakennuksia sek\u00e4 asemapuistoa ja lehmuskujaa. Avaa kuvien katselu Luston&hellip;\n","protected":false},"author":2,"featured_media":131558,"comment_status":"","ping_status":"","sticky":false,"template":"","format":"standard","meta":{"footnotes":""},"categories":[5],"tags":[22,23,184,26,27,33,31,30,17,71,108,24,25,28,29,15,18,21,23266,3639,1000,32,19,20,16],"class_list":{"0":"post-131557","1":"post","2":"type-post","3":"status-publish","4":"format-standard","5":"has-post-thumbnail","7":"category-otsikot","8":"tag-breaking-news","9":"tag-breakingnews","10":"tag-etela-savo","11":"tag-featured-news","12":"tag-featurednews","13":"tag-fi","14":"tag-finland","15":"tag-finnish","16":"tag-headlines","17":"tag-kotimaa","18":"tag-kulttuuri","19":"tag-latest-news","20":"tag-latestnews","21":"tag-main-news","22":"tag-mainnews","23":"tag-news","24":"tag-otsikot","25":"tag-paauutiset","26":"tag-punkaharju","27":"tag-rakennukset","28":"tag-savonlinna","29":"tag-suomi","30":"tag-top-stories","31":"tag-topstories","32":"tag-uutiset"},"share_on_mastodon":{"url":"https:\/\/pubeurope.com\/@fi\/115825559676475219","error":""},"_links":{"self":[{"href":"https:\/\/www.europesays.com\/fi\/wp-json\/wp\/v2\/posts\/131557","targetHints":{"allow":["GET"]}}],"collection":[{"href":"https:\/\/www.europesays.com\/fi\/wp-json\/wp\/v2\/posts"}],"about":[{"href":"https:\/\/www.europesays.com\/fi\/wp-json\/wp\/v2\/types\/post"}],"author":[{"embeddable":true,"href":"https:\/\/www.europesays.com\/fi\/wp-json\/wp\/v2\/users\/2"}],"replies":[{"embeddable":true,"href":"https:\/\/www.europesays.com\/fi\/wp-json\/wp\/v2\/comments?post=131557"}],"version-history":[{"count":0,"href":"https:\/\/www.europesays.com\/fi\/wp-json\/wp\/v2\/posts\/131557\/revisions"}],"wp:featuredmedia":[{"embeddable":true,"href":"https:\/\/www.europesays.com\/fi\/wp-json\/wp\/v2\/media\/131558"}],"wp:attachment":[{"href":"https:\/\/www.europesays.com\/fi\/wp-json\/wp\/v2\/media?parent=131557"}],"wp:term":[{"taxonomy":"category","embeddable":true,"href":"https:\/\/www.europesays.com\/fi\/wp-json\/wp\/v2\/categories?post=131557"},{"taxonomy":"post_tag","embeddable":true,"href":"https:\/\/www.europesays.com\/fi\/wp-json\/wp\/v2\/tags?post=131557"}],"curies":[{"name":"wp","href":"https:\/\/api.w.org\/{rel}","templated":true}]}}