{"id":131565,"date":"2026-01-02T13:01:08","date_gmt":"2026-01-02T13:01:08","guid":{"rendered":"https:\/\/www.europesays.com\/fi\/131565\/"},"modified":"2026-01-02T13:01:08","modified_gmt":"2026-01-02T13:01:08","slug":"lahtelainen-pitkan-linjan-toimittaja-mikko-tuomikoski-on-kuollut-paijat-hame","status":"publish","type":"post","link":"https:\/\/www.europesays.com\/fi\/131565\/","title":{"rendered":"Lahtelainen pitk\u00e4n linjan toimittaja Mikko Tuomikoski on kuollut | P\u00e4ij\u00e4t-H\u00e4me"},"content":{"rendered":"<p class=\"aw-1gybjub aw-5vja16 kEtdKx kmuxyA yle__article__paragraph\">Yle Lahdessa ty\u00f6skennellyt Tuomikoski oli kuollessaan 61-vuotias.<\/p>\n<p><img decoding=\"async\" alt=\"Edesmennyt toimittaja Mikko Tuomikoski mustavalkokuvassa. \" src=\"https:\/\/www.europesays.com\/fi\/wp-content\/uploads\/2026\/01\/39-15764556957a5e1a3edb.jpeg\" class=\"aw-1l9m598 hKVVvP\"\/><\/p>\n<p>Avaa kuvien katselu<\/p>\n<p>Mikko Tuomikoski on tunnettu muun muassa ty\u00f6st\u00e4\u00e4n radiossa. Kuva: Yle<\/p>\n<p class=\"aw-1gybjub aw-1p7kakr kEtdKx cEmitX yle__article__paragraph\">Monien tuntema lahtelaistoimittaja <strong class=\"aw-ak79eh KyCXm yle__article__strong\">Mikko Tuomikoski<\/strong> on kuollut. 61-vuotias Tuomikoski kuoli kotonaan sunnuntaina 28. joulukuuta.<\/p>\n<p class=\"aw-1gybjub aw-1p7kakr kEtdKx cEmitX yle__article__paragraph\">Tuomikoski muistetaan pitk\u00e4n linjan paikallistoimittajana erityisesti radiosta. Lis\u00e4ksi h\u00e4net tunnetaan musiikkipiireiss\u00e4.<\/p>\n<p class=\"aw-1gybjub aw-1p7kakr kEtdKx cEmitX yle__article__paragraph\">Mikko Tuomikoski aloitti radiouransa 1990-luvun alussa Rytmiradio Lahdesta. H\u00e4n siirtyi t\u00f6ihin Ylen Lahden Radioon vuonna 1999.<\/p>\n<p class=\"aw-1gybjub aw-1p7kakr kEtdKx cEmitX yle__article__paragraph\">Tuomikoski on muun muassa juontanut maakunnallisia radiol\u00e4hetyksi\u00e4 ja raportoinut eri puolilta P\u00e4ij\u00e4t-H\u00e4mett\u00e4. H\u00e4n on my\u00f6s toimittanut uutisia radioon, verkkoon ja televisioon.<\/p>\n<p class=\"aw-1gybjub aw-1p7kakr kEtdKx cEmitX yle__article__paragraph\">Vapaa-ajallaan Mikko Tuomikoski on laulanut sek\u00e4 soittanut kitaraa, bassoa ja ukulelea eri kokoonpanoissa. Viimeisin niist\u00e4 oli ukulele-b\u00e4ndi Leipomo.<\/p>\n<p><img decoding=\"async\" alt=\"Edesmennyt toimittaja Mikko Tuomikoski istuu s\u00e4ngyll\u00e4 ja pitelee s\u00e4hk\u00f6kitaraa.\" src=\"https:\/\/www.europesays.com\/fi\/wp-content\/uploads\/2026\/01\/39-15764866957afcf63342.jpeg\" loading=\"lazy\" class=\"aw-1l9m598 hKVVvP\"\/><\/p>\n<p>Avaa kuvien katselu<\/p>\n<p>Mikko Tuomikoski oli hyvin kiinnostunut paitsi musiikista my\u00f6s soittimista.  Kuva: Jari Mykr\u00e4<\/p>\n<p class=\"aw-1gybjub aw-1p7kakr kEtdKx cEmitX yle__article__paragraph\">Tuomikoski tunsi paljon lahtelaisia, ja h\u00e4nell\u00e4 oli hyvin laajat verkostot. Tipalan alumnit ry valitsi h\u00e4net vuoden 2025 tipalalaiseksi. Tuomikoski kirjoitti ylioppilaaksi Tiirismaan lukiosta vuonna 1983.<\/p>\n<p class=\"aw-1gybjub aw-1p7kakr kEtdKx cEmitX yle__article__paragraph\">Radio Suomi l\u00e4hell\u00e4si -l\u00e4hetyksess\u00e4 Yle Lahden taajuudella kuullaan perjantai-iltap\u00e4iv\u00e4n\u00e4 kello 14\u201315 Mikko Tuomikosken toimittamia juttuja. Voit kuunnella ne my\u00f6s t\u00e4st\u00e4. Jutut on koostanut toimittaja Jarno Kajova.<\/p>\n<p><strong class=\"aw-1bgq5a3 bSmpIc\">Mikko Tuomikosken juttuja arkistosta: muusikko Paavo Pesonen 1<\/strong><\/p>\n<p><strong class=\"aw-1bgq5a3 bSmpIc\">Mikko Tuomikosken juttuja arkistosta: muusikko Paavo Pesonen 2<\/strong><\/p>\n<p><strong class=\"aw-1bgq5a3 bSmpIc\">Mikko Tuomikosken juttuja arkistosta: muusikko Mato Valtonen<\/strong><\/p>\n<p><strong class=\"aw-1bgq5a3 bSmpIc\">Mikko Tuomikosken juttuja arkistosta: Tiirismaan koulun oppilaat nappasivat luokkaretkirahaa tietokilpailusta<\/strong><\/p>\n","protected":false},"excerpt":{"rendered":"Yle Lahdessa ty\u00f6skennellyt Tuomikoski oli kuollessaan 61-vuotias. Avaa kuvien katselu Mikko Tuomikoski on tunnettu muun muassa ty\u00f6st\u00e4\u00e4n radiossa.&hellip;\n","protected":false},"author":2,"featured_media":131566,"comment_status":"","ping_status":"","sticky":false,"template":"","format":"standard","meta":{"footnotes":""},"categories":[130],"tags":[137,33,31,30,4223,23269,1801,1268,23267,23270,32,4909,109,23268],"class_list":{"0":"post-131565","1":"post","2":"type-post","3":"status-publish","4":"format-standard","5":"has-post-thumbnail","7":"category-viihde","8":"tag-entertainment","9":"tag-fi","10":"tag-finland","11":"tag-finnish","12":"tag-kuolleet","13":"tag-lahden-radio","14":"tag-lahti","15":"tag-paijat-hame","16":"tag-paikallisradiot","17":"tag-rytmiradio-lahti","18":"tag-suomi","19":"tag-toimittajat","20":"tag-viihde","21":"tag-yle-lahti"},"share_on_mastodon":{"url":"https:\/\/pubeurope.com\/@fi\/115825638267701121","error":""},"_links":{"self":[{"href":"https:\/\/www.europesays.com\/fi\/wp-json\/wp\/v2\/posts\/131565","targetHints":{"allow":["GET"]}}],"collection":[{"href":"https:\/\/www.europesays.com\/fi\/wp-json\/wp\/v2\/posts"}],"about":[{"href":"https:\/\/www.europesays.com\/fi\/wp-json\/wp\/v2\/types\/post"}],"author":[{"embeddable":true,"href":"https:\/\/www.europesays.com\/fi\/wp-json\/wp\/v2\/users\/2"}],"replies":[{"embeddable":true,"href":"https:\/\/www.europesays.com\/fi\/wp-json\/wp\/v2\/comments?post=131565"}],"version-history":[{"count":0,"href":"https:\/\/www.europesays.com\/fi\/wp-json\/wp\/v2\/posts\/131565\/revisions"}],"wp:featuredmedia":[{"embeddable":true,"href":"https:\/\/www.europesays.com\/fi\/wp-json\/wp\/v2\/media\/131566"}],"wp:attachment":[{"href":"https:\/\/www.europesays.com\/fi\/wp-json\/wp\/v2\/media?parent=131565"}],"wp:term":[{"taxonomy":"category","embeddable":true,"href":"https:\/\/www.europesays.com\/fi\/wp-json\/wp\/v2\/categories?post=131565"},{"taxonomy":"post_tag","embeddable":true,"href":"https:\/\/www.europesays.com\/fi\/wp-json\/wp\/v2\/tags?post=131565"}],"curies":[{"name":"wp","href":"https:\/\/api.w.org\/{rel}","templated":true}]}}