{"id":131575,"date":"2026-01-02T13:19:07","date_gmt":"2026-01-02T13:19:07","guid":{"rendered":"https:\/\/www.europesays.com\/fi\/131575\/"},"modified":"2026-01-02T13:19:07","modified_gmt":"2026-01-02T13:19:07","slug":"george-clooney-ja-donald-trump-nokittelevat-toisiaan-somessa-tunsin-hanet-erittain-hyvin","status":"publish","type":"post","link":"https:\/\/www.europesays.com\/fi\/131575\/","title":{"rendered":"George Clooney ja Donald Trump nokittelevat toisiaan somessa: \u201cTunsin h\u00e4net eritt\u00e4in hyvin\u201d"},"content":{"rendered":"<p>Kuva: \u00a9 2025 Netflix, Inc.<\/p>\n<p>George Clooney ja Donald Trump olivat joskus hyvi\u00e4kin tuttavia kesken\u00e4\u00e4n. Nyt he nokittelevat toisiaan somessa.<\/p>\n<p><a href=\"https:\/\/muropaketti.com\/avainsana\/george-clooney\/\" rel=\"nofollow noopener\" target=\"_blank\">George Clooney<\/a>, h\u00e4nen vaimonsa Amal Clooney ja lapsensa ovat saaneet Ranskan kansalaisuuden. T\u00e4m\u00e4 sai Donald Trumpin heitt\u00e4m\u00e4\u00e4n lokaa n\u00e4yttelij\u00e4n niskaan somessa, uutisoi <a href=\"https:\/\/variety.com\/2026\/film\/news\/george-clooney-response-trump-social-media-slam-french-citizenship-1236621790\/\" target=\"_blank\" rel=\"noreferrer noopener nofollow\">Variety<\/a>.<\/p>\n<p>Trumpin mielest\u00e4 Clooneyn muuttaminen Ranskaan on hyv\u00e4 uutinen. H\u00e4n my\u00f6s haukkui Clooneyn elokuvia \u201ctotaalisen keskinkertaisiksi\u201d.<\/p>\n<p>\u201cH\u00e4n ei ollut mik\u00e4\u00e4n elokuvat\u00e4hti, h\u00e4n oli vain tavallinen kaveri, joka valitti jatkuvasti maalaisj\u00e4rjest\u00e4 politiikassa. TEHD\u00c4\u00c4N AMERIKASTA J\u00c4LLEEN MAHTAVA!\u201d, Trump kirjoittaa.<\/p>\n<p>Clooney on pitk\u00e4\u00e4n ollut tunnettu suorapuheisuudestaan Trumpia kohtaan, ja h\u00e4n kommentoi takaisin:<\/p>\n<p>\u201cOlen t\u00e4ysin samaa mielt\u00e4 nykyisen presidentin kanssa. Meid\u00e4n on teht\u00e4v\u00e4 Amerikasta taas mahtava. Aloitamme marraskuussa.\u201d<\/p>\n<p>T\u00e4ll\u00e4 Clooney oletettavasti viittaa demokraattien seuraavaan kampanjaan, jolla pyrit\u00e4\u00e4n saamaan Valkoiseen taloon seuraavaksi j\u00e4lleen demokraatti presidentti.<\/p>\n<p>Aiemmin Clooney on kertonut Varietyn haastattelussa tunteneensa Trumpin aiemmin hyvin.<\/p>\n<p>\u201dTunsin h\u00e4net eritt\u00e4in hyvin\u2026 N\u00e4in h\u00e4nt\u00e4 klubeilla ja ravintoloissa. H\u00e4n on iso h\u00f6ps\u00f6. Tai no, h\u00e4n oli. Se on muuttunut.\u201d<\/p>\n<p>Clooney n\u00e4yttelee p\u00e4\u00e4osaa Netflixiss\u00e4 joulukuussa 2025 julkaistussa, Noah Baumbachin ohjaamassa elokuvassa Jay Kelly.<\/p>\n","protected":false},"excerpt":{"rendered":"Kuva: \u00a9 2025 Netflix, Inc. George Clooney ja Donald Trump olivat joskus hyvi\u00e4kin tuttavia kesken\u00e4\u00e4n. Nyt he nokittelevat&hellip;\n","protected":false},"author":2,"featured_media":131576,"comment_status":"","ping_status":"","sticky":false,"template":"","format":"standard","meta":{"footnotes":""},"categories":[136],"tags":[407,585,137,33,31,30,1783,408,32,109],"class_list":{"0":"post-131575","1":"post","2":"type-post","3":"status-publish","4":"format-standard","5":"has-post-thumbnail","7":"category-julkkikset","8":"tag-celebrities","9":"tag-donald-trump","10":"tag-entertainment","11":"tag-fi","12":"tag-finland","13":"tag-finnish","14":"tag-george-clooney","15":"tag-julkkikset","16":"tag-suomi","17":"tag-viihde"},"share_on_mastodon":{"url":"https:\/\/pubeurope.com\/@fi\/115825709059699933","error":""},"_links":{"self":[{"href":"https:\/\/www.europesays.com\/fi\/wp-json\/wp\/v2\/posts\/131575","targetHints":{"allow":["GET"]}}],"collection":[{"href":"https:\/\/www.europesays.com\/fi\/wp-json\/wp\/v2\/posts"}],"about":[{"href":"https:\/\/www.europesays.com\/fi\/wp-json\/wp\/v2\/types\/post"}],"author":[{"embeddable":true,"href":"https:\/\/www.europesays.com\/fi\/wp-json\/wp\/v2\/users\/2"}],"replies":[{"embeddable":true,"href":"https:\/\/www.europesays.com\/fi\/wp-json\/wp\/v2\/comments?post=131575"}],"version-history":[{"count":0,"href":"https:\/\/www.europesays.com\/fi\/wp-json\/wp\/v2\/posts\/131575\/revisions"}],"wp:featuredmedia":[{"embeddable":true,"href":"https:\/\/www.europesays.com\/fi\/wp-json\/wp\/v2\/media\/131576"}],"wp:attachment":[{"href":"https:\/\/www.europesays.com\/fi\/wp-json\/wp\/v2\/media?parent=131575"}],"wp:term":[{"taxonomy":"category","embeddable":true,"href":"https:\/\/www.europesays.com\/fi\/wp-json\/wp\/v2\/categories?post=131575"},{"taxonomy":"post_tag","embeddable":true,"href":"https:\/\/www.europesays.com\/fi\/wp-json\/wp\/v2\/tags?post=131575"}],"curies":[{"name":"wp","href":"https:\/\/api.w.org\/{rel}","templated":true}]}}