{"id":131577,"date":"2026-01-02T13:25:07","date_gmt":"2026-01-02T13:25:07","guid":{"rendered":"https:\/\/www.europesays.com\/fi\/131577\/"},"modified":"2026-01-02T13:25:07","modified_gmt":"2026-01-02T13:25:07","slug":"oysin-vedessa-havaittiin-legionellaa-tiloissa-on-turvallista-asioida","status":"publish","type":"post","link":"https:\/\/www.europesays.com\/fi\/131577\/","title":{"rendered":"OYSin vedess\u00e4 havaittiin legionellaa \u2013 tiloissa on turvallista asioida"},"content":{"rendered":"<p class=\"article__paragraph\">\n      Oulun yliopistollisen sairaalan K-, N- ja S-osien k\u00e4ytt\u00f6vedess\u00e4 on rutiinitarkastuksessa havaittu raja-arvot ylitt\u00e4vi\u00e4 m\u00e4\u00e4ri\u00e4 legionellabakteeria. Kyseess\u00e4 on vanhan sairaalan puoli.\n    <\/p>\n<p class=\"article__paragraph\">\n      Legionellabakteeri aiheuttaa ensisijaisesti keuhkokuumetta.\n    <\/p>\n<p class=\"article__paragraph\">\n      OYSin infektiol\u00e4\u00e4k\u00e4ri Elina Saarela arvioi, ett\u00e4 legionellabakteeria on esiintynyt vedess\u00e4 pieniss\u00e4 m\u00e4\u00e4rin jo pidemm\u00e4n aikaa.\n    <\/p>\n<p class=\"article__paragraph\">\n      \u2013\u202fRutiiniseulonnasta k\u00e4vi ilmi, ett\u00e4 bakteerin pitoisuus on korkeampi kuin se sairaalaolosuhteissa saa olla.\n    <\/p>\n<p class=\"article__paragraph\">\n      Kun veden k\u00e4ytt\u00f6 sairaalan vanhoissa tiloissa on v\u00e4hentynyt, bakteeripitoisuudet ovat kasvaneet.\n    <\/p>\n<p class=\"article__paragraph\">\n      Saarela kertoo legionellabakteerin viihtyv\u00e4n vesijohtoj\u00e4rjestelmiss\u00e4. T\u00e4m\u00e4n lis\u00e4ksi sit\u00e4 voi esiinty\u00e4 luonnonvesiss\u00e4.\n    <\/p>\n<p class=\"article__paragraph\">\n      \u2013\u202fMeill\u00e4 on k\u00e4yt\u00e4nn\u00f6ss\u00e4 uusi ja vanha sairaala, joten my\u00f6s veden kulutus ja virtaus on muuttunut. T\u00e4m\u00e4n hetkinen ongelma liittyy siihen, ett\u00e4 vanhoissa tiloissa k\u00e4ytet\u00e4\u00e4n v\u00e4hemm\u00e4n vett\u00e4 ja se seisoo vesijohtoj\u00e4rjestelm\u00e4ss\u00e4 kauemmin kuin jos se olisi aktiivisessa k\u00e4yt\u00f6ss\u00e4.\n    <\/p>\n<p class=\"article__paragraph\">\n      Toimenpiteet tilanteen korjaamiseksi ovat vireill\u00e4. Arvio on, ett\u00e4 muutokset toiminnassa kest\u00e4v\u00e4t enint\u00e4\u00e4n muutaman viikon ajan.\n    <\/p>\n<p class=\"article__paragraph\">\n      Pohde on ollut yhteydess\u00e4 asiakkaisiin, joita tilanne koskee.\n    <\/p>\n<p class=\"article__paragraph\">\n      \u2013\u202fSellaisten potilaiden hoito saattaa siirty\u00e4 my\u00f6hemm\u00e4ksi, jotka ovat vasta tulossa sairaalaan.\n    <\/p>\n<p class=\"article__paragraph\">\n      Tiloissa on turvallista asioida ja p\u00e4iv\u00e4aikainen toiminta j\u00e4rjestet\u00e4\u00e4n tiloissa normaalisti. Saarelan mukaan jos on asioinut aiemmin osastolla, ei tarvitse tehd\u00e4 mit\u00e4\u00e4n toimia.\n    <\/p>\n<p class=\"article__note\">\n      Juttua p\u00e4ivitetty kauttaaltaan 2.1. klo 15:08. Lis\u00e4tty OYSin infektiol\u00e4\u00e4k\u00e4ri Elina Saarelan kommentit ja selvennetty sairaalan eri osioita.\n    <\/p>\n","protected":false},"excerpt":{"rendered":"Oulun yliopistollisen sairaalan K-, N- ja S-osien k\u00e4ytt\u00f6vedess\u00e4 on rutiinitarkastuksessa havaittu raja-arvot ylitt\u00e4vi\u00e4 m\u00e4\u00e4ri\u00e4 legionellabakteeria. Kyseess\u00e4 on vanhan&hellip;\n","protected":false},"author":2,"featured_media":131578,"comment_status":"","ping_status":"","sticky":false,"template":"","format":"standard","meta":{"footnotes":""},"categories":[165],"tags":[33,31,30,166,32,167],"class_list":{"0":"post-131577","1":"post","2":"type-post","3":"status-publish","4":"format-standard","5":"has-post-thumbnail","7":"category-terveys","8":"tag-fi","9":"tag-finland","10":"tag-finnish","11":"tag-health","12":"tag-suomi","13":"tag-terveys"},"share_on_mastodon":{"url":"https:\/\/pubeurope.com\/@fi\/115825732728684034","error":""},"_links":{"self":[{"href":"https:\/\/www.europesays.com\/fi\/wp-json\/wp\/v2\/posts\/131577","targetHints":{"allow":["GET"]}}],"collection":[{"href":"https:\/\/www.europesays.com\/fi\/wp-json\/wp\/v2\/posts"}],"about":[{"href":"https:\/\/www.europesays.com\/fi\/wp-json\/wp\/v2\/types\/post"}],"author":[{"embeddable":true,"href":"https:\/\/www.europesays.com\/fi\/wp-json\/wp\/v2\/users\/2"}],"replies":[{"embeddable":true,"href":"https:\/\/www.europesays.com\/fi\/wp-json\/wp\/v2\/comments?post=131577"}],"version-history":[{"count":0,"href":"https:\/\/www.europesays.com\/fi\/wp-json\/wp\/v2\/posts\/131577\/revisions"}],"wp:featuredmedia":[{"embeddable":true,"href":"https:\/\/www.europesays.com\/fi\/wp-json\/wp\/v2\/media\/131578"}],"wp:attachment":[{"href":"https:\/\/www.europesays.com\/fi\/wp-json\/wp\/v2\/media?parent=131577"}],"wp:term":[{"taxonomy":"category","embeddable":true,"href":"https:\/\/www.europesays.com\/fi\/wp-json\/wp\/v2\/categories?post=131577"},{"taxonomy":"post_tag","embeddable":true,"href":"https:\/\/www.europesays.com\/fi\/wp-json\/wp\/v2\/tags?post=131577"}],"curies":[{"name":"wp","href":"https:\/\/api.w.org\/{rel}","templated":true}]}}