{"id":131581,"date":"2026-01-02T13:27:06","date_gmt":"2026-01-02T13:27:06","guid":{"rendered":"https:\/\/www.europesays.com\/fi\/131581\/"},"modified":"2026-01-02T13:27:06","modified_gmt":"2026-01-02T13:27:06","slug":"tama-stranger-thingsin-hahmo-saa-oman-spinoffinsa","status":"publish","type":"post","link":"https:\/\/www.europesays.com\/fi\/131581\/","title":{"rendered":"T\u00e4m\u00e4 Stranger Thingsin hahmo saa oman spinoffinsa"},"content":{"rendered":"<p>Stranger Things -sarja p\u00e4\u00e4ttyi eilen. Sarja saa toki viel\u00e4 spinoffeja, kuten tuleva Stranger Things: Tales from \u201985 -animaatiosarja, joka sijoittuu 2. ja 3. kausien v\u00e4liseen ajanjaksoon.<\/p>\n<p>Netflix on vahvistanut my\u00f6s er\u00e4\u00e4n p\u00e4\u00e4hahmon oman spinoffin. Se ei tosin ole sarja tai elokuva.<\/p>\n<p>Lue my\u00f6s: <a href=\"https:\/\/www.episodi.fi\/uutiset\/netflix-kaatui-syyna-supersuosittu-sarja\/\" title=\"Netflix kaatui! \u2013 Syyn\u00e4 supersuosittu sarja\" class=\"underline-custom !font-montserrat !font-bold !underline-offset-4 !decoration-4 !decoration-episodi-blue !text-md\" rel=\"nofollow noopener\" target=\"_blank\">Netflix kaatui! \u2013 Syyn\u00e4 supersuosittu sarja<\/a><\/p>\n<p>Lue my\u00f6s: <a href=\"https:\/\/www.episodi.fi\/uutiset\/nyt-se-paattyy-stranger-thingsin-elokuvamittainen-finaalijakso-parayttaa-vuoden-2026-kayntiin\/\" title=\"Nyt se p\u00e4\u00e4ttyy: Stranger Thingsin elokuvamittainen finaalijakso p\u00e4r\u00e4ytt\u00e4\u00e4 vuoden 2026 k\u00e4yntiin\" class=\"underline-custom !font-montserrat !font-bold !underline-offset-4 !decoration-4 !decoration-episodi-blue !text-md\" rel=\"nofollow noopener\" target=\"_blank\">Nyt se p\u00e4\u00e4ttyy: Stranger Thingsin elokuvamittainen finaalijakso p\u00e4r\u00e4ytt\u00e4\u00e4 vuoden 2026 k\u00e4yntiin<\/a><\/p>\n<p>Kyse on <strong>Natalia Dyerin<\/strong> esitt\u00e4m\u00e4st\u00e4 Nancy Wheelerist\u00e4. Hahmo saa oman One Way or Another \u2013nimisen kirjan, jonka tarina sijoittuu 4. ja 5. kauden v\u00e4liseen aikaan.<\/p>\n<p>Kirjan tarinassa seurataan Nancyn ja Robinin sivuseikkailua. He selvitt\u00e4v\u00e4t mystist\u00e4 tapahtumaketjua, joka liittyy heid\u00e4n koulukaveriinsa. Tietenkin Vecnalla on jollain lailla n\u00e4ppins\u00e4 peliss\u00e4.<\/p>\n<p>Yhdysvalloissa py\u00f6rii parhaillaan my\u00f6s Stranger Things: The First Shadow -n\u00e4ytelm\u00e4, joka toimii esiosana sarjalle.<\/p>\n<p>L\u00e4hde: <a href=\"https:\/\/screenrant.com\/stranger-things-one-way-or-another-nancy-wheeler-book\/\" target=\"_blank\" rel=\"noreferrer noopener nofollow\">Screen Rant<\/a><\/p>\n<p>Lue my\u00f6s: <a href=\"https:\/\/www.episodi.fi\/uutiskirje\/?uutiskirjemainos=tekstilinkkimainos\" title=\"Tilaa Episodin uutiskirje ja voit voittaa leffalippuja! Nappaa tv-vinkit suoraan s\u00e4hk\u00f6postiin t\u00e4st\u00e4.\" class=\"underline-custom !font-montserrat !font-bold !underline-offset-4 !decoration-4 !decoration-episodi-blue !text-md\" rel=\"nofollow noopener\" target=\"_blank\">Tilaa Episodin uutiskirje ja voit voittaa leffalippuja! Nappaa katseluvinkit suoraan s\u00e4hk\u00f6postiin t\u00e4st\u00e4.<\/a><\/p>\n","protected":false},"excerpt":{"rendered":"Stranger Things -sarja p\u00e4\u00e4ttyi eilen. Sarja saa toki viel\u00e4 spinoffeja, kuten tuleva Stranger Things: Tales from \u201985 -animaatiosarja,&hellip;\n","protected":false},"author":2,"featured_media":131582,"comment_status":"","ping_status":"","sticky":false,"template":"","format":"standard","meta":{"footnotes":""},"categories":[130],"tags":[137,33,31,30,217,23271,13249,32,109],"class_list":{"0":"post-131581","1":"post","2":"type-post","3":"status-publish","4":"format-standard","5":"has-post-thumbnail","7":"category-viihde","8":"tag-entertainment","9":"tag-fi","10":"tag-finland","11":"tag-finnish","12":"tag-netflix","13":"tag-spinoff","14":"tag-stranger-things","15":"tag-suomi","16":"tag-viihde"},"share_on_mastodon":{"url":"https:\/\/pubeurope.com\/@fi\/115825740518950966","error":""},"_links":{"self":[{"href":"https:\/\/www.europesays.com\/fi\/wp-json\/wp\/v2\/posts\/131581","targetHints":{"allow":["GET"]}}],"collection":[{"href":"https:\/\/www.europesays.com\/fi\/wp-json\/wp\/v2\/posts"}],"about":[{"href":"https:\/\/www.europesays.com\/fi\/wp-json\/wp\/v2\/types\/post"}],"author":[{"embeddable":true,"href":"https:\/\/www.europesays.com\/fi\/wp-json\/wp\/v2\/users\/2"}],"replies":[{"embeddable":true,"href":"https:\/\/www.europesays.com\/fi\/wp-json\/wp\/v2\/comments?post=131581"}],"version-history":[{"count":0,"href":"https:\/\/www.europesays.com\/fi\/wp-json\/wp\/v2\/posts\/131581\/revisions"}],"wp:featuredmedia":[{"embeddable":true,"href":"https:\/\/www.europesays.com\/fi\/wp-json\/wp\/v2\/media\/131582"}],"wp:attachment":[{"href":"https:\/\/www.europesays.com\/fi\/wp-json\/wp\/v2\/media?parent=131581"}],"wp:term":[{"taxonomy":"category","embeddable":true,"href":"https:\/\/www.europesays.com\/fi\/wp-json\/wp\/v2\/categories?post=131581"},{"taxonomy":"post_tag","embeddable":true,"href":"https:\/\/www.europesays.com\/fi\/wp-json\/wp\/v2\/tags?post=131581"}],"curies":[{"name":"wp","href":"https:\/\/api.w.org\/{rel}","templated":true}]}}